{"id":132104,"date":"1996-01-01T00:00:00","date_gmt":"1996-01-01T00:00:00","guid":{"rendered":"https:\/\/www.deberes.net\/tesis\/sin-categoria\/la-evaluacion-en-el-aula-propuesta-de-un-modelo-critico\/"},"modified":"1996-01-01T00:00:00","modified_gmt":"1996-01-01T00:00:00","slug":"la-evaluacion-en-el-aula-propuesta-de-un-modelo-critico","status":"publish","type":"post","link":"https:\/\/www.deberes.net\/tesis\/pedagogia\/la-evaluacion-en-el-aula-propuesta-de-un-modelo-critico\/","title":{"rendered":"La evaluacion en el aula: propuesta de un modelo critico."},"content":{"rendered":"<h2>Tesis doctoral de <strong>  Lozano Izquierdo Jos\u00e9 Miguel <\/strong><\/h2>\n<p>Nacida en la practica educativa del aula a traves de la innovacion, desarrolla una respuesta reflexiva en accion a retos planteados a la evaluacion de alumnos. Un analisis de las normas educativas y sus defitis explican la actitud basica de esta investigacion-accion como busqueda de soluciones a las dificultades planteadas en el aula. Desde la fundamentacion teorico-practica de un mismo lenguaje evaluativo para cualquier variable educativa, ya sea sintomatica o de proceso, se plantea como hipotesis un modelo de evaluacion en el aula. Una determinada organizacion de la informacion evaluativa, basada en la observacion, abre la posibilidad de analizar las evoluciones y trayectorias de los alumnos de una forma objetivada con un lenguaje tambien comun para todas las variables educativas. El concepto de evolucion que se desarrolla dinamiza un punto de vista metaevaluativo, el cual enfoca el proceso educativo orientado al mismo tiempo el aprendizaje (desenvolvimiento del alumno), y la ense\u00f1anza (desarrollo de la didactica y de la tutoria).  la fundamentacion teorica de dicho lenguaje evaluativo en aportaciones de m. Wertheimer y en la logica y algebra borrosa (fuzzy), abre expectativas sobre su posible aplicacion en otros contextos cuyas realidades presenten a la evaluacion grados de imprecision similares al educativo.<\/p>\n<p>&nbsp;<\/p>\n<h3>Datos acad\u00e9micos de la tesis doctoral \u00ab<strong>La evaluacion en el aula: propuesta de un modelo critico.<\/strong>\u00ab<\/h3>\n<ul>\n<li><strong>T\u00edtulo de la tesis:<\/strong>\u00a0 La evaluacion en el aula: propuesta de un modelo critico. <\/li>\n<li><strong>Autor:<\/strong>\u00a0  Lozano Izquierdo Jos\u00e9 Miguel <\/li>\n<li><strong>Universidad:<\/strong>\u00a0 Deusto<\/li>\n<li><strong>Fecha de lectura de la tesis:<\/strong>\u00a0 01\/01\/1996<\/li>\n<\/ul>\n<p>&nbsp;<\/p>\n<h3>Direcci\u00f3n y tribunal<\/h3>\n<ul>\n<li><strong>Director de la tesis<\/strong>\n<ul>\n<li>Luis Pantoja Vargas<\/li>\n<\/ul>\n<\/li>\n<li><strong>Tribunal<\/strong>\n<ul>\n<li>Presidente del tribunal: Carmen Garc\u00eda Pastor <\/li>\n<li>Jos\u00e9 Ram\u00f3n Orcasitas Garc\u00eda (vocal)<\/li>\n<li>Pedro Ayerbe Echeverria (vocal)<\/li>\n<li> Artamendi Muguerza Jos\u00e9 Antonio (vocal)<\/li>\n<\/ul>\n<\/li>\n<\/ul>\n<p>&nbsp;<\/p>\n","protected":false},"excerpt":{"rendered":"<p>Tesis doctoral de Lozano Izquierdo Jos\u00e9 Miguel Nacida en la practica educativa del aula a traves de la innovacion, desarrolla [&hellip;]<\/p>\n","protected":false},"author":1,"featured_media":0,"comment_status":"open","ping_status":"open","sticky":false,"template":"","format":"standard","meta":{"site-sidebar-layout":"default","site-content-layout":"","ast-site-content-layout":"","site-content-style":"default","site-sidebar-style":"default","ast-global-header-display":"","ast-banner-title-visibility":"","ast-main-header-display":"","ast-hfb-above-header-display":"","ast-hfb-below-header-display":"","ast-hfb-mobile-header-display":"","site-post-title":"","ast-breadcrumbs-content":"","ast-featured-img":"","footer-sml-layout":"","theme-transparent-header-meta":"","adv-header-id-meta":"","stick-header-meta":"","header-above-stick-meta":"","header-main-stick-meta":"","header-below-stick-meta":"","astra-migrate-meta-layouts":"default","ast-page-background-enabled":"default","ast-page-background-meta":{"desktop":{"background-color":"var(--ast-global-color-4)","background-image":"","background-repeat":"repeat","background-position":"center center","background-size":"auto","background-attachment":"scroll","background-type":"","background-media":"","overlay-type":"","overlay-color":"","overlay-gradient":""},"tablet":{"background-color":"","background-image":"","background-repeat":"repeat","background-position":"center center","background-size":"auto","background-attachment":"scroll","background-type":"","background-media":"","overlay-type":"","overlay-color":"","overlay-gradient":""},"mobile":{"background-color":"","background-image":"","background-repeat":"repeat","background-position":"center center","background-size":"auto","background-attachment":"scroll","background-type":"","background-media":"","overlay-type":"","overlay-color":"","overlay-gradient":""}},"ast-content-background-meta":{"desktop":{"background-color":"var(--ast-global-color-5)","background-image":"","background-repeat":"repeat","background-position":"center center","background-size":"auto","background-attachment":"scroll","background-type":"","background-media":"","overlay-type":"","overlay-color":"","overlay-gradient":""},"tablet":{"background-color":"var(--ast-global-color-5)","background-image":"","background-repeat":"repeat","background-position":"center center","background-size":"auto","background-attachment":"scroll","background-type":"","background-media":"","overlay-type":"","overlay-color":"","overlay-gradient":""},"mobile":{"background-color":"var(--ast-global-color-5)","background-image":"","background-repeat":"repeat","background-position":"center center","background-size":"auto","background-attachment":"scroll","background-type":"","background-media":"","overlay-type":"","overlay-color":"","overlay-gradient":""}},"footnotes":""},"categories":[31910,6020,1141,1341],"tags":[48282,49125,12962,245927,13162,42779],"class_list":["post-132104","post","type-post","status-publish","format-standard","hentry","category-deusto","category-evaluacion-de-alumnos","category-pedagogia","category-teoria-y-metodos-educativos","tag-artamendi-muguerza-jose-antonio","tag-carmen-garcia-pastor","tag-jose-ramon-orcasitas-garcia","tag-lozano-izquierdo-jose-miguel","tag-luis-pantoja-vargas","tag-pedro-ayerbe-echeverria"],"_links":{"self":[{"href":"https:\/\/www.deberes.net\/tesis\/wp-json\/wp\/v2\/posts\/132104","targetHints":{"allow":["GET"]}}],"collection":[{"href":"https:\/\/www.deberes.net\/tesis\/wp-json\/wp\/v2\/posts"}],"about":[{"href":"https:\/\/www.deberes.net\/tesis\/wp-json\/wp\/v2\/types\/post"}],"author":[{"embeddable":true,"href":"https:\/\/www.deberes.net\/tesis\/wp-json\/wp\/v2\/users\/1"}],"replies":[{"embeddable":true,"href":"https:\/\/www.deberes.net\/tesis\/wp-json\/wp\/v2\/comments?post=132104"}],"version-history":[{"count":0,"href":"https:\/\/www.deberes.net\/tesis\/wp-json\/wp\/v2\/posts\/132104\/revisions"}],"wp:attachment":[{"href":"https:\/\/www.deberes.net\/tesis\/wp-json\/wp\/v2\/media?parent=132104"}],"wp:term":[{"taxonomy":"category","embeddable":true,"href":"https:\/\/www.deberes.net\/tesis\/wp-json\/wp\/v2\/categories?post=132104"},{"taxonomy":"post_tag","embeddable":true,"href":"https:\/\/www.deberes.net\/tesis\/wp-json\/wp\/v2\/tags?post=132104"}],"curies":[{"name":"wp","href":"https:\/\/api.w.org\/{rel}","templated":true}]}}