{"id":13215,"date":"2001-09-10T00:00:00","date_gmt":"2001-09-10T00:00:00","guid":{"rendered":"https:\/\/www.deberes.net\/tesis\/sin-categoria\/la-calidad-de-vida-como-objetivo-nuevo-modelo-de-asistencia-a-los-enfermos-reumaticos-cronicos\/"},"modified":"2001-09-10T00:00:00","modified_gmt":"2001-09-10T00:00:00","slug":"la-calidad-de-vida-como-objetivo-nuevo-modelo-de-asistencia-a-los-enfermos-reumaticos-cronicos","status":"publish","type":"post","link":"https:\/\/www.deberes.net\/tesis\/sociologia\/la-calidad-de-vida-como-objetivo-nuevo-modelo-de-asistencia-a-los-enfermos-reumaticos-cronicos\/","title":{"rendered":"La calidad de vida como objetivo: nuevo modelo de asistencia a los enfermos reumaticos cr\u00f3nicos"},"content":{"rendered":"<h2>Tesis doctoral de <strong> Montserrat Nu\u00f1ez Juarez <\/strong><\/h2>\n<p>Justificaci\u00f3n  las enfermedades del aparato locomotor son de las m\u00e1s prevalentes en nuestra sociedad, evolucionan generalmente de forma cr\u00f3nica siendo la 1\u00c2\u00ba \u00f3 2\u00c2\u00ba cuasa entre los procesos cr\u00f3nicos que precisan asistencia sanitaria. los pacientes que presentan este tipo de procesos se enfrentan en todos los estadios de su enfermedad con dificultades para realizar las actividades de su vida cotidiana.  hip\u00f3tesis  un nuevo modelo de asistencia basado en programas de educaci\u00f3n y readaptaci\u00f3n funcional (erf) mejora la calidad de vida de los enfermos reum\u00e1ticos cr\u00f3nicos y disminuye los costes derivados de la enfermedad.  proyectos que constituyen la tesis  proyecto a: un nuevo tipo de organizaci\u00f3n. Experiencia en el hospital cl\u00ednic. universitari de barcelona.  objetivos  determinar los cambios que permitieron un nuevo tipo de organizaci\u00f3n en un hospital de tercer nivel.  m\u00e9todos  fuentes documentales y 3 entrevistas en profundidad.  resultados principales  estudio positivo de viabilidad econ\u00f3mica, convocatoria de una plaza de erf y bajo coste.  proyecto b: erf para pacientes con enfermedades musculoesquel\u00e9ticas cr\u00f3nicas  objetivos  evaluar la mejora de la calidad de vida, definida como el aumento de la capacidad funcional, disminuci\u00f3n del dolor e incremento de la autonom\u00eda, tras la aplicaci\u00f3n de erf.  pacientes  100 pacientes (90 m\/10 h), edad media de 57 a\u00f1os (rango 22-79).  m\u00e9todos  estudio prospectivo de intervenci\u00f3n con 4 a\u00f1os de seguimiento.  variables determinadas  sociodemogr\u00e1ficas, capacidad funcional, dolor, autonom\u00eda y costes. Programa de educaci\u00f3n terap\u00e9utica basado en pedagog\u00eda activa y resoluci\u00f3n de problemas.  resultados principales  la \u00edncapacidad funcional y el dolor disminuy\u00f3 (p&lt;0,001 y p&lt;0,001, respectivamente) el 80% de los enfermos alcanz\u00f3 la autonom\u00eda determinada reduci\u00e9ndose los costes directos.  proyecto c: calidad de vida relacionada con la salud<\/p>\n<p>&nbsp;<\/p>\n<h3>Datos acad\u00e9micos de la tesis doctoral \u00ab<strong>La calidad de vida como objetivo: nuevo modelo de asistencia a los enfermos reumaticos cr\u00f3nicos<\/strong>\u00ab<\/h3>\n<ul>\n<li><strong>T\u00edtulo de la tesis:<\/strong>\u00a0 La calidad de vida como objetivo: nuevo modelo de asistencia a los enfermos reumaticos cr\u00f3nicos <\/li>\n<li><strong>Autor:<\/strong>\u00a0 Montserrat Nu\u00f1ez Juarez <\/li>\n<li><strong>Universidad:<\/strong>\u00a0 Barcelona<\/li>\n<li><strong>Fecha de lectura de la tesis:<\/strong>\u00a0 09\/10\/2001<\/li>\n<\/ul>\n<p>&nbsp;<\/p>\n<h3>Direcci\u00f3n y tribunal<\/h3>\n<ul>\n<li><strong>Director de la tesis<\/strong>\n<ul>\n<li>Alberto Oriol Bosch<\/li>\n<\/ul>\n<\/li>\n<li><strong>Tribunal<\/strong>\n<ul>\n<li>Presidente del tribunal: lLuis Salleras sanmarti <\/li>\n<li>celestino Rey-joly barroso (vocal)<\/li>\n<li>Mar\u00eda  teresa Algado ferrer (vocal)<\/li>\n<li>josep Roma mill\u00e1n (vocal)<\/li>\n<\/ul>\n<\/li>\n<\/ul>\n<p>&nbsp;<\/p>\n","protected":false},"excerpt":{"rendered":"<p>Tesis doctoral de Montserrat Nu\u00f1ez Juarez Justificaci\u00f3n las enfermedades del aparato locomotor son de las m\u00e1s prevalentes en nuestra sociedad, [&hellip;]<\/p>\n","protected":false},"author":1,"featured_media":0,"comment_status":"open","ping_status":"open","sticky":false,"template":"","format":"standard","meta":{"site-sidebar-layout":"default","site-content-layout":"","ast-site-content-layout":"","site-content-style":"default","site-sidebar-style":"default","ast-global-header-display":"","ast-banner-title-visibility":"","ast-main-header-display":"","ast-hfb-above-header-display":"","ast-hfb-below-header-display":"","ast-hfb-mobile-header-display":"","site-post-title":"","ast-breadcrumbs-content":"","ast-featured-img":"","footer-sml-layout":"","theme-transparent-header-meta":"","adv-header-id-meta":"","stick-header-meta":"","header-above-stick-meta":"","header-main-stick-meta":"","header-below-stick-meta":"","astra-migrate-meta-layouts":"default","ast-page-background-enabled":"default","ast-page-background-meta":{"desktop":{"background-color":"var(--ast-global-color-4)","background-image":"","background-repeat":"repeat","background-position":"center center","background-size":"auto","background-attachment":"scroll","background-type":"","background-media":"","overlay-type":"","overlay-color":"","overlay-gradient":""},"tablet":{"background-color":"","background-image":"","background-repeat":"repeat","background-position":"center center","background-size":"auto","background-attachment":"scroll","background-type":"","background-media":"","overlay-type":"","overlay-color":"","overlay-gradient":""},"mobile":{"background-color":"","background-image":"","background-repeat":"repeat","background-position":"center center","background-size":"auto","background-attachment":"scroll","background-type":"","background-media":"","overlay-type":"","overlay-color":"","overlay-gradient":""}},"ast-content-background-meta":{"desktop":{"background-color":"var(--ast-global-color-5)","background-image":"","background-repeat":"repeat","background-position":"center center","background-size":"auto","background-attachment":"scroll","background-type":"","background-media":"","overlay-type":"","overlay-color":"","overlay-gradient":""},"tablet":{"background-color":"var(--ast-global-color-5)","background-image":"","background-repeat":"repeat","background-position":"center center","background-size":"auto","background-attachment":"scroll","background-type":"","background-media":"","overlay-type":"","overlay-color":"","overlay-gradient":""},"mobile":{"background-color":"var(--ast-global-color-5)","background-image":"","background-repeat":"repeat","background-position":"center center","background-size":"auto","background-attachment":"scroll","background-type":"","background-media":"","overlay-type":"","overlay-color":"","overlay-gradient":""}},"footnotes":""},"categories":[41497,4264,951,19815,1295,324,269],"tags":[821,1492,42990,1088,4698,42989],"class_list":["post-13215","post","type-post","status-publish","format-standard","hentry","category-afrontamiento-de-la-enfermedad","category-asesoramiento-y-orientacion-psicologicas","category-barcelona","category-calidad-de-vida","category-problemas-y-conflictos-sociales","category-psicologia","category-sociologia","tag-alberto-oriol-bosch","tag-celestino-rey-joly-barroso","tag-josep-roma-millan","tag-lluis-salleras-sanmarti","tag-maria-teresa-algado-ferrer","tag-montserrat-nunez-juarez"],"_links":{"self":[{"href":"https:\/\/www.deberes.net\/tesis\/wp-json\/wp\/v2\/posts\/13215","targetHints":{"allow":["GET"]}}],"collection":[{"href":"https:\/\/www.deberes.net\/tesis\/wp-json\/wp\/v2\/posts"}],"about":[{"href":"https:\/\/www.deberes.net\/tesis\/wp-json\/wp\/v2\/types\/post"}],"author":[{"embeddable":true,"href":"https:\/\/www.deberes.net\/tesis\/wp-json\/wp\/v2\/users\/1"}],"replies":[{"embeddable":true,"href":"https:\/\/www.deberes.net\/tesis\/wp-json\/wp\/v2\/comments?post=13215"}],"version-history":[{"count":0,"href":"https:\/\/www.deberes.net\/tesis\/wp-json\/wp\/v2\/posts\/13215\/revisions"}],"wp:attachment":[{"href":"https:\/\/www.deberes.net\/tesis\/wp-json\/wp\/v2\/media?parent=13215"}],"wp:term":[{"taxonomy":"category","embeddable":true,"href":"https:\/\/www.deberes.net\/tesis\/wp-json\/wp\/v2\/categories?post=13215"},{"taxonomy":"post_tag","embeddable":true,"href":"https:\/\/www.deberes.net\/tesis\/wp-json\/wp\/v2\/tags?post=13215"}],"curies":[{"name":"wp","href":"https:\/\/api.w.org\/{rel}","templated":true}]}}