{"id":132234,"date":"1996-01-01T00:00:00","date_gmt":"1996-01-01T00:00:00","guid":{"rendered":"https:\/\/www.deberes.net\/tesis\/sin-categoria\/rediseno-general-del-sistema-de-pensiones-espanol\/"},"modified":"1996-01-01T00:00:00","modified_gmt":"1996-01-01T00:00:00","slug":"rediseno-general-del-sistema-de-pensiones-espanol","status":"publish","type":"post","link":"https:\/\/www.deberes.net\/tesis\/ciencias-economicas\/rediseno-general-del-sistema-de-pensiones-espanol\/","title":{"rendered":"Redise\u00f1o general del sistema de pensiones espa\u00f1ol."},"content":{"rendered":"<h2>Tesis doctoral de <strong> Ricardo Mateo Due\u00f1as <\/strong><\/h2>\n<p>El objetivo de la presente tesis es dise\u00f1ar una tercera via en la solucion de los problemas relacionados con el sistema de pensiones vigente en espa\u00f1a. Se trata de encontrar una solucion factible desde un punto de vista politico, economico y social que permita mejorar los incentivos de las personas que participan y la solvencia del propio sistema de pensiones, evitando el clasico conflicto intergene racional que se provoca en la transicion de un sistema de reparto publico a un sistema de capitalizacion privado. La tercera via que se propone es mantener el sistema de reparto, incorporando la simulacion de un sistema de capitalizacion individual para la determinacion de las prestaciones de jubilacion de los individuos, e incorporando un sistema de seguro a prima anual para las prestaciones de invalidez y fallecimiento. Ademas, se dota al sistema de solvencia economica y se incluye la participacion de la iniciativa privada, a traves de la constitucion de reservas financieras reales que garantizan las prestaciones adquiridas. En concreto, se busca dise\u00f1ar mecanismos que permitan mantener la provision publica de fondos e incorporar a los individuos y al mercado en la produccion de servicios de pensiones.<\/p>\n<p>&nbsp;<\/p>\n<h3>Datos acad\u00e9micos de la tesis doctoral \u00ab<strong>Redise\u00f1o general del sistema de pensiones espa\u00f1ol.<\/strong>\u00ab<\/h3>\n<ul>\n<li><strong>T\u00edtulo de la tesis:<\/strong>\u00a0 Redise\u00f1o general del sistema de pensiones espa\u00f1ol. <\/li>\n<li><strong>Autor:<\/strong>\u00a0 Ricardo Mateo Due\u00f1as <\/li>\n<li><strong>Universidad:<\/strong>\u00a0 Navarra<\/li>\n<li><strong>Fecha de lectura de la tesis:<\/strong>\u00a0 01\/01\/1996<\/li>\n<\/ul>\n<p>&nbsp;<\/p>\n<h3>Direcci\u00f3n y tribunal<\/h3>\n<ul>\n<li><strong>Director de la tesis<\/strong>\n<ul>\n<li>Jose Barea Tejeiro<\/li>\n<\/ul>\n<\/li>\n<li><strong>Tribunal<\/strong>\n<ul>\n<li>Presidente del tribunal: Francisco Prieto Perez <\/li>\n<li>Maximino Carpio Garcia (vocal)<\/li>\n<li>Jos\u00e9 Antonio Garc\u00eda Dur\u00e1n De Lara (vocal)<\/li>\n<li>Manuel Ferrer Regales (vocal)<\/li>\n<\/ul>\n<\/li>\n<\/ul>\n<p>&nbsp;<\/p>\n","protected":false},"excerpt":{"rendered":"<p>Tesis doctoral de Ricardo Mateo Due\u00f1as El objetivo de la presente tesis es dise\u00f1ar una tercera via en la solucion [&hellip;]<\/p>\n","protected":false},"author":1,"featured_media":0,"comment_status":"open","ping_status":"open","sticky":false,"template":"","format":"standard","meta":{"site-sidebar-layout":"default","site-content-layout":"","ast-site-content-layout":"","site-content-style":"default","site-sidebar-style":"default","ast-global-header-display":"","ast-banner-title-visibility":"","ast-main-header-display":"","ast-hfb-above-header-display":"","ast-hfb-below-header-display":"","ast-hfb-mobile-header-display":"","site-post-title":"","ast-breadcrumbs-content":"","ast-featured-img":"","footer-sml-layout":"","theme-transparent-header-meta":"","adv-header-id-meta":"","stick-header-meta":"","header-above-stick-meta":"","header-main-stick-meta":"","header-below-stick-meta":"","astra-migrate-meta-layouts":"default","ast-page-background-enabled":"default","ast-page-background-meta":{"desktop":{"background-color":"var(--ast-global-color-4)","background-image":"","background-repeat":"repeat","background-position":"center center","background-size":"auto","background-attachment":"scroll","background-type":"","background-media":"","overlay-type":"","overlay-color":"","overlay-gradient":""},"tablet":{"background-color":"","background-image":"","background-repeat":"repeat","background-position":"center center","background-size":"auto","background-attachment":"scroll","background-type":"","background-media":"","overlay-type":"","overlay-color":"","overlay-gradient":""},"mobile":{"background-color":"","background-image":"","background-repeat":"repeat","background-position":"center center","background-size":"auto","background-attachment":"scroll","background-type":"","background-media":"","overlay-type":"","overlay-color":"","overlay-gradient":""}},"ast-content-background-meta":{"desktop":{"background-color":"var(--ast-global-color-5)","background-image":"","background-repeat":"repeat","background-position":"center center","background-size":"auto","background-attachment":"scroll","background-type":"","background-media":"","overlay-type":"","overlay-color":"","overlay-gradient":""},"tablet":{"background-color":"var(--ast-global-color-5)","background-image":"","background-repeat":"repeat","background-position":"center center","background-size":"auto","background-attachment":"scroll","background-type":"","background-media":"","overlay-type":"","overlay-color":"","overlay-gradient":""},"mobile":{"background-color":"var(--ast-global-color-5)","background-image":"","background-repeat":"repeat","background-position":"center center","background-size":"auto","background-attachment":"scroll","background-type":"","background-media":"","overlay-type":"","overlay-color":"","overlay-gradient":""}},"footnotes":""},"categories":[82,963,17749,27519,1443,737],"tags":[15057,12680,15274,17829,17985,246076],"class_list":["post-132234","post","type-post","status-publish","format-standard","hentry","category-ciencias-economicas","category-economia-sectorial","category-navarra","category-sector-de-servicios-individuales-y-sociales","category-teoria-del-bienestar","category-teoria-economica","tag-francisco-prieto-perez","tag-jose-antonio-garcia-duran-de-lara","tag-jose-barea-tejeiro","tag-manuel-ferrer-regales","tag-maximino-carpio-garcia","tag-ricardo-mateo-duenas"],"_links":{"self":[{"href":"https:\/\/www.deberes.net\/tesis\/wp-json\/wp\/v2\/posts\/132234","targetHints":{"allow":["GET"]}}],"collection":[{"href":"https:\/\/www.deberes.net\/tesis\/wp-json\/wp\/v2\/posts"}],"about":[{"href":"https:\/\/www.deberes.net\/tesis\/wp-json\/wp\/v2\/types\/post"}],"author":[{"embeddable":true,"href":"https:\/\/www.deberes.net\/tesis\/wp-json\/wp\/v2\/users\/1"}],"replies":[{"embeddable":true,"href":"https:\/\/www.deberes.net\/tesis\/wp-json\/wp\/v2\/comments?post=132234"}],"version-history":[{"count":0,"href":"https:\/\/www.deberes.net\/tesis\/wp-json\/wp\/v2\/posts\/132234\/revisions"}],"wp:attachment":[{"href":"https:\/\/www.deberes.net\/tesis\/wp-json\/wp\/v2\/media?parent=132234"}],"wp:term":[{"taxonomy":"category","embeddable":true,"href":"https:\/\/www.deberes.net\/tesis\/wp-json\/wp\/v2\/categories?post=132234"},{"taxonomy":"post_tag","embeddable":true,"href":"https:\/\/www.deberes.net\/tesis\/wp-json\/wp\/v2\/tags?post=132234"}],"curies":[{"name":"wp","href":"https:\/\/api.w.org\/{rel}","templated":true}]}}