{"id":132245,"date":"1996-01-01T00:00:00","date_gmt":"1996-01-01T00:00:00","guid":{"rendered":"https:\/\/www.deberes.net\/tesis\/sin-categoria\/angelologia-franciscana-en-mexico-1523-1586\/"},"modified":"1996-01-01T00:00:00","modified_gmt":"1996-01-01T00:00:00","slug":"angelologia-franciscana-en-mexico-1523-1586","status":"publish","type":"post","link":"https:\/\/www.deberes.net\/tesis\/historia\/angelologia-franciscana-en-mexico-1523-1586\/","title":{"rendered":"Angelolog\u00eda franciscana en mexico (1523-1586)."},"content":{"rendered":"<h2>Tesis doctoral de <strong>  Morej\u00f3n Ramos Jos\u00e9 Alipio <\/strong><\/h2>\n<p>Esta tesis estudia el contenido de la doctrina sobre los angeles, vivida y ense\u00f1ada por los franciscanos en mexico durante los primeros a\u00f1os de la evangelizacion americana -de 1523 a 1586, en torno a las ciudades de mexico y puebla de los angeles-. Se muestra, sistematicamente, las diversas ense\u00f1anzas franciscanas angelologicas, con la peculiaridad de que se apoya, tanto en las fuentes escritas, como en las iconograficas.  consta de dos partes, en la primera se analizan las distintas fuentes donde se encuentra esta doctrina. En el primer capitulo se estudian las obras -incluidos los grabados-, agrupandolas en tres grupos: los catecismos y doctrinas; los libros religiosos de caracter mas amplio; y las cronicas de la evangelizacion franciscana. En el segundo capitulo se examinan las fuentes artisticas -pintura y escultura-, analizando los conjuntos conventuales franciscanos en donde se encuentra la iconografia angelica.  en la segunda parte de la tesis, que va de los capitulos tercero al sexto, se muestra sistematicamente el contenido de la angelolog\u00eda franciscana. En el capitulo tercero se estudia la creacion y naturaleza de los angeles; en el cuarto su adoracion y servicio a dios, especialmente a jesucristo; en el quinto su relacion con los hombres; y en el ultimo las ense\u00f1anzas sobre los demonios.  finalmente se ofrecen las principales conclusiones y una completa bibliografia.<\/p>\n<p>&nbsp;<\/p>\n<h3>Datos acad\u00e9micos de la tesis doctoral \u00ab<strong>Angelolog\u00eda franciscana en mexico (1523-1586).<\/strong>\u00ab<\/h3>\n<ul>\n<li><strong>T\u00edtulo de la tesis:<\/strong>\u00a0 Angelolog\u00eda franciscana en mexico (1523-1586). <\/li>\n<li><strong>Autor:<\/strong>\u00a0  Morej\u00f3n Ramos Jos\u00e9 Alipio <\/li>\n<li><strong>Universidad:<\/strong>\u00a0 Navarra<\/li>\n<li><strong>Fecha de lectura de la tesis:<\/strong>\u00a0 01\/01\/1996<\/li>\n<\/ul>\n<p>&nbsp;<\/p>\n<h3>Direcci\u00f3n y tribunal<\/h3>\n<ul>\n<li><strong>Director de la tesis<\/strong>\n<ul>\n<li>Josep Ignasi Saranyana Closa<\/li>\n<\/ul>\n<\/li>\n<li><strong>Tribunal<\/strong>\n<ul>\n<li>Presidente del tribunal: Josep Ignasi Saranyana Closa <\/li>\n<li>Vicente Balaguer Beltran (vocal)<\/li>\n<li>Elisa Luque Alcaide (vocal)<\/li>\n<li>Carmen Jos\u00e9 Alejos Grau (vocal)<\/li>\n<\/ul>\n<\/li>\n<\/ul>\n<p>&nbsp;<\/p>\n","protected":false},"excerpt":{"rendered":"<p>Tesis doctoral de Morej\u00f3n Ramos Jos\u00e9 Alipio Esta tesis estudia el contenido de la doctrina sobre los angeles, vivida y [&hellip;]<\/p>\n","protected":false},"author":1,"featured_media":0,"comment_status":"open","ping_status":"open","sticky":false,"template":"","format":"standard","meta":{"site-sidebar-layout":"default","site-content-layout":"","ast-site-content-layout":"","site-content-style":"default","site-sidebar-style":"default","ast-global-header-display":"","ast-banner-title-visibility":"","ast-main-header-display":"","ast-hfb-above-header-display":"","ast-hfb-below-header-display":"","ast-hfb-mobile-header-display":"","site-post-title":"","ast-breadcrumbs-content":"","ast-featured-img":"","footer-sml-layout":"","theme-transparent-header-meta":"","adv-header-id-meta":"","stick-header-meta":"","header-above-stick-meta":"","header-main-stick-meta":"","header-below-stick-meta":"","astra-migrate-meta-layouts":"default","ast-page-background-enabled":"default","ast-page-background-meta":{"desktop":{"background-color":"var(--ast-global-color-4)","background-image":"","background-repeat":"repeat","background-position":"center center","background-size":"auto","background-attachment":"scroll","background-type":"","background-media":"","overlay-type":"","overlay-color":"","overlay-gradient":""},"tablet":{"background-color":"","background-image":"","background-repeat":"repeat","background-position":"center center","background-size":"auto","background-attachment":"scroll","background-type":"","background-media":"","overlay-type":"","overlay-color":"","overlay-gradient":""},"mobile":{"background-color":"","background-image":"","background-repeat":"repeat","background-position":"center center","background-size":"auto","background-attachment":"scroll","background-type":"","background-media":"","overlay-type":"","overlay-color":"","overlay-gradient":""}},"ast-content-background-meta":{"desktop":{"background-color":"var(--ast-global-color-5)","background-image":"","background-repeat":"repeat","background-position":"center center","background-size":"auto","background-attachment":"scroll","background-type":"","background-media":"","overlay-type":"","overlay-color":"","overlay-gradient":""},"tablet":{"background-color":"var(--ast-global-color-5)","background-image":"","background-repeat":"repeat","background-position":"center center","background-size":"auto","background-attachment":"scroll","background-type":"","background-media":"","overlay-type":"","overlay-color":"","overlay-gradient":""},"mobile":{"background-color":"var(--ast-global-color-5)","background-image":"","background-repeat":"repeat","background-position":"center center","background-size":"auto","background-attachment":"scroll","background-type":"","background-media":"","overlay-type":"","overlay-color":"","overlay-gradient":""}},"footnotes":""},"categories":[104,7220,639,981,222,17749],"tags":[51037,38376,17861,84367,32167],"class_list":["post-132245","post","type-post","status-publish","format-standard","hentry","category-historia","category-historia-de-las-religiones","category-historia-de-paises","category-historia-regional","category-historias-especializadas","category-navarra","tag-carmen-jose-alejos-grau","tag-elisa-luque-alcaide","tag-josep-ignasi-saranyana-closa","tag-morejon-ramos-jose-alipio","tag-vicente-balaguer-beltran"],"_links":{"self":[{"href":"https:\/\/www.deberes.net\/tesis\/wp-json\/wp\/v2\/posts\/132245","targetHints":{"allow":["GET"]}}],"collection":[{"href":"https:\/\/www.deberes.net\/tesis\/wp-json\/wp\/v2\/posts"}],"about":[{"href":"https:\/\/www.deberes.net\/tesis\/wp-json\/wp\/v2\/types\/post"}],"author":[{"embeddable":true,"href":"https:\/\/www.deberes.net\/tesis\/wp-json\/wp\/v2\/users\/1"}],"replies":[{"embeddable":true,"href":"https:\/\/www.deberes.net\/tesis\/wp-json\/wp\/v2\/comments?post=132245"}],"version-history":[{"count":0,"href":"https:\/\/www.deberes.net\/tesis\/wp-json\/wp\/v2\/posts\/132245\/revisions"}],"wp:attachment":[{"href":"https:\/\/www.deberes.net\/tesis\/wp-json\/wp\/v2\/media?parent=132245"}],"wp:term":[{"taxonomy":"category","embeddable":true,"href":"https:\/\/www.deberes.net\/tesis\/wp-json\/wp\/v2\/categories?post=132245"},{"taxonomy":"post_tag","embeddable":true,"href":"https:\/\/www.deberes.net\/tesis\/wp-json\/wp\/v2\/tags?post=132245"}],"curies":[{"name":"wp","href":"https:\/\/api.w.org\/{rel}","templated":true}]}}