{"id":13228,"date":"2001-09-10T00:00:00","date_gmt":"2001-09-10T00:00:00","guid":{"rendered":"https:\/\/www.deberes.net\/tesis\/sin-categoria\/procesado-fotonico-de-la-senal-en-sistemas-radio-sobre-fibra-optica\/"},"modified":"2001-09-10T00:00:00","modified_gmt":"2001-09-10T00:00:00","slug":"procesado-fotonico-de-la-senal-en-sistemas-radio-sobre-fibra-optica","status":"publish","type":"post","link":"https:\/\/www.deberes.net\/tesis\/ciencias-tecnologicas\/procesado-fotonico-de-la-senal-en-sistemas-radio-sobre-fibra-optica\/","title":{"rendered":"Procesado fot\u00f3nico de la se\u00f1al en sistemas radio sobre fibra \u00f3ptica"},"content":{"rendered":"<h2>Tesis doctoral de <strong> Alayn Loayssa Lara <\/strong><\/h2>\n<p>La viabilidad de los sistemas radio sobre fibra est\u00e1 condicionada a la existencia de una tecnolog\u00eda de transmisi\u00f3n de se\u00f1ales anal\u00f3ticas por fibra \u00f3ptica adecuada.Actualmente, esta \u00e9rea de la tecnolog\u00eda fot\u00f3nica no est\u00e1 suficientemente madura, espcialmente cuando las se\u00f1ales a transmitir por la fibra \u00f3ptica son de alta frecuencia, tal como se requiere en los sistemas de comunicaci\u00f3n inal\u00e1mbrica a frecuencias milim\u00e9tricas que est\u00e1n en fase de desarrollo.  en esta tesis se han desarrollado t\u00e9cnicas de procesado fot\u00f3nico de la se\u00f1al que permiten mejorar la calidad de la transmisi\u00f3n de se\u00f1ales de microondas\/milim\u00e9tricas por enlaces de fibra \u00f3ptica. En particular, se ha desarrollado estas t\u00e9cnicas utilizando modulares electro\u00f3pticos y el efecto no lineal de dispersi\u00f3n de brillouin estimulada en fibra \u00f3ptica.<\/p>\n<p>&nbsp;<\/p>\n<h3>Datos acad\u00e9micos de la tesis doctoral \u00ab<strong>Procesado fot\u00f3nico de la se\u00f1al en sistemas radio sobre fibra \u00f3ptica<\/strong>\u00ab<\/h3>\n<ul>\n<li><strong>T\u00edtulo de la tesis:<\/strong>\u00a0 Procesado fot\u00f3nico de la se\u00f1al en sistemas radio sobre fibra \u00f3ptica <\/li>\n<li><strong>Autor:<\/strong>\u00a0 Alayn Loayssa Lara <\/li>\n<li><strong>Universidad:<\/strong>\u00a0 P\u00fablica de navarra<\/li>\n<li><strong>Fecha de lectura de la tesis:<\/strong>\u00a0 09\/10\/2001<\/li>\n<\/ul>\n<p>&nbsp;<\/p>\n<h3>Direcci\u00f3n y tribunal<\/h3>\n<ul>\n<li><strong>Director de la tesis<\/strong>\n<ul>\n<li>David Benito Pertusa<\/li>\n<\/ul>\n<\/li>\n<li><strong>Tribunal<\/strong>\n<ul>\n<li>Presidente del tribunal: manuel Lopez-amo sainz <\/li>\n<li>Carlos Arag\u00f3n (vocal)<\/li>\n<li>Miguel Muriel (vocal)<\/li>\n<li>Jos\u00e9 Capmany (vocal)<\/li>\n<\/ul>\n<\/li>\n<\/ul>\n<p>&nbsp;<\/p>\n","protected":false},"excerpt":{"rendered":"<p>Tesis doctoral de Alayn Loayssa Lara La viabilidad de los sistemas radio sobre fibra est\u00e1 condicionada a la existencia de [&hellip;]<\/p>\n","protected":false},"author":1,"featured_media":0,"comment_status":"open","ping_status":"open","sticky":false,"template":"","format":"standard","meta":{"site-sidebar-layout":"default","site-content-layout":"","ast-site-content-layout":"","site-content-style":"default","site-sidebar-style":"default","ast-global-header-display":"","ast-banner-title-visibility":"","ast-main-header-display":"","ast-hfb-above-header-display":"","ast-hfb-below-header-display":"","ast-hfb-mobile-header-display":"","site-post-title":"","ast-breadcrumbs-content":"","ast-featured-img":"","footer-sml-layout":"","theme-transparent-header-meta":"","adv-header-id-meta":"","stick-header-meta":"","header-above-stick-meta":"","header-main-stick-meta":"","header-below-stick-meta":"","astra-migrate-meta-layouts":"default","ast-page-background-enabled":"default","ast-page-background-meta":{"desktop":{"background-color":"var(--ast-global-color-4)","background-image":"","background-repeat":"repeat","background-position":"center center","background-size":"auto","background-attachment":"scroll","background-type":"","background-media":"","overlay-type":"","overlay-color":"","overlay-gradient":""},"tablet":{"background-color":"","background-image":"","background-repeat":"repeat","background-position":"center center","background-size":"auto","background-attachment":"scroll","background-type":"","background-media":"","overlay-type":"","overlay-color":"","overlay-gradient":""},"mobile":{"background-color":"","background-image":"","background-repeat":"repeat","background-position":"center center","background-size":"auto","background-attachment":"scroll","background-type":"","background-media":"","overlay-type":"","overlay-color":"","overlay-gradient":""}},"ast-content-background-meta":{"desktop":{"background-color":"var(--ast-global-color-5)","background-image":"","background-repeat":"repeat","background-position":"center center","background-size":"auto","background-attachment":"scroll","background-type":"","background-media":"","overlay-type":"","overlay-color":"","overlay-gradient":""},"tablet":{"background-color":"var(--ast-global-color-5)","background-image":"","background-repeat":"repeat","background-position":"center center","background-size":"auto","background-attachment":"scroll","background-type":"","background-media":"","overlay-type":"","overlay-color":"","overlay-gradient":""},"mobile":{"background-color":"var(--ast-global-color-5)","background-image":"","background-repeat":"repeat","background-position":"center center","background-size":"auto","background-attachment":"scroll","background-type":"","background-media":"","overlay-type":"","overlay-color":"","overlay-gradient":""}},"footnotes":""},"categories":[332,16261,15816,15594,18529,2489,3706,16616],"tags":[43025,43026,41071,43028,28585,43027],"class_list":["post-13228","post","type-post","status-publish","format-standard","hentry","category-ciencias-tecnologicas","category-dispositivos-de-microondas","category-dispositivos-laser","category-enlaces-de-microondas","category-publica-de-navarra","category-tecnologia-de-las-telecomunicaciones","category-tecnologia-electronica","category-television-por-cable","tag-alayn-loayssa-lara","tag-carlos-aragon","tag-david-benito-pertusa","tag-jose-capmany","tag-manuel-lopez-amo-sainz","tag-miguel-muriel"],"_links":{"self":[{"href":"https:\/\/www.deberes.net\/tesis\/wp-json\/wp\/v2\/posts\/13228","targetHints":{"allow":["GET"]}}],"collection":[{"href":"https:\/\/www.deberes.net\/tesis\/wp-json\/wp\/v2\/posts"}],"about":[{"href":"https:\/\/www.deberes.net\/tesis\/wp-json\/wp\/v2\/types\/post"}],"author":[{"embeddable":true,"href":"https:\/\/www.deberes.net\/tesis\/wp-json\/wp\/v2\/users\/1"}],"replies":[{"embeddable":true,"href":"https:\/\/www.deberes.net\/tesis\/wp-json\/wp\/v2\/comments?post=13228"}],"version-history":[{"count":0,"href":"https:\/\/www.deberes.net\/tesis\/wp-json\/wp\/v2\/posts\/13228\/revisions"}],"wp:attachment":[{"href":"https:\/\/www.deberes.net\/tesis\/wp-json\/wp\/v2\/media?parent=13228"}],"wp:term":[{"taxonomy":"category","embeddable":true,"href":"https:\/\/www.deberes.net\/tesis\/wp-json\/wp\/v2\/categories?post=13228"},{"taxonomy":"post_tag","embeddable":true,"href":"https:\/\/www.deberes.net\/tesis\/wp-json\/wp\/v2\/tags?post=13228"}],"curies":[{"name":"wp","href":"https:\/\/api.w.org\/{rel}","templated":true}]}}