{"id":13256,"date":"2001-11-10T00:00:00","date_gmt":"2001-11-10T00:00:00","guid":{"rendered":"https:\/\/www.deberes.net\/tesis\/sin-categoria\/la-verdad-en-la-enciclica-fides-et-ratio\/"},"modified":"2001-11-10T00:00:00","modified_gmt":"2001-11-10T00:00:00","slug":"la-verdad-en-la-enciclica-fides-et-ratio","status":"publish","type":"post","link":"https:\/\/www.deberes.net\/tesis\/filosofia\/la-verdad-en-la-enciclica-fides-et-ratio\/","title":{"rendered":"La verdad en la enciclica fides et ratio"},"content":{"rendered":"<h2>Tesis doctoral de <strong>  Leon Gonz\u00e1lez Borja De <\/strong><\/h2>\n<p>El inter\u00e9s de la fides et rario no s\u00f3lo reside en que es una enc\u00edclica que se interesa por la filosof\u00eda, en la que reconoce su car\u00e1cter natural, su autonom\u00eda, as\u00ed como la legitimidad del pluralismo filos\u00f3fico. Tambi\u00e9n, se encuentra en su reconocimiento de la universalidad de la verdad y de la inexorable vinculaci\u00f3n del hombre a ella, pues presenta una visi\u00f3n de la verdad encarnada en la vida humana concreta. A lo largo de toda su existencia el hombre est\u00e1 esencialmente referido a ella, en cuanto que necesita buscarla para hallar el sentido que anhela. La verdad no es una f\u00f3rmula te\u00f3rica, sino que es la revelaci\u00f3n del sentido de su existencia, que no se da sin esfuerzo ni pasi\u00f3n. Es motor y meta, apertura y fin; la verdad es objetiva, universal y racional, se extiende sobre todas las cosas, habita en el interior del hombre y alcanza el misterio. En el hombre la pregunta por la verdad se presenta inicialmente como el interrogante por el sentido de la vida, que moviliza a toda la persona en busca de una respuesta definitiva, que llene de sentido a toda la existencia, especialmente lo que hay m\u00e1s all\u00e1 de su final. En esta l\u00ednea emplea la expresi\u00f3n \u00abverdad sobre el hombre\u00bb, como el centro desde el que se desenvuelve la existencia del hombre y como meta que se persigue a lo largo del itinerario vital. Por esto, el papa entiende la raz\u00f3n como una instancia que abre al hombre a la trascendencia, y la presenta como realidad abierta, capaz de ir siempre a m\u00e1s, y no quedar nunca circunscrita a los l\u00edmites de sus hallazgos. Como desarrollos de la raz\u00f3n, el lenguaje, la ciencia y la cultura gozan de unas cualidades de apertura y trascendencia que hacen posible el veradero progreso humano.  la enc\u00edclica muestra la conexi\u00f3n de la raz\u00f3n con la fe, especialmente la circularidad de enriquecimiento mutuo que se establece entre ambas, en el que la fe es fuente de conocimiento y de asentimiento a la verdad. raz\u00f3n, creencia y fe se e<\/p>\n<p>&nbsp;<\/p>\n<h3>Datos acad\u00e9micos de la tesis doctoral \u00ab<strong>La verdad en la enciclica fides et ratio<\/strong>\u00ab<\/h3>\n<ul>\n<li><strong>T\u00edtulo de la tesis:<\/strong>\u00a0 La verdad en la enciclica fides et ratio <\/li>\n<li><strong>Autor:<\/strong>\u00a0  Leon Gonz\u00e1lez Borja De <\/li>\n<li><strong>Universidad:<\/strong>\u00a0 Navarra<\/li>\n<li><strong>Fecha de lectura de la tesis:<\/strong>\u00a0 11\/10\/2001<\/li>\n<\/ul>\n<p>&nbsp;<\/p>\n<h3>Direcci\u00f3n y tribunal<\/h3>\n<ul>\n<li><strong>Director de la tesis<\/strong>\n<ul>\n<li>Mar\u00eda no Artigas Mayayo<\/li>\n<\/ul>\n<\/li>\n<li><strong>Tribunal<\/strong>\n<ul>\n<li>Presidente del tribunal: Mar\u00eda no Artigas Mayayo <\/li>\n<li>Enrique Roberto Moros Claramunt (vocal)<\/li>\n<li>Jos\u00e9 Angel Garc\u00eda Cuadrado (vocal)<\/li>\n<li>Sergio Sanchez Migallon (vocal)<\/li>\n<\/ul>\n<\/li>\n<\/ul>\n<p>&nbsp;<\/p>\n","protected":false},"excerpt":{"rendered":"<p>Tesis doctoral de Leon Gonz\u00e1lez Borja De El inter\u00e9s de la fides et rario no s\u00f3lo reside en que es [&hellip;]<\/p>\n","protected":false},"author":1,"featured_media":0,"comment_status":"open","ping_status":"open","sticky":false,"template":"","format":"standard","meta":{"site-sidebar-layout":"default","site-content-layout":"","ast-site-content-layout":"","site-content-style":"default","site-sidebar-style":"default","ast-global-header-display":"","ast-banner-title-visibility":"","ast-main-header-display":"","ast-hfb-above-header-display":"","ast-hfb-below-header-display":"","ast-hfb-mobile-header-display":"","site-post-title":"","ast-breadcrumbs-content":"","ast-featured-img":"","footer-sml-layout":"","theme-transparent-header-meta":"","adv-header-id-meta":"","stick-header-meta":"","header-above-stick-meta":"","header-main-stick-meta":"","header-below-stick-meta":"","astra-migrate-meta-layouts":"default","ast-page-background-enabled":"default","ast-page-background-meta":{"desktop":{"background-color":"var(--ast-global-color-4)","background-image":"","background-repeat":"repeat","background-position":"center center","background-size":"auto","background-attachment":"scroll","background-type":"","background-media":"","overlay-type":"","overlay-color":"","overlay-gradient":""},"tablet":{"background-color":"","background-image":"","background-repeat":"repeat","background-position":"center center","background-size":"auto","background-attachment":"scroll","background-type":"","background-media":"","overlay-type":"","overlay-color":"","overlay-gradient":""},"mobile":{"background-color":"","background-image":"","background-repeat":"repeat","background-position":"center center","background-size":"auto","background-attachment":"scroll","background-type":"","background-media":"","overlay-type":"","overlay-color":"","overlay-gradient":""}},"ast-content-background-meta":{"desktop":{"background-color":"var(--ast-global-color-5)","background-image":"","background-repeat":"repeat","background-position":"center center","background-size":"auto","background-attachment":"scroll","background-type":"","background-media":"","overlay-type":"","overlay-color":"","overlay-gradient":""},"tablet":{"background-color":"var(--ast-global-color-5)","background-image":"","background-repeat":"repeat","background-position":"center center","background-size":"auto","background-attachment":"scroll","background-type":"","background-media":"","overlay-type":"","overlay-color":"","overlay-gradient":""},"mobile":{"background-color":"var(--ast-global-color-5)","background-image":"","background-repeat":"repeat","background-position":"center center","background-size":"auto","background-attachment":"scroll","background-type":"","background-media":"","overlay-type":"","overlay-color":"","overlay-gradient":""}},"footnotes":""},"categories":[5537,165,8501,956,1078,17749,990,18402],"tags":[36650,32991,43107,17934,43108],"class_list":["post-13256","post","type-post","status-publish","format-standard","hentry","category-epistemologia","category-filosofia","category-filosofia-de-la-cultura","category-filosofia-del-conocimiento","category-filosofia-social","category-navarra","category-sistemas-filosoficos","category-sistemas-teologico-filosoficos","tag-enrique-roberto-moros-claramunt","tag-jose-angel-garcia-cuadrado","tag-leon-gonzalez-borja-de","tag-maria-no-artigas-mayayo","tag-sergio-sanchez-migallon"],"_links":{"self":[{"href":"https:\/\/www.deberes.net\/tesis\/wp-json\/wp\/v2\/posts\/13256","targetHints":{"allow":["GET"]}}],"collection":[{"href":"https:\/\/www.deberes.net\/tesis\/wp-json\/wp\/v2\/posts"}],"about":[{"href":"https:\/\/www.deberes.net\/tesis\/wp-json\/wp\/v2\/types\/post"}],"author":[{"embeddable":true,"href":"https:\/\/www.deberes.net\/tesis\/wp-json\/wp\/v2\/users\/1"}],"replies":[{"embeddable":true,"href":"https:\/\/www.deberes.net\/tesis\/wp-json\/wp\/v2\/comments?post=13256"}],"version-history":[{"count":0,"href":"https:\/\/www.deberes.net\/tesis\/wp-json\/wp\/v2\/posts\/13256\/revisions"}],"wp:attachment":[{"href":"https:\/\/www.deberes.net\/tesis\/wp-json\/wp\/v2\/media?parent=13256"}],"wp:term":[{"taxonomy":"category","embeddable":true,"href":"https:\/\/www.deberes.net\/tesis\/wp-json\/wp\/v2\/categories?post=13256"},{"taxonomy":"post_tag","embeddable":true,"href":"https:\/\/www.deberes.net\/tesis\/wp-json\/wp\/v2\/tags?post=13256"}],"curies":[{"name":"wp","href":"https:\/\/api.w.org\/{rel}","templated":true}]}}