{"id":13262,"date":"2018-03-09T08:59:29","date_gmt":"2018-03-09T08:59:29","guid":{"rendered":"https:\/\/www.deberes.net\/tesis\/sin-categoria\/cimentaciones-a-traccion-para-invernaderos\/"},"modified":"2018-03-09T08:59:29","modified_gmt":"2018-03-09T08:59:29","slug":"cimentaciones-a-traccion-para-invernaderos","status":"publish","type":"post","link":"https:\/\/www.deberes.net\/tesis\/ciencias-tecnologicas\/cimentaciones-a-traccion-para-invernaderos\/","title":{"rendered":"Cimentaciones a tracci\u00f3n para invernaderos"},"content":{"rendered":"<h2>Tesis doctoral de <strong> Ana Araceli Pe\u00f1a Fernandez <\/strong><\/h2>\n<p>La importancia socioecon\u00f3mica de los cultivos protegidos en amplias zonas de la cuenca mediterr\u00e1nea, justifica la proliferaci\u00f3n de invernaderos. la causa de colapso de las mismas suele ser la acci\u00f3n del viento a succi\u00f3n, por lo que las cimentaciones deben trabajar a tracci\u00f3n. Sin embargo, \u00e9stas actualmente no se calculan y es la propia experiencia del constructor, o el deseo del agricultor, lo que marca el n\u00famero de las mismas, la separaci\u00f3n entre ellas y sus dimensiones.  en este trabajo se analiza el comportamiento de dicho elemento estructural mediante el m\u00e9todo de los elementos finitos (a trav\u00e9s del programa inform\u00e1tico ansys 5.6); realizando previamente ensayos de modelos de cimentaciones a escala en laboratorio, y ensayos de prototipos a escala real en campo.  la comparaci\u00f3n de los resultados reales obtenidos en campo con los obtenidos mediante simulaci\u00f3n por elementos finitos, demuestra que el uso de \u00e9sta t\u00e9cnica de c\u00e1lculo puede utilizarse para el dimensionado de las cimentaciones a tracci\u00f3n que usualmente se instalan en los invernaderos.<\/p>\n<p>&nbsp;<\/p>\n<h3>Datos acad\u00e9micos de la tesis doctoral \u00ab<strong>Cimentaciones a tracci\u00f3n para invernaderos<\/strong>\u00ab<\/h3>\n<ul>\n<li><strong>T\u00edtulo de la tesis:<\/strong>\u00a0 Cimentaciones a tracci\u00f3n para invernaderos <\/li>\n<li><strong>Autor:<\/strong>\u00a0 Ana Araceli Pe\u00f1a Fernandez <\/li>\n<li><strong>Universidad:<\/strong>\u00a0 C\u00f3rdoba<\/li>\n<li><strong>Fecha de lectura de la tesis:<\/strong>\u00a0 15\/10\/2001<\/li>\n<\/ul>\n<p>&nbsp;<\/p>\n<h3>Direcci\u00f3n y tribunal<\/h3>\n<ul>\n<li><strong>Director de la tesis<\/strong>\n<ul>\n<li>Francisco P\u00e9rez Garc\u00eda<\/li>\n<\/ul>\n<\/li>\n<li><strong>Tribunal<\/strong>\n<ul>\n<li>Presidente del tribunal: Jes\u00fas Gil ribes <\/li>\n<li>Francisco florentino Ayuga tellez (vocal)<\/li>\n<li>Rafael Dal re tenreiro (vocal)<\/li>\n<li>Juan L\u00f3pez mart\u00ednez (vocal)<\/li>\n<\/ul>\n<\/li>\n<\/ul>\n<p>&nbsp;<\/p>\n","protected":false},"excerpt":{"rendered":"<p>Tesis doctoral de Ana Araceli Pe\u00f1a Fernandez La importancia socioecon\u00f3mica de los cultivos protegidos en amplias zonas de la cuenca [&hellip;]<\/p>\n","protected":false},"author":1,"featured_media":0,"comment_status":"open","ping_status":"open","sticky":false,"template":"","format":"standard","meta":{"site-sidebar-layout":"default","site-content-layout":"","ast-site-content-layout":"","site-content-style":"default","site-sidebar-style":"default","ast-global-header-display":"","ast-banner-title-visibility":"","ast-main-header-display":"","ast-hfb-above-header-display":"","ast-hfb-below-header-display":"","ast-hfb-mobile-header-display":"","site-post-title":"","ast-breadcrumbs-content":"","ast-featured-img":"","footer-sml-layout":"","theme-transparent-header-meta":"","adv-header-id-meta":"","stick-header-meta":"","header-above-stick-meta":"","header-main-stick-meta":"","header-below-stick-meta":"","astra-migrate-meta-layouts":"default","ast-page-background-enabled":"default","ast-page-background-meta":{"desktop":{"background-color":"var(--ast-global-color-4)","background-image":"","background-repeat":"repeat","background-position":"center center","background-size":"auto","background-attachment":"scroll","background-type":"","background-media":"","overlay-type":"","overlay-color":"","overlay-gradient":""},"tablet":{"background-color":"","background-image":"","background-repeat":"repeat","background-position":"center center","background-size":"auto","background-attachment":"scroll","background-type":"","background-media":"","overlay-type":"","overlay-color":"","overlay-gradient":""},"mobile":{"background-color":"","background-image":"","background-repeat":"repeat","background-position":"center center","background-size":"auto","background-attachment":"scroll","background-type":"","background-media":"","overlay-type":"","overlay-color":"","overlay-gradient":""}},"ast-content-background-meta":{"desktop":{"background-color":"var(--ast-global-color-5)","background-image":"","background-repeat":"repeat","background-position":"center center","background-size":"auto","background-attachment":"scroll","background-type":"","background-media":"","overlay-type":"","overlay-color":"","overlay-gradient":""},"tablet":{"background-color":"var(--ast-global-color-5)","background-image":"","background-repeat":"repeat","background-position":"center center","background-size":"auto","background-attachment":"scroll","background-type":"","background-media":"","overlay-type":"","overlay-color":"","overlay-gradient":""},"mobile":{"background-color":"var(--ast-global-color-5)","background-image":"","background-repeat":"repeat","background-position":"center center","background-size":"auto","background-attachment":"scroll","background-type":"","background-media":"","overlay-type":"","overlay-color":"","overlay-gradient":""}},"footnotes":""},"categories":[494,332,16158,31009,973,551,15693,4306],"tags":[43123,20793,40457,43124,40856,30721],"class_list":["post-13262","post","type-post","status-publish","format-standard","hentry","category-ciencias-agrarias","category-ciencias-tecnologicas","category-construcciones-agropecuarias","category-construcciones-ligeras","category-cordoba","category-ingenieria-agricola","category-ingenieria-estructural","category-tecnologia-de-la-construccion","tag-ana-araceli-pena-fernandez","tag-francisco-florentino-ayuga-tellez","tag-francisco-perez-garcia","tag-jesus-gil-ribes","tag-juan-lopez-Martinez","tag-rafael-dal-re-tenreiro"],"_links":{"self":[{"href":"https:\/\/www.deberes.net\/tesis\/wp-json\/wp\/v2\/posts\/13262","targetHints":{"allow":["GET"]}}],"collection":[{"href":"https:\/\/www.deberes.net\/tesis\/wp-json\/wp\/v2\/posts"}],"about":[{"href":"https:\/\/www.deberes.net\/tesis\/wp-json\/wp\/v2\/types\/post"}],"author":[{"embeddable":true,"href":"https:\/\/www.deberes.net\/tesis\/wp-json\/wp\/v2\/users\/1"}],"replies":[{"embeddable":true,"href":"https:\/\/www.deberes.net\/tesis\/wp-json\/wp\/v2\/comments?post=13262"}],"version-history":[{"count":0,"href":"https:\/\/www.deberes.net\/tesis\/wp-json\/wp\/v2\/posts\/13262\/revisions"}],"wp:attachment":[{"href":"https:\/\/www.deberes.net\/tesis\/wp-json\/wp\/v2\/media?parent=13262"}],"wp:term":[{"taxonomy":"category","embeddable":true,"href":"https:\/\/www.deberes.net\/tesis\/wp-json\/wp\/v2\/categories?post=13262"},{"taxonomy":"post_tag","embeddable":true,"href":"https:\/\/www.deberes.net\/tesis\/wp-json\/wp\/v2\/tags?post=13262"}],"curies":[{"name":"wp","href":"https:\/\/api.w.org\/{rel}","templated":true}]}}