{"id":132648,"date":"1996-08-03T00:00:00","date_gmt":"1996-08-03T00:00:00","guid":{"rendered":"https:\/\/www.deberes.net\/tesis\/sin-categoria\/la-fotografia-en-espana-en-el-periodo-de-entreguerras\/"},"modified":"1996-08-03T00:00:00","modified_gmt":"1996-08-03T00:00:00","slug":"la-fotografia-en-espana-en-el-periodo-de-entreguerras","status":"publish","type":"post","link":"https:\/\/www.deberes.net\/tesis\/ciencias-de-las-artes-y-las-letras\/la-fotografia-en-espana-en-el-periodo-de-entreguerras\/","title":{"rendered":"La fotografia en espa\u00f1a en el periodo de entreguerras."},"content":{"rendered":"<h2>Tesis doctoral de <strong> Elisabeth Insenser Brufau <\/strong><\/h2>\n<p>Este trabajo de investigaci\u00f3n presenta una valoraci\u00f3n de la fotograf\u00eda espa\u00f1ola de entre-guerras (1914-1939), partiendo de toda la documentaci\u00f3n aparecida en la prensa peri\u00f3dica de la \u00e9poca. Este an\u00e1lisis del papel de la fotograf\u00eda en espa\u00f1a dentro de la historia de la fotograf\u00eda y su aportaci\u00f3n al patrimonio cultural de este siglo pretende proporcionar una aproximaci\u00f3n de la vida fotogr\u00e1fica de esa \u00e9poca bajo el punto de vista de se propia vivencia. A partir de la recopilaci\u00f3n de una documentaci\u00f3n hasta ahora dispersa y, en algunos casos olvidada, se muestra la actividad fotogr\u00e1fica en espa\u00f1a durante el periodo referenciado, reconstruyendo la situaci\u00f3n y la incidencia de la fotograf\u00eda en la espa\u00f1a de entreguerras, se\u00f1alando y destacando los temas m\u00e1s candentes de los distintos \u00e1mbitos de la fotograf\u00eda de la \u00e9poca y descubriendo su repercusi\u00f3n sociocultural. En cuanto a la metodolog\u00eda, esta investigaci\u00f3n presenta dos bloques generales, el primero referente a las fuentes y el segundo referente a los documentos. La selecci\u00f3n de los textos ha sido realizada a partir de tres diferentes \u00e1mbitos que rodean constantemente la fotograf\u00eda: el industrial, el art\u00edstico y el socio-cultural.<\/p>\n<p>&nbsp;<\/p>\n<h3>Datos acad\u00e9micos de la tesis doctoral \u00ab<strong>La fotografia en espa\u00f1a en el periodo de entreguerras.<\/strong>\u00ab<\/h3>\n<ul>\n<li><strong>T\u00edtulo de la tesis:<\/strong>\u00a0 La fotografia en espa\u00f1a en el periodo de entreguerras. <\/li>\n<li><strong>Autor:<\/strong>\u00a0 Elisabeth Insenser Brufau <\/li>\n<li><strong>Universidad:<\/strong>\u00a0 Barcelona<\/li>\n<li><strong>Fecha de lectura de la tesis:<\/strong>\u00a0 08\/03\/1996<\/li>\n<\/ul>\n<p>&nbsp;<\/p>\n<h3>Direcci\u00f3n y tribunal<\/h3>\n<ul>\n<li><strong>Director de la tesis<\/strong>\n<ul>\n<li>Francisco Caja L\u00f3pez<\/li>\n<\/ul>\n<\/li>\n<li><strong>Tribunal<\/strong>\n<ul>\n<li>Presidente del tribunal: Juan  jose Gomez molina <\/li>\n<li>margarita Ledo andi\u00f3n (vocal)<\/li>\n<li>teresa Caps miro (vocal)<\/li>\n<li>alfonso De castro fondevila (vocal)<\/li>\n<\/ul>\n<\/li>\n<\/ul>\n<p>&nbsp;<\/p>\n","protected":false},"excerpt":{"rendered":"<p>Tesis doctoral de Elisabeth Insenser Brufau Este trabajo de investigaci\u00f3n presenta una valoraci\u00f3n de la fotograf\u00eda espa\u00f1ola de entre-guerras (1914-1939), [&hellip;]<\/p>\n","protected":false},"author":1,"featured_media":0,"comment_status":"open","ping_status":"open","sticky":false,"template":"","format":"standard","meta":{"site-sidebar-layout":"default","site-content-layout":"","ast-site-content-layout":"","site-content-style":"default","site-sidebar-style":"default","ast-global-header-display":"","ast-banner-title-visibility":"","ast-main-header-display":"","ast-hfb-above-header-display":"","ast-hfb-below-header-display":"","ast-hfb-mobile-header-display":"","site-post-title":"","ast-breadcrumbs-content":"","ast-featured-img":"","footer-sml-layout":"","theme-transparent-header-meta":"","adv-header-id-meta":"","stick-header-meta":"","header-above-stick-meta":"","header-main-stick-meta":"","header-below-stick-meta":"","astra-migrate-meta-layouts":"default","ast-page-background-enabled":"default","ast-page-background-meta":{"desktop":{"background-color":"var(--ast-global-color-4)","background-image":"","background-repeat":"repeat","background-position":"center center","background-size":"auto","background-attachment":"scroll","background-type":"","background-media":"","overlay-type":"","overlay-color":"","overlay-gradient":""},"tablet":{"background-color":"","background-image":"","background-repeat":"repeat","background-position":"center center","background-size":"auto","background-attachment":"scroll","background-type":"","background-media":"","overlay-type":"","overlay-color":"","overlay-gradient":""},"mobile":{"background-color":"","background-image":"","background-repeat":"repeat","background-position":"center center","background-size":"auto","background-attachment":"scroll","background-type":"","background-media":"","overlay-type":"","overlay-color":"","overlay-gradient":""}},"ast-content-background-meta":{"desktop":{"background-color":"var(--ast-global-color-5)","background-image":"","background-repeat":"repeat","background-position":"center center","background-size":"auto","background-attachment":"scroll","background-type":"","background-media":"","overlay-type":"","overlay-color":"","overlay-gradient":""},"tablet":{"background-color":"var(--ast-global-color-5)","background-image":"","background-repeat":"repeat","background-position":"center center","background-size":"auto","background-attachment":"scroll","background-type":"","background-media":"","overlay-type":"","overlay-color":"","overlay-gradient":""},"mobile":{"background-color":"var(--ast-global-color-5)","background-image":"","background-repeat":"repeat","background-position":"center center","background-size":"auto","background-attachment":"scroll","background-type":"","background-media":"","overlay-type":"","overlay-color":"","overlay-gradient":""}},"footnotes":""},"categories":[951,147,5270,1111],"tags":[128969,100117,99615,9437,2910,246533],"class_list":["post-132648","post","type-post","status-publish","format-standard","hentry","category-barcelona","category-ciencias-de-las-artes-y-las-letras","category-fotografia","category-teoria-analisis-y-critica-de-las-bellas-artes","tag-alfonso-de-castro-fondevila","tag-elisabeth-insenser-brufau","tag-francisco-caja-lopez","tag-juan-jose-gomez-molina","tag-margarita-ledo-andion","tag-teresa-caps-miro"],"_links":{"self":[{"href":"https:\/\/www.deberes.net\/tesis\/wp-json\/wp\/v2\/posts\/132648","targetHints":{"allow":["GET"]}}],"collection":[{"href":"https:\/\/www.deberes.net\/tesis\/wp-json\/wp\/v2\/posts"}],"about":[{"href":"https:\/\/www.deberes.net\/tesis\/wp-json\/wp\/v2\/types\/post"}],"author":[{"embeddable":true,"href":"https:\/\/www.deberes.net\/tesis\/wp-json\/wp\/v2\/users\/1"}],"replies":[{"embeddable":true,"href":"https:\/\/www.deberes.net\/tesis\/wp-json\/wp\/v2\/comments?post=132648"}],"version-history":[{"count":0,"href":"https:\/\/www.deberes.net\/tesis\/wp-json\/wp\/v2\/posts\/132648\/revisions"}],"wp:attachment":[{"href":"https:\/\/www.deberes.net\/tesis\/wp-json\/wp\/v2\/media?parent=132648"}],"wp:term":[{"taxonomy":"category","embeddable":true,"href":"https:\/\/www.deberes.net\/tesis\/wp-json\/wp\/v2\/categories?post=132648"},{"taxonomy":"post_tag","embeddable":true,"href":"https:\/\/www.deberes.net\/tesis\/wp-json\/wp\/v2\/tags?post=132648"}],"curies":[{"name":"wp","href":"https:\/\/api.w.org\/{rel}","templated":true}]}}