{"id":132654,"date":"2018-03-11T12:58:35","date_gmt":"2018-03-11T12:58:35","guid":{"rendered":"https:\/\/www.deberes.net\/tesis\/sin-categoria\/jose-peinado-altable-1909-95-aportaciones-a-la-psicologa%c2%ada-y-a-la-educacion-espanolas-e-iberoamerica\/"},"modified":"2018-03-11T12:58:35","modified_gmt":"2018-03-11T12:58:35","slug":"jose-peinado-altable-1909-95-aportaciones-a-la-psicologa%c2%ada-y-a-la-educacion-espanolas-e-iberoamerica","status":"publish","type":"post","link":"https:\/\/www.deberes.net\/tesis\/educacion-especial\/jose-peinado-altable-1909-95-aportaciones-a-la-psicologa%c2%ada-y-a-la-educacion-espanolas-e-iberoamerica\/","title":{"rendered":"Jos\u00e9 peinado altable (1909-95): aportaciones a la psicolog\u00eda y a la educaci\u00f3n espa\u00f1olas e iberoamerica."},"content":{"rendered":"<h2>Tesis doctoral de <strong> Tom\u00e1s Pel\u00e1ez Reoyo <\/strong><\/h2>\n<p>Jos\u00e9 peinado altable es uno de los psic\u00f3logos espa\u00f1oles, que ha gozado de verdadero prestigio en la primera mitad del siglo xx, m\u00e1s fuera de espa\u00f1a que dentro. En m\u00e9xico desarroll\u00f3 la etapa m\u00e1s brillante de su vida profesional, pero su curr\u00edculum es intenso, aunque los \u00faltimos a\u00f1os los vivi\u00f3 retirado en benidorm, tierra natal de su mujer, luz llopis, infatigable colaboradora en muchas de sus empresas. la psicolog\u00eda y psic\u00f3logos espa\u00f1oles deben tomar buena nota, de la aportaci\u00f3n cient\u00edfica de este hombre, que est\u00e1 recogida en sus publicaciones y, que fueron continuamente reeditadas en m\u00e9xico (hay que destacar que alguna de sus obras, lleg\u00f3  por la 13\u00aa edici\u00f3n) pero, por contra, son dif\u00edciles de encontrar en espa\u00f1a. en este estudio, hemos abandonado el an\u00e1lisis de una historia lineal de hechos destacados, en favor de una historia como contexto complejo, poniendo a peinado en contacto con su entorno y con aquellas historias sectoriales que le afectaron de una forma m\u00e1s directa. Sus etapas de formaci\u00f3n siguen un continuo similar al de la reciente historia de nuestra psicolog\u00eda: la etapa anterior a la guerra marcada por la escuela superior del magisterio, conectada y enriquecida en el extranjero, en ginebra.  estos pasos dados por peinado van en paralelo a la aproximaci\u00f3n que hace la psicolog\u00eda espa\u00f1ola en la direcci\u00f3n de la naciente psicolog\u00eda europea. Pero, la guerra civil rompe violentamente el curso de esta evoluci\u00f3n oblig\u00e1ndolo a un exilio que, por suerte, le posibilita tener un contacto directo con los avances llevados a cabo en otros rincones de la geograf\u00eda mundial, principalmente y en este caso, americana y de lengua inglesa. Y finalmente regresando a espa\u00f1a, a cerrar con broche de oro la etapa de madurez y perfecci\u00f3n de su profesionalidad, ocupando el puesto que le corresponde dentro de la historia de la psicolog\u00eda espa\u00f1ola.  hoy la psicolog\u00eda es una ciencia, en espa\u00f1a se han creado instituciones y la productividad investigadora empieza a ser significativa, al tiempo que ha tomado cuerpo entre nosotros el perfil del psic\u00f3logo como un profesional interesado en el estudio e intervenci\u00f3n sobre las conductas de individuos y de grupos sociales. La gran transformaci\u00f3n se ha producido con la llegada de la psicolog\u00eda a la universidad, pero ese camino le han tenido que recorrer los psic\u00f3logos que nos han precedido algunos por tierras extranjeras como peinado, \u00e9l distingu\u00eda la aportaci\u00f3n te\u00f3rica de la pr\u00e1ctica en el avance de la ciencia, consider\u00e1ndose as\u00ed mismo como eminentemente pr\u00e1ctico, recordemos que su labor profesional la lleva a cabo, principalmente, en las instituciones de la sanidad mejicana donde la figura del psic\u00f3logo debe hacerse sitio en medio de otras profesiones de larga trayectoria cient\u00edfica; fruto de esa actividad van a ver la luz publicaciones que hoy est\u00e1n a nuestra disposici\u00f3n, a pesar de no haber tenido en su tierra natal la misma difusi\u00f3n que lo han tenido al otro lado del oc\u00e9ano. Son muchos los m\u00e9ritos que este autor acredita para haber sido objeto de estudio y todos ellos se reflejan en esta tesis, aqu\u00ed solamente voy a destacar los m\u00e1s importantes: 1.\tSe licenci\u00f3 en psicolog\u00eda en ginebra junto a piaget, y se doctor\u00f3 en m\u00e9xico. 2.\tCuando contaba con 20 a\u00f1os desempe\u00f1\u00f3 el cargo de director de las escuelas espa\u00f1olas de lisboa. 3.\tEn 1934 se convirti\u00f3 en el inspector de primera ense\u00f1anza m\u00e1s joven de espa\u00f1a. 4.\tFu\u00e9 el primer catedr\u00e1tico espa\u00f1ol de psicolog\u00eda en la universidad nacional aut\u00f3noma de m\u00e9xico, donde uno de sus libros alcanz\u00f3 trece ediciones. 5.\tFu\u00e9 el primer espa\u00f1ol catedr\u00e1tico de psicolog\u00eda cl\u00ednica en la universidad central de venezuela, donde la segunda promoci\u00f3n de licenciados en psicolog\u00eda y una c\u00e1tedra llevan, en la actualidad, su nombre. 6.\tPresidi\u00f3 y organiz\u00f3 en 1976 en valladolid, el v congreso nacional de psicolog\u00eda. 7.\tHa escrito los dos primeros manuales de psicolog\u00eda (1932-33) para alumnos espa\u00f1oles de escuelas de magisterio. 8.\tEscribi\u00f3 el primer libro sobre psicolog\u00eda de los trastornos del lenguaje (1945) con ejemplos en lengua espa\u00f1ola. 9.\tInvent\u00f3 en los a\u00f1os 50 el \u00edndice de regularidad de aprendizaje para hacer un estudio m\u00e1s operativo de la oligofrenia. 10.\tForm\u00f3 un equipo que constituye el cimiento cient\u00edfico de la pol\u00edtica de integraci\u00f3n escolar que se est\u00e1 implantando en la educaci\u00f3n espa\u00f1ola, gracias al experimento que se llev\u00f3 a cabo en valladolid entre los a\u00f1os 1970 y 1975.<\/p>\n<p>&nbsp;<\/p>\n<h3>Datos acad\u00e9micos de la tesis doctoral \u00ab<strong>Jos\u00e9 peinado altable (1909-95): aportaciones a la psicolog\u00eda y a la educaci\u00f3n espa\u00f1olas e iberoamerica.<\/strong>\u00ab<\/h3>\n<ul>\n<li><strong>T\u00edtulo de la tesis:<\/strong>\u00a0 Jos\u00e9 peinado altable (1909-95): aportaciones a la psicolog\u00eda y a la educaci\u00f3n espa\u00f1olas e iberoamerica. <\/li>\n<li><strong>Autor:<\/strong>\u00a0 Tom\u00e1s Pel\u00e1ez Reoyo <\/li>\n<li><strong>Universidad:<\/strong>\u00a0 Valladolid<\/li>\n<li><strong>Fecha de lectura de la tesis:<\/strong>\u00a0 22\/03\/1996<\/li>\n<\/ul>\n<p>&nbsp;<\/p>\n<h3>Direcci\u00f3n y tribunal<\/h3>\n<ul>\n<li><strong>Director de la tesis<\/strong>\n<ul>\n<li>Jos\u00e9 Mar\u00eda Roman Sanchez<\/li>\n<\/ul>\n<\/li>\n<li><strong>Tribunal<\/strong>\n<ul>\n<li>Presidente del tribunal: Jos\u00e9 Luis Pinillos <\/li>\n<li>agust\u00edn Escolano benito (vocal)<\/li>\n<li>Emilio Garc\u00eda Garc\u00eda (vocal)<\/li>\n<li>pedro Gomez bosque (vocal)<\/li>\n<\/ul>\n<\/li>\n<\/ul>\n<p>&nbsp;<\/p>\n","protected":false},"excerpt":{"rendered":"<p>Tesis doctoral de Tom\u00e1s Pel\u00e1ez Reoyo Jos\u00e9 peinado altable es uno de los psic\u00f3logos espa\u00f1oles, que ha gozado de verdadero [&hellip;]<\/p>\n","protected":false},"author":1,"featured_media":0,"comment_status":"open","ping_status":"open","sticky":false,"template":"","format":"standard","meta":{"site-sidebar-layout":"default","site-content-layout":"","ast-site-content-layout":"","site-content-style":"default","site-sidebar-style":"default","ast-global-header-display":"","ast-banner-title-visibility":"","ast-main-header-display":"","ast-hfb-above-header-display":"","ast-hfb-below-header-display":"","ast-hfb-mobile-header-display":"","site-post-title":"","ast-breadcrumbs-content":"","ast-featured-img":"","footer-sml-layout":"","theme-transparent-header-meta":"","adv-header-id-meta":"","stick-header-meta":"","header-above-stick-meta":"","header-main-stick-meta":"","header-below-stick-meta":"","astra-migrate-meta-layouts":"default","ast-page-background-enabled":"default","ast-page-background-meta":{"desktop":{"background-color":"var(--ast-global-color-4)","background-image":"","background-repeat":"repeat","background-position":"center center","background-size":"auto","background-attachment":"scroll","background-type":"","background-media":"","overlay-type":"","overlay-color":"","overlay-gradient":""},"tablet":{"background-color":"","background-image":"","background-repeat":"repeat","background-position":"center center","background-size":"auto","background-attachment":"scroll","background-type":"","background-media":"","overlay-type":"","overlay-color":"","overlay-gradient":""},"mobile":{"background-color":"","background-image":"","background-repeat":"repeat","background-position":"center center","background-size":"auto","background-attachment":"scroll","background-type":"","background-media":"","overlay-type":"","overlay-color":"","overlay-gradient":""}},"ast-content-background-meta":{"desktop":{"background-color":"var(--ast-global-color-5)","background-image":"","background-repeat":"repeat","background-position":"center center","background-size":"auto","background-attachment":"scroll","background-type":"","background-media":"","overlay-type":"","overlay-color":"","overlay-gradient":""},"tablet":{"background-color":"var(--ast-global-color-5)","background-image":"","background-repeat":"repeat","background-position":"center center","background-size":"auto","background-attachment":"scroll","background-type":"","background-media":"","overlay-type":"","overlay-color":"","overlay-gradient":""},"mobile":{"background-color":"var(--ast-global-color-5)","background-image":"","background-repeat":"repeat","background-position":"center center","background-size":"auto","background-attachment":"scroll","background-type":"","background-media":"","overlay-type":"","overlay-color":"","overlay-gradient":""}},"footnotes":""},"categories":[6222,39532,12451],"tags":[8656,5137,108706,5139,6197,244181],"class_list":["post-132654","post","type-post","status-publish","format-standard","hentry","category-educacion-especial","category-historia-de-la-psicologia","category-valladolid","tag-agustin-escolano-benito","tag-emilio-garcia-garcia","tag-jose-luis-pinillos","tag-jose-maria-roman-sanchez","tag-pedro-gomez-bosque","tag-tomas-pelaez-reoyo"],"_links":{"self":[{"href":"https:\/\/www.deberes.net\/tesis\/wp-json\/wp\/v2\/posts\/132654","targetHints":{"allow":["GET"]}}],"collection":[{"href":"https:\/\/www.deberes.net\/tesis\/wp-json\/wp\/v2\/posts"}],"about":[{"href":"https:\/\/www.deberes.net\/tesis\/wp-json\/wp\/v2\/types\/post"}],"author":[{"embeddable":true,"href":"https:\/\/www.deberes.net\/tesis\/wp-json\/wp\/v2\/users\/1"}],"replies":[{"embeddable":true,"href":"https:\/\/www.deberes.net\/tesis\/wp-json\/wp\/v2\/comments?post=132654"}],"version-history":[{"count":0,"href":"https:\/\/www.deberes.net\/tesis\/wp-json\/wp\/v2\/posts\/132654\/revisions"}],"wp:attachment":[{"href":"https:\/\/www.deberes.net\/tesis\/wp-json\/wp\/v2\/media?parent=132654"}],"wp:term":[{"taxonomy":"category","embeddable":true,"href":"https:\/\/www.deberes.net\/tesis\/wp-json\/wp\/v2\/categories?post=132654"},{"taxonomy":"post_tag","embeddable":true,"href":"https:\/\/www.deberes.net\/tesis\/wp-json\/wp\/v2\/tags?post=132654"}],"curies":[{"name":"wp","href":"https:\/\/api.w.org\/{rel}","templated":true}]}}