{"id":132672,"date":"2018-03-11T12:58:42","date_gmt":"2018-03-11T12:58:42","guid":{"rendered":"https:\/\/www.deberes.net\/tesis\/sin-categoria\/transport-i-ciutat-una-reflexio-sobre-la-barcelona-contemporania\/"},"modified":"2018-03-11T12:58:42","modified_gmt":"2018-03-11T12:58:42","slug":"transport-i-ciutat-una-reflexio-sobre-la-barcelona-contemporania","status":"publish","type":"post","link":"https:\/\/www.deberes.net\/tesis\/ciencias-tecnologicas\/transport-i-ciutat-una-reflexio-sobre-la-barcelona-contemporania\/","title":{"rendered":"Transport i ciutat: una reflexi\u00f3 sobre la barcelona contempor\u00e1nia"},"content":{"rendered":"<h2>Tesis doctoral de <strong> Mar\u00eda Del Carmen Miralles Guasch <\/strong><\/h2>\n<p>La tesis argumenta que la implantaci\u00f3n de los transportes en la ciudad es el resultado de un conjunto de pol\u00edticas territoriales y sectoriales, dilatadas en el tiempo, expresi\u00f3n de valores y proyectos concretos que afectan directamente a la vida de los ciudadanos, en la medida que determina las posibilidades de desplazarse.  la tesis resigue el conjunto de factores que a lo largo del tiempo han incidido en la inplantaci\u00f3n del transporte colectivo y privado en la ciudad de barcelona, a traves de la divisi\u00f3n por etapas de la historia contemporanea de la ciudad.<\/p>\n<p>&nbsp;<\/p>\n<h3>Datos acad\u00e9micos de la tesis doctoral \u00ab<strong>Transport i ciutat: una reflexi\u00f3 sobre la barcelona contempor\u00e1nia<\/strong>\u00ab<\/h3>\n<ul>\n<li><strong>T\u00edtulo de la tesis:<\/strong>\u00a0 Transport i ciutat: una reflexi\u00f3 sobre la barcelona contempor\u00e1nia <\/li>\n<li><strong>Autor:<\/strong>\u00a0 Mar\u00eda Del Carmen Miralles Guasch <\/li>\n<li><strong>Universidad:<\/strong>\u00a0 Aut\u00f3noma de barcelona<\/li>\n<li><strong>Fecha de lectura de la tesis:<\/strong>\u00a0 29\/05\/1996<\/li>\n<\/ul>\n<p>&nbsp;<\/p>\n<h3>Direcci\u00f3n y tribunal<\/h3>\n<ul>\n<li><strong>Director de la tesis<\/strong>\n<ul>\n<li>Antoni Francesc Tulla Pujol<\/li>\n<\/ul>\n<\/li>\n<li><strong>Tribunal<\/strong>\n<ul>\n<li>Presidente del tribunal: Miguel angel Troiti\u00f1o vinuesa <\/li>\n<li>joana M\u00aa Segu\u00ed pons (vocal)<\/li>\n<li>merc\u00e9 Tatjer mir (vocal)<\/li>\n<li>Francisco Javier Monclus fraga (vocal)<\/li>\n<\/ul>\n<\/li>\n<\/ul>\n<p>&nbsp;<\/p>\n","protected":false},"excerpt":{"rendered":"<p>Tesis doctoral de Mar\u00eda Del Carmen Miralles Guasch La tesis argumenta que la implantaci\u00f3n de los transportes en la ciudad [&hellip;]<\/p>\n","protected":false},"author":1,"featured_media":0,"comment_status":"open","ping_status":"open","sticky":false,"template":"","format":"standard","meta":{"site-sidebar-layout":"default","site-content-layout":"","ast-site-content-layout":"","site-content-style":"default","site-sidebar-style":"default","ast-global-header-display":"","ast-banner-title-visibility":"","ast-main-header-display":"","ast-hfb-above-header-display":"","ast-hfb-below-header-display":"","ast-hfb-mobile-header-display":"","site-post-title":"","ast-breadcrumbs-content":"","ast-featured-img":"","footer-sml-layout":"","theme-transparent-header-meta":"","adv-header-id-meta":"","stick-header-meta":"","header-above-stick-meta":"","header-main-stick-meta":"","header-below-stick-meta":"","astra-migrate-meta-layouts":"default","ast-page-background-enabled":"default","ast-page-background-meta":{"desktop":{"background-color":"var(--ast-global-color-4)","background-image":"","background-repeat":"repeat","background-position":"center center","background-size":"auto","background-attachment":"scroll","background-type":"","background-media":"","overlay-type":"","overlay-color":"","overlay-gradient":""},"tablet":{"background-color":"","background-image":"","background-repeat":"repeat","background-position":"center center","background-size":"auto","background-attachment":"scroll","background-type":"","background-media":"","overlay-type":"","overlay-color":"","overlay-gradient":""},"mobile":{"background-color":"","background-image":"","background-repeat":"repeat","background-position":"center center","background-size":"auto","background-attachment":"scroll","background-type":"","background-media":"","overlay-type":"","overlay-color":"","overlay-gradient":""}},"ast-content-background-meta":{"desktop":{"background-color":"var(--ast-global-color-5)","background-image":"","background-repeat":"repeat","background-position":"center center","background-size":"auto","background-attachment":"scroll","background-type":"","background-media":"","overlay-type":"","overlay-color":"","overlay-gradient":""},"tablet":{"background-color":"var(--ast-global-color-5)","background-image":"","background-repeat":"repeat","background-position":"center center","background-size":"auto","background-attachment":"scroll","background-type":"","background-media":"","overlay-type":"","overlay-color":"","overlay-gradient":""},"mobile":{"background-color":"var(--ast-global-color-5)","background-image":"","background-repeat":"repeat","background-position":"center center","background-size":"auto","background-attachment":"scroll","background-type":"","background-media":"","overlay-type":"","overlay-color":"","overlay-gradient":""}},"footnotes":""},"categories":[332,13112,13113,39104],"tags":[41494,33569,91607,128292,33566,4466],"class_list":["post-132672","post","type-post","status-publish","format-standard","hentry","category-ciencias-tecnologicas","category-medio-urbano","category-planificacion-urbana","category-transporte-urbano","tag-antoni-francesc-tulla-pujol","tag-francisco-javier-monclus-fraga","tag-joana-ma-segui-pons","tag-maria-del-carmen-miralles-guasch","tag-merce-tatjer-mir","tag-miguel-angel-troitino-vinuesa"],"_links":{"self":[{"href":"https:\/\/www.deberes.net\/tesis\/wp-json\/wp\/v2\/posts\/132672","targetHints":{"allow":["GET"]}}],"collection":[{"href":"https:\/\/www.deberes.net\/tesis\/wp-json\/wp\/v2\/posts"}],"about":[{"href":"https:\/\/www.deberes.net\/tesis\/wp-json\/wp\/v2\/types\/post"}],"author":[{"embeddable":true,"href":"https:\/\/www.deberes.net\/tesis\/wp-json\/wp\/v2\/users\/1"}],"replies":[{"embeddable":true,"href":"https:\/\/www.deberes.net\/tesis\/wp-json\/wp\/v2\/comments?post=132672"}],"version-history":[{"count":0,"href":"https:\/\/www.deberes.net\/tesis\/wp-json\/wp\/v2\/posts\/132672\/revisions"}],"wp:attachment":[{"href":"https:\/\/www.deberes.net\/tesis\/wp-json\/wp\/v2\/media?parent=132672"}],"wp:term":[{"taxonomy":"category","embeddable":true,"href":"https:\/\/www.deberes.net\/tesis\/wp-json\/wp\/v2\/categories?post=132672"},{"taxonomy":"post_tag","embeddable":true,"href":"https:\/\/www.deberes.net\/tesis\/wp-json\/wp\/v2\/tags?post=132672"}],"curies":[{"name":"wp","href":"https:\/\/api.w.org\/{rel}","templated":true}]}}