{"id":132674,"date":"1996-10-06T00:00:00","date_gmt":"1996-10-06T00:00:00","guid":{"rendered":"https:\/\/www.deberes.net\/tesis\/sin-categoria\/interaccion-social-e-influencia-educativa-en-el-contexto-familiar\/"},"modified":"1996-10-06T00:00:00","modified_gmt":"1996-10-06T00:00:00","slug":"interaccion-social-e-influencia-educativa-en-el-contexto-familiar","status":"publish","type":"post","link":"https:\/\/www.deberes.net\/tesis\/psicologia\/interaccion-social-e-influencia-educativa-en-el-contexto-familiar\/","title":{"rendered":"Interacci\u00f3n social e influencia educativa en el contexto familiar"},"content":{"rendered":"<h2>Tesis doctoral de <strong> Rosa Mar\u00eda Colomina Alvarez <\/strong><\/h2>\n<p>Este trabajo tiene como objetivo el estudio de algunos procesos y mecanismos interpsicol\u00f3gicos a trav\u00e9s de los cuales el adulto puede ejercer influencia educativa durante la interacci\u00f3n con el ni\u00f1o en el contexto familiar. Concretamente, se centra en el an\u00e1lisis de los procesos de construcci\u00f3n y definici\u00f3n de la actividad conjunta alrededor de una tarea abierta. El marco que se asume como referencia es la concepci\u00f3n constructivista de la ense\u00f1anza y el aprendizaje que fundamenta en algunos principios socioculturales, de inspiraci\u00f3n vigotskiana, su conceptualizaci\u00f3n los procesos de influencia educativa. Los datos emp\u00edricos analizados proceden del registro en v\u00eddeo de seis sesiones de interacci\u00f3n entre madre e hija (5:6 a\u00f1os) en las que ven una pel\u00edcula sobre comportamientos de los personajes de ficci\u00f3n del mundo gnomo y posteriormente juegan con material de ese mundo ficticio. Los resultados muestran la relaci\u00f3n entre estructura de la actividad conjunta e influencia educativa, y la utilidad del modelo de an\u00e1lisis de la interactividad de d\u00edadas y en tareas abiertas.<\/p>\n<p>&nbsp;<\/p>\n<h3>Datos acad\u00e9micos de la tesis doctoral \u00ab<strong>Interacci\u00f3n social e influencia educativa en el contexto familiar<\/strong>\u00ab<\/h3>\n<ul>\n<li><strong>T\u00edtulo de la tesis:<\/strong>\u00a0 Interacci\u00f3n social e influencia educativa en el contexto familiar <\/li>\n<li><strong>Autor:<\/strong>\u00a0 Rosa Mar\u00eda Colomina Alvarez <\/li>\n<li><strong>Universidad:<\/strong>\u00a0 Barcelona<\/li>\n<li><strong>Fecha de lectura de la tesis:<\/strong>\u00a0 10\/06\/1996<\/li>\n<\/ul>\n<p>&nbsp;<\/p>\n<h3>Direcci\u00f3n y tribunal<\/h3>\n<ul>\n<li><strong>Director de la tesis<\/strong>\n<ul>\n<li>Cesar Coll Salvador<\/li>\n<\/ul>\n<\/li>\n<li><strong>Tribunal<\/strong>\n<ul>\n<li>Presidente del tribunal: isabel (secretario) Sol\u00e9 gallart <\/li>\n<li>Mar\u00eda  Elena Mart\u00edn ortega (vocal)<\/li>\n<li>Juan  daniel Ram\u00edrez garrido (vocal)<\/li>\n<li>  (vocal)<\/li>\n<\/ul>\n<\/li>\n<\/ul>\n<p>&nbsp;<\/p>\n","protected":false},"excerpt":{"rendered":"<p>Tesis doctoral de Rosa Mar\u00eda Colomina Alvarez Este trabajo tiene como objetivo el estudio de algunos procesos y mecanismos interpsicol\u00f3gicos [&hellip;]<\/p>\n","protected":false},"author":1,"featured_media":0,"comment_status":"open","ping_status":"open","sticky":false,"template":"","format":"standard","meta":{"site-sidebar-layout":"default","site-content-layout":"","ast-site-content-layout":"","site-content-style":"default","site-sidebar-style":"default","ast-global-header-display":"","ast-banner-title-visibility":"","ast-main-header-display":"","ast-hfb-above-header-display":"","ast-hfb-below-header-display":"","ast-hfb-mobile-header-display":"","site-post-title":"","ast-breadcrumbs-content":"","ast-featured-img":"","footer-sml-layout":"","theme-transparent-header-meta":"","adv-header-id-meta":"","stick-header-meta":"","header-above-stick-meta":"","header-main-stick-meta":"","header-below-stick-meta":"","astra-migrate-meta-layouts":"default","ast-page-background-enabled":"default","ast-page-background-meta":{"desktop":{"background-color":"var(--ast-global-color-4)","background-image":"","background-repeat":"repeat","background-position":"center center","background-size":"auto","background-attachment":"scroll","background-type":"","background-media":"","overlay-type":"","overlay-color":"","overlay-gradient":""},"tablet":{"background-color":"","background-image":"","background-repeat":"repeat","background-position":"center center","background-size":"auto","background-attachment":"scroll","background-type":"","background-media":"","overlay-type":"","overlay-color":"","overlay-gradient":""},"mobile":{"background-color":"","background-image":"","background-repeat":"repeat","background-position":"center center","background-size":"auto","background-attachment":"scroll","background-type":"","background-media":"","overlay-type":"","overlay-color":"","overlay-gradient":""}},"ast-content-background-meta":{"desktop":{"background-color":"var(--ast-global-color-5)","background-image":"","background-repeat":"repeat","background-position":"center center","background-size":"auto","background-attachment":"scroll","background-type":"","background-media":"","overlay-type":"","overlay-color":"","overlay-gradient":""},"tablet":{"background-color":"var(--ast-global-color-5)","background-image":"","background-repeat":"repeat","background-position":"center center","background-size":"auto","background-attachment":"scroll","background-type":"","background-media":"","overlay-type":"","overlay-color":"","overlay-gradient":""},"mobile":{"background-color":"var(--ast-global-color-5)","background-image":"","background-repeat":"repeat","background-position":"center center","background-size":"auto","background-attachment":"scroll","background-type":"","background-media":"","overlay-type":"","overlay-color":"","overlay-gradient":""}},"footnotes":""},"categories":[951,324,970,2758,5174],"tags":[33598,246559,33911,43272,66513],"class_list":["post-132674","post","type-post","status-publish","format-standard","hentry","category-barcelona","category-psicologia","category-psicologia-del-nino-y-del-adolescente","category-psicologia-evolutiva","category-psicopedagogia","tag-cesar-coll-salvador","tag-isabel-secretario-sole-gallart","tag-juan-daniel-ramirez-garrido","tag-maria-elena-martin-ortega","tag-rosa-maria-colomina-alvarez"],"_links":{"self":[{"href":"https:\/\/www.deberes.net\/tesis\/wp-json\/wp\/v2\/posts\/132674","targetHints":{"allow":["GET"]}}],"collection":[{"href":"https:\/\/www.deberes.net\/tesis\/wp-json\/wp\/v2\/posts"}],"about":[{"href":"https:\/\/www.deberes.net\/tesis\/wp-json\/wp\/v2\/types\/post"}],"author":[{"embeddable":true,"href":"https:\/\/www.deberes.net\/tesis\/wp-json\/wp\/v2\/users\/1"}],"replies":[{"embeddable":true,"href":"https:\/\/www.deberes.net\/tesis\/wp-json\/wp\/v2\/comments?post=132674"}],"version-history":[{"count":0,"href":"https:\/\/www.deberes.net\/tesis\/wp-json\/wp\/v2\/posts\/132674\/revisions"}],"wp:attachment":[{"href":"https:\/\/www.deberes.net\/tesis\/wp-json\/wp\/v2\/media?parent=132674"}],"wp:term":[{"taxonomy":"category","embeddable":true,"href":"https:\/\/www.deberes.net\/tesis\/wp-json\/wp\/v2\/categories?post=132674"},{"taxonomy":"post_tag","embeddable":true,"href":"https:\/\/www.deberes.net\/tesis\/wp-json\/wp\/v2\/tags?post=132674"}],"curies":[{"name":"wp","href":"https:\/\/api.w.org\/{rel}","templated":true}]}}