{"id":132678,"date":"2018-03-11T12:58:42","date_gmt":"2018-03-11T12:58:42","guid":{"rendered":"https:\/\/www.deberes.net\/tesis\/sin-categoria\/analisis-desde-la-perspectiva-contable-de-las-cooperativas-agricolas-andaluzas\/"},"modified":"2018-03-11T12:58:42","modified_gmt":"2018-03-11T12:58:42","slug":"analisis-desde-la-perspectiva-contable-de-las-cooperativas-agricolas-andaluzas","status":"publish","type":"post","link":"https:\/\/www.deberes.net\/tesis\/ciencias-economicas\/analisis-desde-la-perspectiva-contable-de-las-cooperativas-agricolas-andaluzas\/","title":{"rendered":"Analisis desde la perspectiva contable de las cooperativas agricolas andaluzas"},"content":{"rendered":"<h2>Tesis doctoral de <strong> M. Mercedes Garcia Ordaz <\/strong><\/h2>\n<p>El objetivo planteado en la tesis es el an\u00e1lisis tanto conceptual como emp\u00edrico de la problem\u00e1tica contable de las cooperativas agr\u00edcolas andaluzas. se analiza pues la funci\u00f3n contable entendida \u00e9sta de la forma m\u00e1s amplia posible, no s\u00f3lo como el registro de unos hechos econ\u00f3micos sino como una actividad que se desarrolla en un tipo de sociedad con unas caracter\u00edsticas peculiares que la diferencian tanto organizativamente como en los recursos humanos o financeros del resto de sociedades. El estudio se ha realizado mediante el contacto directo con la funci\u00f3n de contabilidad de las cooperativas, a trav\u00e9s de los procesos de encuestaci\u00f3n.  los temas que se tratan abarcan desde el estudio del departamento de contabilidad dentro de la estructura org\u00e1nica de la cooperativa, hasta el an\u00e1lisis y soluci\u00f3n de la problem\u00e1tica contable de este tipo de sociedades, as\u00ed se estudia el capital social, las reservas, el c\u00e1lculo y reparto de excedentes, as\u00ed como los procesos de liquidaci\u00f3n de cosechas a los socios.<\/p>\n<p>&nbsp;<\/p>\n<h3>Datos acad\u00e9micos de la tesis doctoral \u00ab<strong>Analisis desde la perspectiva contable de las cooperativas agricolas andaluzas<\/strong>\u00ab<\/h3>\n<ul>\n<li><strong>T\u00edtulo de la tesis:<\/strong>\u00a0 Analisis desde la perspectiva contable de las cooperativas agricolas andaluzas <\/li>\n<li><strong>Autor:<\/strong>\u00a0 M. Mercedes Garcia Ordaz <\/li>\n<li><strong>Universidad:<\/strong>\u00a0 Huelva<\/li>\n<li><strong>Fecha de lectura de la tesis:<\/strong>\u00a0 17\/06\/1996<\/li>\n<\/ul>\n<p>&nbsp;<\/p>\n<h3>Direcci\u00f3n y tribunal<\/h3>\n<ul>\n<li><strong>Director de la tesis<\/strong>\n<ul>\n<li>Manuel Flores Caballero<\/li>\n<\/ul>\n<\/li>\n<li><strong>Tribunal<\/strong>\n<ul>\n<li>Presidente del tribunal: lazaro Rodriguez ariza <\/li>\n<li>domingo Garc\u00eda p\u00e9rez de lema (vocal)<\/li>\n<li>Manuel Carrasco carrasco (vocal)<\/li>\n<li>alfonso Vargas sanchez (vocal)<\/li>\n<\/ul>\n<\/li>\n<\/ul>\n<p>&nbsp;<\/p>\n","protected":false},"excerpt":{"rendered":"<p>Tesis doctoral de M. Mercedes Garcia Ordaz El objetivo planteado en la tesis es el an\u00e1lisis tanto conceptual como emp\u00edrico [&hellip;]<\/p>\n","protected":false},"author":1,"featured_media":0,"comment_status":"open","ping_status":"open","sticky":false,"template":"","format":"standard","meta":{"site-sidebar-layout":"default","site-content-layout":"","ast-site-content-layout":"","site-content-style":"default","site-sidebar-style":"default","ast-global-header-display":"","ast-banner-title-visibility":"","ast-main-header-display":"","ast-hfb-above-header-display":"","ast-hfb-below-header-display":"","ast-hfb-mobile-header-display":"","site-post-title":"","ast-breadcrumbs-content":"","ast-featured-img":"","footer-sml-layout":"","theme-transparent-header-meta":"","adv-header-id-meta":"","stick-header-meta":"","header-above-stick-meta":"","header-main-stick-meta":"","header-below-stick-meta":"","astra-migrate-meta-layouts":"default","ast-page-background-enabled":"default","ast-page-background-meta":{"desktop":{"background-color":"var(--ast-global-color-4)","background-image":"","background-repeat":"repeat","background-position":"center center","background-size":"auto","background-attachment":"scroll","background-type":"","background-media":"","overlay-type":"","overlay-color":"","overlay-gradient":""},"tablet":{"background-color":"","background-image":"","background-repeat":"repeat","background-position":"center center","background-size":"auto","background-attachment":"scroll","background-type":"","background-media":"","overlay-type":"","overlay-color":"","overlay-gradient":""},"mobile":{"background-color":"","background-image":"","background-repeat":"repeat","background-position":"center center","background-size":"auto","background-attachment":"scroll","background-type":"","background-media":"","overlay-type":"","overlay-color":"","overlay-gradient":""}},"ast-content-background-meta":{"desktop":{"background-color":"var(--ast-global-color-5)","background-image":"","background-repeat":"repeat","background-position":"center center","background-size":"auto","background-attachment":"scroll","background-type":"","background-media":"","overlay-type":"","overlay-color":"","overlay-gradient":""},"tablet":{"background-color":"var(--ast-global-color-5)","background-image":"","background-repeat":"repeat","background-position":"center center","background-size":"auto","background-attachment":"scroll","background-type":"","background-media":"","overlay-type":"","overlay-color":"","overlay-gradient":""},"mobile":{"background-color":"var(--ast-global-color-5)","background-image":"","background-repeat":"repeat","background-position":"center center","background-size":"auto","background-attachment":"scroll","background-type":"","background-media":"","overlay-type":"","overlay-color":"","overlay-gradient":""}},"footnotes":""},"categories":[82,1697,18975],"tags":[44241,46376,10814,212506,36283,40535],"class_list":["post-132678","post","type-post","status-publish","format-standard","hentry","category-ciencias-economicas","category-contabilidad-economica","category-huelva","tag-alfonso-vargas-sanchez","tag-domingo-garcia-perez-de-lema","tag-lazaro-rodriguez-ariza","tag-m-mercedes-garcia-ordaz","tag-manuel-carrasco-carrasco","tag-manuel-flores-caballero"],"_links":{"self":[{"href":"https:\/\/www.deberes.net\/tesis\/wp-json\/wp\/v2\/posts\/132678","targetHints":{"allow":["GET"]}}],"collection":[{"href":"https:\/\/www.deberes.net\/tesis\/wp-json\/wp\/v2\/posts"}],"about":[{"href":"https:\/\/www.deberes.net\/tesis\/wp-json\/wp\/v2\/types\/post"}],"author":[{"embeddable":true,"href":"https:\/\/www.deberes.net\/tesis\/wp-json\/wp\/v2\/users\/1"}],"replies":[{"embeddable":true,"href":"https:\/\/www.deberes.net\/tesis\/wp-json\/wp\/v2\/comments?post=132678"}],"version-history":[{"count":0,"href":"https:\/\/www.deberes.net\/tesis\/wp-json\/wp\/v2\/posts\/132678\/revisions"}],"wp:attachment":[{"href":"https:\/\/www.deberes.net\/tesis\/wp-json\/wp\/v2\/media?parent=132678"}],"wp:term":[{"taxonomy":"category","embeddable":true,"href":"https:\/\/www.deberes.net\/tesis\/wp-json\/wp\/v2\/categories?post=132678"},{"taxonomy":"post_tag","embeddable":true,"href":"https:\/\/www.deberes.net\/tesis\/wp-json\/wp\/v2\/tags?post=132678"}],"curies":[{"name":"wp","href":"https:\/\/api.w.org\/{rel}","templated":true}]}}