{"id":132735,"date":"1996-03-12T00:00:00","date_gmt":"1996-03-12T00:00:00","guid":{"rendered":"https:\/\/www.deberes.net\/tesis\/sin-categoria\/tipificacion-de-danos-por-heladas-en-el-cerezo-prunus-aviumlcv-ambrunes-en-el-valle-del-jerte-caceres-determinacion-de-umbrales-de-danos\/"},"modified":"1996-03-12T00:00:00","modified_gmt":"1996-03-12T00:00:00","slug":"tipificacion-de-danos-por-heladas-en-el-cerezo-prunus-aviumlcv-ambrunes-en-el-valle-del-jerte-caceres-determinacion-de-umbrales-de-danos","status":"publish","type":"post","link":"https:\/\/www.deberes.net\/tesis\/ciencias-agrarias\/tipificacion-de-danos-por-heladas-en-el-cerezo-prunus-aviumlcv-ambrunes-en-el-valle-del-jerte-caceres-determinacion-de-umbrales-de-danos\/","title":{"rendered":"Tipificacion de da\u00f1os por heladas en el cerezo (prunus avium,l,c,v, ambrunes) en el valle del jerte caceres). determinacion de umbrales de da\u00f1os."},"content":{"rendered":"<h2>Tesis doctoral de <strong> Mar\u00eda \u00e1ngeles Rozas Espadas <\/strong><\/h2>\n<p>La evaluaci\u00f3n de da\u00f1os por heladas en cerezos en el valle del jerte (c\u00e1ceres)presnta dificultad por la falta de correspondencia entre la descripci\u00f3n morfologica del da\u00f1o y la transcendencia real que para el desarrollo de los frutos tiene el descanso t\u00e9rmico.  en esta tesis se han tipificado las heladas primaverales coincidentes con los periodos de actividad del cerezo(prumus avium l,c,v, ambrun\u00e9s)en el valle del jerte (c\u00e1ceres), as\u00ed mismo se han determinado los umbrales de da\u00f1os por fr\u00edo en relaci\u00f3n con los rangos de los variables estados fenol\u00f3gicos, temperatura y tiempo de exposici\u00f3n a \u00e9stos.Por \u00faltimo se han descrito la tipolog\u00eda de los da\u00f1os producidos en yemas, flores y frutos recien cuajados.<\/p>\n<p>&nbsp;<\/p>\n<h3>Datos acad\u00e9micos de la tesis doctoral \u00ab<strong>Tipificacion de da\u00f1os por heladas en el cerezo (prunus avium,l,c,v, ambrunes) en el valle del jerte caceres). determinacion de umbrales de da\u00f1os.<\/strong>\u00ab<\/h3>\n<ul>\n<li><strong>T\u00edtulo de la tesis:<\/strong>\u00a0 Tipificacion de da\u00f1os por heladas en el cerezo (prunus avium,l,c,v, ambrunes) en el valle del jerte caceres). determinacion de umbrales de da\u00f1os. <\/li>\n<li><strong>Autor:<\/strong>\u00a0 Mar\u00eda \u00e1ngeles Rozas Espadas <\/li>\n<li><strong>Universidad:<\/strong>\u00a0 Extremadura<\/li>\n<li><strong>Fecha de lectura de la tesis:<\/strong>\u00a0 03\/12\/1996<\/li>\n<\/ul>\n<p>&nbsp;<\/p>\n<h3>Direcci\u00f3n y tribunal<\/h3>\n<ul>\n<li><strong>Director de la tesis<\/strong>\n<ul>\n<li>Jos\u00e9 Miguel Coleto Mart\u00ednez<\/li>\n<\/ul>\n<\/li>\n<li><strong>Tribunal<\/strong>\n<ul>\n<li>Presidente del tribunal: leopoldo Olea m\u00e1rquez de prado <\/li>\n<li>Francisco Pulido Garc\u00eda (vocal)<\/li>\n<li>inmaculada Montero ruiz (vocal)<\/li>\n<li>paloma Bartolome garcia (vocal)<\/li>\n<\/ul>\n<\/li>\n<\/ul>\n<p>&nbsp;<\/p>\n","protected":false},"excerpt":{"rendered":"<p>Tesis doctoral de Mar\u00eda \u00e1ngeles Rozas Espadas La evaluaci\u00f3n de da\u00f1os por heladas en cerezos en el valle del jerte [&hellip;]<\/p>\n","protected":false},"author":1,"featured_media":0,"comment_status":"open","ping_status":"open","sticky":false,"template":"","format":"standard","meta":{"site-sidebar-layout":"default","site-content-layout":"","ast-site-content-layout":"","site-content-style":"default","site-sidebar-style":"default","ast-global-header-display":"","ast-banner-title-visibility":"","ast-main-header-display":"","ast-hfb-above-header-display":"","ast-hfb-below-header-display":"","ast-hfb-mobile-header-display":"","site-post-title":"","ast-breadcrumbs-content":"","ast-featured-img":"","footer-sml-layout":"","theme-transparent-header-meta":"","adv-header-id-meta":"","stick-header-meta":"","header-above-stick-meta":"","header-main-stick-meta":"","header-below-stick-meta":"","astra-migrate-meta-layouts":"default","ast-page-background-enabled":"default","ast-page-background-meta":{"desktop":{"background-color":"var(--ast-global-color-4)","background-image":"","background-repeat":"repeat","background-position":"center center","background-size":"auto","background-attachment":"scroll","background-type":"","background-media":"","overlay-type":"","overlay-color":"","overlay-gradient":""},"tablet":{"background-color":"","background-image":"","background-repeat":"repeat","background-position":"center center","background-size":"auto","background-attachment":"scroll","background-type":"","background-media":"","overlay-type":"","overlay-color":"","overlay-gradient":""},"mobile":{"background-color":"","background-image":"","background-repeat":"repeat","background-position":"center center","background-size":"auto","background-attachment":"scroll","background-type":"","background-media":"","overlay-type":"","overlay-color":"","overlay-gradient":""}},"ast-content-background-meta":{"desktop":{"background-color":"var(--ast-global-color-5)","background-image":"","background-repeat":"repeat","background-position":"center center","background-size":"auto","background-attachment":"scroll","background-type":"","background-media":"","overlay-type":"","overlay-color":"","overlay-gradient":""},"tablet":{"background-color":"var(--ast-global-color-5)","background-image":"","background-repeat":"repeat","background-position":"center center","background-size":"auto","background-attachment":"scroll","background-type":"","background-media":"","overlay-type":"","overlay-color":"","overlay-gradient":""},"mobile":{"background-color":"var(--ast-global-color-5)","background-image":"","background-repeat":"repeat","background-position":"center center","background-size":"auto","background-attachment":"scroll","background-type":"","background-media":"","overlay-type":"","overlay-color":"","overlay-gradient":""}},"footnotes":""},"categories":[494,949,11522,2031,2088],"tags":[19593,19547,33339,1999,246630,246631],"class_list":["post-132735","post","type-post","status-publish","format-standard","hentry","category-ciencias-agrarias","category-extremadura","category-fruticultura","category-horticultura","category-produccion-de-cultivos-horticolas","tag-francisco-pulido-garcia","tag-inmaculada-montero-ruiz","tag-jose-miguel-coleto-Martinez","tag-leopoldo-olea-marquez-de-prado","tag-maria-angeles-rozas-espadas","tag-paloma-bartolome-garcia"],"_links":{"self":[{"href":"https:\/\/www.deberes.net\/tesis\/wp-json\/wp\/v2\/posts\/132735","targetHints":{"allow":["GET"]}}],"collection":[{"href":"https:\/\/www.deberes.net\/tesis\/wp-json\/wp\/v2\/posts"}],"about":[{"href":"https:\/\/www.deberes.net\/tesis\/wp-json\/wp\/v2\/types\/post"}],"author":[{"embeddable":true,"href":"https:\/\/www.deberes.net\/tesis\/wp-json\/wp\/v2\/users\/1"}],"replies":[{"embeddable":true,"href":"https:\/\/www.deberes.net\/tesis\/wp-json\/wp\/v2\/comments?post=132735"}],"version-history":[{"count":0,"href":"https:\/\/www.deberes.net\/tesis\/wp-json\/wp\/v2\/posts\/132735\/revisions"}],"wp:attachment":[{"href":"https:\/\/www.deberes.net\/tesis\/wp-json\/wp\/v2\/media?parent=132735"}],"wp:term":[{"taxonomy":"category","embeddable":true,"href":"https:\/\/www.deberes.net\/tesis\/wp-json\/wp\/v2\/categories?post=132735"},{"taxonomy":"post_tag","embeddable":true,"href":"https:\/\/www.deberes.net\/tesis\/wp-json\/wp\/v2\/tags?post=132735"}],"curies":[{"name":"wp","href":"https:\/\/api.w.org\/{rel}","templated":true}]}}