{"id":132736,"date":"1996-04-12T00:00:00","date_gmt":"1996-04-12T00:00:00","guid":{"rendered":"https:\/\/www.deberes.net\/tesis\/sin-categoria\/el-primer-centro-universitario-extremeno-badajoz-1793-origen-estructura-docente-e-influencias-culturales-del-seminario\/"},"modified":"1996-04-12T00:00:00","modified_gmt":"1996-04-12T00:00:00","slug":"el-primer-centro-universitario-extremeno-badajoz-1793-origen-estructura-docente-e-influencias-culturales-del-seminario","status":"publish","type":"post","link":"https:\/\/www.deberes.net\/tesis\/historia\/el-primer-centro-universitario-extremeno-badajoz-1793-origen-estructura-docente-e-influencias-culturales-del-seminario\/","title":{"rendered":"El primer centro universitario extreme\u00f1o: badajoz 1793 origen estructura docente e influencias culturales del seminario"},"content":{"rendered":"<h2>Tesis doctoral de <strong> Mateo Blanco Cotano <\/strong><\/h2>\n<p>El trabajo de investigaci\u00f3n estudia la historia pedag\u00f3gica del seminario de badajoz como el centro educativo m\u00e1s importante de la baja extremadura desde el a\u00f1o 1664 a 1845.  en la primera parte, en los antecedentes hist\u00f3ricos del seminario se describe la situaci\u00f3n de la ense\u00f1anza en el badajoz de finales del xvi y principios del xviii, destacando la fundaci\u00f3n de la escuela de gram\u00e1tica de don sancho de fonseca, que el autor considera la primera escuela de gram\u00e1tica de badajoz. la fundaci\u00f3n del seminario, primeras constituciones, la vida colegial en el primer siglo de vida de la instituci\u00f3n completan la primera parte del estudio.  en la segunda parte se estudia otros siglo de vida del centro -desde mediados del xviii hasta el a\u00f1o 1845- tiempo en el que se estudia la influencia de la ilustraci\u00f3n en el centro educativo y en el entorno. El crecimiento y prestigio que alcanza el colegio-seminario le permite conseguir, en 1793, la categor\u00eda de centro universitario, adscrito en un primer momento a la universidad de salamanca, para, a\u00f1os despu\u00e9s, depender de la universidad de sevilla.  el estudio termina en el a\u00f1os 1845 en el que, al aparecer el primer instituto centro de sedundaria, el seminario pierde el protagonismo que hasta entonces hab\u00eda tenido en la provincia.<\/p>\n<p>&nbsp;<\/p>\n<h3>Datos acad\u00e9micos de la tesis doctoral \u00ab<strong>El primer centro universitario extreme\u00f1o: badajoz 1793 origen estructura docente e influencias culturales del seminario<\/strong>\u00ab<\/h3>\n<ul>\n<li><strong>T\u00edtulo de la tesis:<\/strong>\u00a0 El primer centro universitario extreme\u00f1o: badajoz 1793 origen estructura docente e influencias culturales del seminario <\/li>\n<li><strong>Autor:<\/strong>\u00a0 Mateo Blanco Cotano <\/li>\n<li><strong>Universidad:<\/strong>\u00a0 Extremadura<\/li>\n<li><strong>Fecha de lectura de la tesis:<\/strong>\u00a0 04\/12\/1996<\/li>\n<\/ul>\n<p>&nbsp;<\/p>\n<h3>Direcci\u00f3n y tribunal<\/h3>\n<ul>\n<li><strong>Director de la tesis<\/strong>\n<ul>\n<li>Francisco Javier Vergara Ciordia<\/li>\n<\/ul>\n<\/li>\n<li><strong>Tribunal<\/strong>\n<ul>\n<li>Presidente del tribunal: aurora Gutierrez gutierrez <\/li>\n<li>conrad Vilanou torrado (vocal)<\/li>\n<li>julio Fern\u00e1ndez nieva (vocal)<\/li>\n<li>felicidad S\u00e1nchez pascua (vocal)<\/li>\n<\/ul>\n<\/li>\n<\/ul>\n<p>&nbsp;<\/p>\n","protected":false},"excerpt":{"rendered":"<p>Tesis doctoral de Mateo Blanco Cotano El trabajo de investigaci\u00f3n estudia la historia pedag\u00f3gica del seminario de badajoz como el [&hellip;]<\/p>\n","protected":false},"author":1,"featured_media":0,"comment_status":"open","ping_status":"open","sticky":false,"template":"","format":"standard","meta":{"site-sidebar-layout":"default","site-content-layout":"","ast-site-content-layout":"","site-content-style":"default","site-sidebar-style":"default","ast-global-header-display":"","ast-banner-title-visibility":"","ast-main-header-display":"","ast-hfb-above-header-display":"","ast-hfb-below-header-display":"","ast-hfb-mobile-header-display":"","site-post-title":"","ast-breadcrumbs-content":"","ast-featured-img":"","footer-sml-layout":"","theme-transparent-header-meta":"","adv-header-id-meta":"","stick-header-meta":"","header-above-stick-meta":"","header-main-stick-meta":"","header-below-stick-meta":"","astra-migrate-meta-layouts":"default","ast-page-background-enabled":"default","ast-page-background-meta":{"desktop":{"background-color":"var(--ast-global-color-4)","background-image":"","background-repeat":"repeat","background-position":"center center","background-size":"auto","background-attachment":"scroll","background-type":"","background-media":"","overlay-type":"","overlay-color":"","overlay-gradient":""},"tablet":{"background-color":"","background-image":"","background-repeat":"repeat","background-position":"center center","background-size":"auto","background-attachment":"scroll","background-type":"","background-media":"","overlay-type":"","overlay-color":"","overlay-gradient":""},"mobile":{"background-color":"","background-image":"","background-repeat":"repeat","background-position":"center center","background-size":"auto","background-attachment":"scroll","background-type":"","background-media":"","overlay-type":"","overlay-color":"","overlay-gradient":""}},"ast-content-background-meta":{"desktop":{"background-color":"var(--ast-global-color-5)","background-image":"","background-repeat":"repeat","background-position":"center center","background-size":"auto","background-attachment":"scroll","background-type":"","background-media":"","overlay-type":"","overlay-color":"","overlay-gradient":""},"tablet":{"background-color":"var(--ast-global-color-5)","background-image":"","background-repeat":"repeat","background-position":"center center","background-size":"auto","background-attachment":"scroll","background-type":"","background-media":"","overlay-type":"","overlay-color":"","overlay-gradient":""},"mobile":{"background-color":"var(--ast-global-color-5)","background-image":"","background-repeat":"repeat","background-position":"center center","background-size":"auto","background-attachment":"scroll","background-type":"","background-media":"","overlay-type":"","overlay-color":"","overlay-gradient":""}},"footnotes":""},"categories":[949,104,311,222],"tags":[246633,19817,56534,17236,39076,246632],"class_list":["post-132736","post","type-post","status-publish","format-standard","hentry","category-extremadura","category-historia","category-historia-de-la-educacion","category-historias-especializadas","tag-aurora-gutierrez-gutierrez","tag-conrad-vilanou-torrado","tag-felicidad-sanchez-pascua","tag-francisco-javier-vergara-ciordia","tag-julio-fernandez-nieva","tag-mateo-blanco-cotano"],"_links":{"self":[{"href":"https:\/\/www.deberes.net\/tesis\/wp-json\/wp\/v2\/posts\/132736","targetHints":{"allow":["GET"]}}],"collection":[{"href":"https:\/\/www.deberes.net\/tesis\/wp-json\/wp\/v2\/posts"}],"about":[{"href":"https:\/\/www.deberes.net\/tesis\/wp-json\/wp\/v2\/types\/post"}],"author":[{"embeddable":true,"href":"https:\/\/www.deberes.net\/tesis\/wp-json\/wp\/v2\/users\/1"}],"replies":[{"embeddable":true,"href":"https:\/\/www.deberes.net\/tesis\/wp-json\/wp\/v2\/comments?post=132736"}],"version-history":[{"count":0,"href":"https:\/\/www.deberes.net\/tesis\/wp-json\/wp\/v2\/posts\/132736\/revisions"}],"wp:attachment":[{"href":"https:\/\/www.deberes.net\/tesis\/wp-json\/wp\/v2\/media?parent=132736"}],"wp:term":[{"taxonomy":"category","embeddable":true,"href":"https:\/\/www.deberes.net\/tesis\/wp-json\/wp\/v2\/categories?post=132736"},{"taxonomy":"post_tag","embeddable":true,"href":"https:\/\/www.deberes.net\/tesis\/wp-json\/wp\/v2\/tags?post=132736"}],"curies":[{"name":"wp","href":"https:\/\/api.w.org\/{rel}","templated":true}]}}