{"id":132745,"date":"2018-03-11T12:58:48","date_gmt":"2018-03-11T12:58:48","guid":{"rendered":"https:\/\/www.deberes.net\/tesis\/sin-categoria\/estudio-aeropalinologico-de-la-ciudad-de-badajoz\/"},"modified":"2018-03-11T12:58:48","modified_gmt":"2018-03-11T12:58:48","slug":"estudio-aeropalinologico-de-la-ciudad-de-badajoz","status":"publish","type":"post","link":"https:\/\/www.deberes.net\/tesis\/ciencias-de-la-vida\/estudio-aeropalinologico-de-la-ciudad-de-badajoz\/","title":{"rendered":"Estudio aeropalinol\u00f3gico de la ciudad de badajoz"},"content":{"rendered":"<h2>Tesis doctoral de <strong> Inmaculada Silva Palacios <\/strong><\/h2>\n<p>Duarante los a\u00f1os 1993 a 1995 se ha estudiado el contenido en granos de polen de la atm\u00f3sfera de la ciudad de badajoz, utilizando un captador aerobiol\u00f3gico ubicado en la escuela de ingenieros agrarias.  se han identificado m\u00e1s de 80 tipos pol\u00ednicos, estableci\u00e9ndose calendarios pol\u00ednicos y modelos de concentraci\u00f3n diaria para los m\u00e1s importantes.  las concentraciones totales m\u00e1s elevadas aparecen durante los meses de febrero a junio, con valores medios superiores a los 100 granos de polen por metro c\u00fabico, y las m\u00e1ximas en abril, con m\u00e1s de 400. Los granos m\u00e1s frecuentes son los de quercus sp. -Encinas, alcornoques y melojos -(con m\u00e1s de 1500 granos de polen por metro c\u00fabico algunos d\u00edas), gram\u00edneas y olivo (ambos con hasta 500 granos de polen por metro c\u00fabico). A lo largo del d\u00eda la concentraci\u00f3n se hace m\u00e1xima alrededor del medio d\u00eda solar y el pirncipio de la tarde y m\u00ednima durante la noche. Se ha estudiado la influencia de la precipitaci\u00f3n, la temperatura y el viento con la concentraci\u00f3n de polen, siendo la direcci\u00f3n del viento y la temperatura los factores meteorol\u00f3gicos que m\u00e1s afectan.<\/p>\n<p>&nbsp;<\/p>\n<h3>Datos acad\u00e9micos de la tesis doctoral \u00ab<strong>Estudio aeropalinol\u00f3gico de la ciudad de badajoz<\/strong>\u00ab<\/h3>\n<ul>\n<li><strong>T\u00edtulo de la tesis:<\/strong>\u00a0 Estudio aeropalinol\u00f3gico de la ciudad de badajoz <\/li>\n<li><strong>Autor:<\/strong>\u00a0 Inmaculada Silva Palacios <\/li>\n<li><strong>Universidad:<\/strong>\u00a0 Extremadura<\/li>\n<li><strong>Fecha de lectura de la tesis:<\/strong>\u00a0 16\/12\/1996<\/li>\n<\/ul>\n<p>&nbsp;<\/p>\n<h3>Direcci\u00f3n y tribunal<\/h3>\n<ul>\n<li><strong>Director de la tesis<\/strong>\n<ul>\n<li>Rafael Tormo Molina<\/li>\n<\/ul>\n<\/li>\n<li><strong>Tribunal<\/strong>\n<ul>\n<li>Presidente del tribunal: leopoldo Olea m\u00e1rquez de prado <\/li>\n<li>M\u00aa angeles Gonzalo garijo (vocal)<\/li>\n<li>inmaculada Fern\u00e1ndez gonz\u00e1lez (vocal)<\/li>\n<li>m. Jos\u00e9 D\u00edez dapena (vocal)<\/li>\n<\/ul>\n<\/li>\n<\/ul>\n<p>&nbsp;<\/p>\n","protected":false},"excerpt":{"rendered":"<p>Tesis doctoral de Inmaculada Silva Palacios Duarante los a\u00f1os 1993 a 1995 se ha estudiado el contenido en granos de [&hellip;]<\/p>\n","protected":false},"author":1,"featured_media":0,"comment_status":"open","ping_status":"open","sticky":false,"template":"","format":"standard","meta":{"site-sidebar-layout":"default","site-content-layout":"","ast-site-content-layout":"","site-content-style":"default","site-sidebar-style":"default","ast-global-header-display":"","ast-banner-title-visibility":"","ast-main-header-display":"","ast-hfb-above-header-display":"","ast-hfb-below-header-display":"","ast-hfb-mobile-header-display":"","site-post-title":"","ast-breadcrumbs-content":"","ast-featured-img":"","footer-sml-layout":"","theme-transparent-header-meta":"","adv-header-id-meta":"","stick-header-meta":"","header-above-stick-meta":"","header-main-stick-meta":"","header-below-stick-meta":"","astra-migrate-meta-layouts":"default","ast-page-background-enabled":"default","ast-page-background-meta":{"desktop":{"background-color":"var(--ast-global-color-4)","background-image":"","background-repeat":"repeat","background-position":"center center","background-size":"auto","background-attachment":"scroll","background-type":"","background-media":"","overlay-type":"","overlay-color":"","overlay-gradient":""},"tablet":{"background-color":"","background-image":"","background-repeat":"repeat","background-position":"center center","background-size":"auto","background-attachment":"scroll","background-type":"","background-media":"","overlay-type":"","overlay-color":"","overlay-gradient":""},"mobile":{"background-color":"","background-image":"","background-repeat":"repeat","background-position":"center center","background-size":"auto","background-attachment":"scroll","background-type":"","background-media":"","overlay-type":"","overlay-color":"","overlay-gradient":""}},"ast-content-background-meta":{"desktop":{"background-color":"var(--ast-global-color-5)","background-image":"","background-repeat":"repeat","background-position":"center center","background-size":"auto","background-attachment":"scroll","background-type":"","background-media":"","overlay-type":"","overlay-color":"","overlay-gradient":""},"tablet":{"background-color":"var(--ast-global-color-5)","background-image":"","background-repeat":"repeat","background-position":"center center","background-size":"auto","background-attachment":"scroll","background-type":"","background-media":"","overlay-type":"","overlay-color":"","overlay-gradient":""},"mobile":{"background-color":"var(--ast-global-color-5)","background-image":"","background-repeat":"repeat","background-position":"center center","background-size":"auto","background-attachment":"scroll","background-type":"","background-media":"","overlay-type":"","overlay-color":"","overlay-gradient":""}},"footnotes":""},"categories":[972,621,35,949,3856],"tags":[19549,129306,1999,246646,129305,19548],"class_list":["post-132745","post","type-post","status-publish","format-standard","hentry","category-botanica","category-botanica-general","category-ciencias-de-la-vida","category-extremadura","category-paleontologia","tag-inmaculada-fernandez-gonzalez","tag-inmaculada-silva-palacios","tag-leopoldo-olea-marquez-de-prado","tag-m-jose-diez-dapena","tag-ma-angeles-gonzalo-garijo","tag-rafael-tormo-molina"],"_links":{"self":[{"href":"https:\/\/www.deberes.net\/tesis\/wp-json\/wp\/v2\/posts\/132745","targetHints":{"allow":["GET"]}}],"collection":[{"href":"https:\/\/www.deberes.net\/tesis\/wp-json\/wp\/v2\/posts"}],"about":[{"href":"https:\/\/www.deberes.net\/tesis\/wp-json\/wp\/v2\/types\/post"}],"author":[{"embeddable":true,"href":"https:\/\/www.deberes.net\/tesis\/wp-json\/wp\/v2\/users\/1"}],"replies":[{"embeddable":true,"href":"https:\/\/www.deberes.net\/tesis\/wp-json\/wp\/v2\/comments?post=132745"}],"version-history":[{"count":0,"href":"https:\/\/www.deberes.net\/tesis\/wp-json\/wp\/v2\/posts\/132745\/revisions"}],"wp:attachment":[{"href":"https:\/\/www.deberes.net\/tesis\/wp-json\/wp\/v2\/media?parent=132745"}],"wp:term":[{"taxonomy":"category","embeddable":true,"href":"https:\/\/www.deberes.net\/tesis\/wp-json\/wp\/v2\/categories?post=132745"},{"taxonomy":"post_tag","embeddable":true,"href":"https:\/\/www.deberes.net\/tesis\/wp-json\/wp\/v2\/tags?post=132745"}],"curies":[{"name":"wp","href":"https:\/\/api.w.org\/{rel}","templated":true}]}}