{"id":13287,"date":"2018-03-09T08:59:31","date_gmt":"2018-03-09T08:59:31","guid":{"rendered":"https:\/\/www.deberes.net\/tesis\/sin-categoria\/sobre-anillos-de-cocientes-y-ordenes-fountain-gould\/"},"modified":"2018-03-09T08:59:31","modified_gmt":"2018-03-09T08:59:31","slug":"sobre-anillos-de-cocientes-y-ordenes-fountain-gould","status":"publish","type":"post","link":"https:\/\/www.deberes.net\/tesis\/matematicas\/sobre-anillos-de-cocientes-y-ordenes-fountain-gould\/","title":{"rendered":"Sobre anillos de cocientes y \u00f3rdenes fountain-gould"},"content":{"rendered":"<h2>Tesis doctoral de <strong> Miguel \u00e1ngel Gomez Lozano <\/strong><\/h2>\n<p>La memoria se enmarca en el contexto del \u00e1lgebra, en el estudio de los sistemas de cocientes de anillos asociativos y alterantiavos y pares asociativos.  pasamos a enumerar los objetivos del mismo;  en anillos asociativos: damos una nueva visi\u00f3n de los \u00f3rdes fountain-gould por la izquierda en anillos semiprimos que coinciden con su z\u00f3calo, usando para ello, y hablando groso modo, dos herramientas: los anillos locales en elementos y el anillo de cocientes por la izquierda maximal. Tambi\u00e9n conseguimos una generalizaci\u00f3n del teorema gabriel.  en pares asociativos: introducimos, y estudiamos, los pares generales de cocientes por la izquierda de un par asociativo, y establecemos los teoremas de johnson y gabriel para tales pares.  en anillos alternativos: introducimos, entre otras, las nociones de anillo general de cocientes y de orden fountain-gould por la izquierda, y damos teoremas tipo goldie que caracterizan los \u00f3rdenes por la izquierda en anillos semiprimos que coinciden en su z\u00f3calo (\u00e9stos \u00faltimos fueron clasificados por slater. Debido a la generalidad de las nociones con las que tratamos, nuestros resultados incluyen los de teor\u00eda cl\u00e1sica de goldie para anillos alternativos de essannouni y kaidi.<\/p>\n<p>&nbsp;<\/p>\n<h3>Datos acad\u00e9micos de la tesis doctoral \u00ab<strong>Sobre anillos de cocientes y \u00f3rdenes fountain-gould<\/strong>\u00ab<\/h3>\n<ul>\n<li><strong>T\u00edtulo de la tesis:<\/strong>\u00a0 Sobre anillos de cocientes y \u00f3rdenes fountain-gould <\/li>\n<li><strong>Autor:<\/strong>\u00a0 Miguel \u00e1ngel Gomez Lozano <\/li>\n<li><strong>Universidad:<\/strong>\u00a0 M\u00e1laga<\/li>\n<li><strong>Fecha de lectura de la tesis:<\/strong>\u00a0 16\/10\/2001<\/li>\n<\/ul>\n<p>&nbsp;<\/p>\n<h3>Direcci\u00f3n y tribunal<\/h3>\n<ul>\n<li><strong>Director de la tesis<\/strong>\n<ul>\n<li>Mercedes Siles Molina<\/li>\n<\/ul>\n<\/li>\n<li><strong>Tribunal<\/strong>\n<ul>\n<li>Presidente del tribunal: pere Ara bertr\u00e1n <\/li>\n<li> Anquela vicente Jos\u00e9 \u00e1ngel (vocal)<\/li>\n<li> Cortes gracia teresa de Jes\u00fas (vocal)<\/li>\n<li>Fernando Montaner frutos (vocal)<\/li>\n<\/ul>\n<\/li>\n<\/ul>\n<p>&nbsp;<\/p>\n","protected":false},"excerpt":{"rendered":"<p>Tesis doctoral de Miguel \u00e1ngel Gomez Lozano La memoria se enmarca en el contexto del \u00e1lgebra, en el estudio de [&hellip;]<\/p>\n","protected":false},"author":1,"featured_media":0,"comment_status":"open","ping_status":"open","sticky":false,"template":"","format":"standard","meta":{"site-sidebar-layout":"default","site-content-layout":"","ast-site-content-layout":"","site-content-style":"default","site-sidebar-style":"default","ast-global-header-display":"","ast-banner-title-visibility":"","ast-main-header-display":"","ast-hfb-above-header-display":"","ast-hfb-below-header-display":"","ast-hfb-mobile-header-display":"","site-post-title":"","ast-breadcrumbs-content":"","ast-featured-img":"","footer-sml-layout":"","theme-transparent-header-meta":"","adv-header-id-meta":"","stick-header-meta":"","header-above-stick-meta":"","header-main-stick-meta":"","header-below-stick-meta":"","astra-migrate-meta-layouts":"default","ast-page-background-enabled":"default","ast-page-background-meta":{"desktop":{"background-color":"var(--ast-global-color-4)","background-image":"","background-repeat":"repeat","background-position":"center center","background-size":"auto","background-attachment":"scroll","background-type":"","background-media":"","overlay-type":"","overlay-color":"","overlay-gradient":""},"tablet":{"background-color":"","background-image":"","background-repeat":"repeat","background-position":"center center","background-size":"auto","background-attachment":"scroll","background-type":"","background-media":"","overlay-type":"","overlay-color":"","overlay-gradient":""},"mobile":{"background-color":"","background-image":"","background-repeat":"repeat","background-position":"center center","background-size":"auto","background-attachment":"scroll","background-type":"","background-media":"","overlay-type":"","overlay-color":"","overlay-gradient":""}},"ast-content-background-meta":{"desktop":{"background-color":"var(--ast-global-color-5)","background-image":"","background-repeat":"repeat","background-position":"center center","background-size":"auto","background-attachment":"scroll","background-type":"","background-media":"","overlay-type":"","overlay-color":"","overlay-gradient":""},"tablet":{"background-color":"var(--ast-global-color-5)","background-image":"","background-repeat":"repeat","background-position":"center center","background-size":"auto","background-attachment":"scroll","background-type":"","background-media":"","overlay-type":"","overlay-color":"","overlay-gradient":""},"mobile":{"background-color":"var(--ast-global-color-5)","background-image":"","background-repeat":"repeat","background-position":"center center","background-size":"auto","background-attachment":"scroll","background-type":"","background-media":"","overlay-type":"","overlay-color":"","overlay-gradient":""}},"footnotes":""},"categories":[2809,36884,4335,7834,126],"tags":[39386,43193,39388,43192,43191,8455],"class_list":["post-13287","post","type-post","status-publish","format-standard","hentry","category-algebra","category-algebras-no-asociativas","category-campos-anillos-y-algebras","category-malaga","category-matematicas","tag-anquela-vicente-jose-angel","tag-cortes-gracia-teresa-de-jesus","tag-fernando-montaner-frutos","tag-mercedes-siles-molina","tag-miguel-angel-gomez-lozano","tag-pere-ara-bertran"],"_links":{"self":[{"href":"https:\/\/www.deberes.net\/tesis\/wp-json\/wp\/v2\/posts\/13287","targetHints":{"allow":["GET"]}}],"collection":[{"href":"https:\/\/www.deberes.net\/tesis\/wp-json\/wp\/v2\/posts"}],"about":[{"href":"https:\/\/www.deberes.net\/tesis\/wp-json\/wp\/v2\/types\/post"}],"author":[{"embeddable":true,"href":"https:\/\/www.deberes.net\/tesis\/wp-json\/wp\/v2\/users\/1"}],"replies":[{"embeddable":true,"href":"https:\/\/www.deberes.net\/tesis\/wp-json\/wp\/v2\/comments?post=13287"}],"version-history":[{"count":0,"href":"https:\/\/www.deberes.net\/tesis\/wp-json\/wp\/v2\/posts\/13287\/revisions"}],"wp:attachment":[{"href":"https:\/\/www.deberes.net\/tesis\/wp-json\/wp\/v2\/media?parent=13287"}],"wp:term":[{"taxonomy":"category","embeddable":true,"href":"https:\/\/www.deberes.net\/tesis\/wp-json\/wp\/v2\/categories?post=13287"},{"taxonomy":"post_tag","embeddable":true,"href":"https:\/\/www.deberes.net\/tesis\/wp-json\/wp\/v2\/tags?post=13287"}],"curies":[{"name":"wp","href":"https:\/\/api.w.org\/{rel}","templated":true}]}}