{"id":132919,"date":"1997-01-01T00:00:00","date_gmt":"1997-01-01T00:00:00","guid":{"rendered":"https:\/\/www.deberes.net\/tesis\/sin-categoria\/la-manufactura-de-la-lana-en-mallorca-1400-1700-gremios-artesanos-y-comerciantes\/"},"modified":"1997-01-01T00:00:00","modified_gmt":"1997-01-01T00:00:00","slug":"la-manufactura-de-la-lana-en-mallorca-1400-1700-gremios-artesanos-y-comerciantes","status":"publish","type":"post","link":"https:\/\/www.deberes.net\/tesis\/historia\/la-manufactura-de-la-lana-en-mallorca-1400-1700-gremios-artesanos-y-comerciantes\/","title":{"rendered":"La manufactura de la lana en mallorca (1400-1700): gremios, artesanos y comerciantes."},"content":{"rendered":"<h2>Tesis doctoral de <strong> Miquel Jos\u00e9 Dey\u00e1 Bauz\u00e1 <\/strong><\/h2>\n<p>El objeto de estudio de la tesis es analizar la evolucion de la manufactura de la lana en mallorca entre el siglo xv y xvii, tanto en sus aspectos cuantitativos como cualitativos. Se examina la normativa que rigio el sector durante estos siglos, aspecto que se complementa con los datos aportados por la documentacion notarial que nos ofrece mas informacion sobre las condiciones reales en que se desarrollaba la produccion (organizacion laboral, relaciones entre capital y trabajo, relaciones entre industria rural y urbana, etc.). Para los siglos xvi y xvii se establece una cronolog\u00eda de la evolucion de la produccion en su vertiente cuantitativa, llegandose a la conclusion de que el periodo de mayores volumenes de produccion se situo entre 1609 y 1630, sobre todo gracias a la exportacion de manufacturas. A partir de 1645 el sector entro en una crisis que puede hacerse extensiva a toda la segunda mitad del siglo xvii. Tras estudiar la evolucion del sector en su conjunto se pasa al estudio de artesanos y mercaderes concretos.<\/p>\n<p>&nbsp;<\/p>\n<h3>Datos acad\u00e9micos de la tesis doctoral \u00ab<strong>La manufactura de la lana en mallorca (1400-1700): gremios, artesanos y comerciantes.<\/strong>\u00ab<\/h3>\n<ul>\n<li><strong>T\u00edtulo de la tesis:<\/strong>\u00a0 La manufactura de la lana en mallorca (1400-1700): gremios, artesanos y comerciantes. <\/li>\n<li><strong>Autor:<\/strong>\u00a0 Miquel Jos\u00e9 Dey\u00e1 Bauz\u00e1 <\/li>\n<li><strong>Universidad:<\/strong>\u00a0 Illes balears<\/li>\n<li><strong>Fecha de lectura de la tesis:<\/strong>\u00a0 01\/01\/1997<\/li>\n<\/ul>\n<p>&nbsp;<\/p>\n<h3>Direcci\u00f3n y tribunal<\/h3>\n<ul>\n<li><strong>Director de la tesis<\/strong>\n<ul>\n<li>Goncal Lopez Nadal<\/li>\n<\/ul>\n<\/li>\n<li><strong>Tribunal<\/strong>\n<ul>\n<li>Presidente del tribunal: Jaume Torras Elias <\/li>\n<li>\u00e1ngel Garc\u00eda Sanz (vocal)<\/li>\n<li>Miguel \u00e1ngel Ladero Quesada (vocal)<\/li>\n<li>Josep Juan  Vidal (vocal)<\/li>\n<\/ul>\n<\/li>\n<\/ul>\n<p>&nbsp;<\/p>\n","protected":false},"excerpt":{"rendered":"<p>Tesis doctoral de Miquel Jos\u00e9 Dey\u00e1 Bauz\u00e1 El objeto de estudio de la tesis es analizar la evolucion de la [&hellip;]<\/p>\n","protected":false},"author":1,"featured_media":0,"comment_status":"open","ping_status":"open","sticky":false,"template":"","format":"standard","meta":{"site-sidebar-layout":"default","site-content-layout":"","ast-site-content-layout":"","site-content-style":"default","site-sidebar-style":"default","ast-global-header-display":"","ast-banner-title-visibility":"","ast-main-header-display":"","ast-hfb-above-header-display":"","ast-hfb-below-header-display":"","ast-hfb-mobile-header-display":"","site-post-title":"","ast-breadcrumbs-content":"","ast-featured-img":"","footer-sml-layout":"","theme-transparent-header-meta":"","adv-header-id-meta":"","stick-header-meta":"","header-above-stick-meta":"","header-main-stick-meta":"","header-below-stick-meta":"","astra-migrate-meta-layouts":"default","ast-page-background-enabled":"default","ast-page-background-meta":{"desktop":{"background-color":"var(--ast-global-color-4)","background-image":"","background-repeat":"repeat","background-position":"center center","background-size":"auto","background-attachment":"scroll","background-type":"","background-media":"","overlay-type":"","overlay-color":"","overlay-gradient":""},"tablet":{"background-color":"","background-image":"","background-repeat":"repeat","background-position":"center center","background-size":"auto","background-attachment":"scroll","background-type":"","background-media":"","overlay-type":"","overlay-color":"","overlay-gradient":""},"mobile":{"background-color":"","background-image":"","background-repeat":"repeat","background-position":"center center","background-size":"auto","background-attachment":"scroll","background-type":"","background-media":"","overlay-type":"","overlay-color":"","overlay-gradient":""}},"ast-content-background-meta":{"desktop":{"background-color":"var(--ast-global-color-5)","background-image":"","background-repeat":"repeat","background-position":"center center","background-size":"auto","background-attachment":"scroll","background-type":"","background-media":"","overlay-type":"","overlay-color":"","overlay-gradient":""},"tablet":{"background-color":"var(--ast-global-color-5)","background-image":"","background-repeat":"repeat","background-position":"center center","background-size":"auto","background-attachment":"scroll","background-type":"","background-media":"","overlay-type":"","overlay-color":"","overlay-gradient":""},"mobile":{"background-color":"var(--ast-global-color-5)","background-image":"","background-repeat":"repeat","background-position":"center center","background-size":"auto","background-attachment":"scroll","background-type":"","background-media":"","overlay-type":"","overlay-color":"","overlay-gradient":""}},"footnotes":""},"categories":[104,438,1015,220,222,19034],"tags":[6099,19642,83912,33483,5296,107373],"class_list":["post-132919","post","type-post","status-publish","format-standard","hentry","category-historia","category-historia-de-la-economia","category-historia-moderna-del-area-europea","category-historia-por-epocas","category-historias-especializadas","category-illes-balears","tag-angel-garcia-sanz","tag-goncal-lopez-nadal","tag-jaume-torras-elias","tag-josep-juan-vidal","tag-miguel-angel-ladero-quesada","tag-miquel-jose-deya-bauza"],"_links":{"self":[{"href":"https:\/\/www.deberes.net\/tesis\/wp-json\/wp\/v2\/posts\/132919","targetHints":{"allow":["GET"]}}],"collection":[{"href":"https:\/\/www.deberes.net\/tesis\/wp-json\/wp\/v2\/posts"}],"about":[{"href":"https:\/\/www.deberes.net\/tesis\/wp-json\/wp\/v2\/types\/post"}],"author":[{"embeddable":true,"href":"https:\/\/www.deberes.net\/tesis\/wp-json\/wp\/v2\/users\/1"}],"replies":[{"embeddable":true,"href":"https:\/\/www.deberes.net\/tesis\/wp-json\/wp\/v2\/comments?post=132919"}],"version-history":[{"count":0,"href":"https:\/\/www.deberes.net\/tesis\/wp-json\/wp\/v2\/posts\/132919\/revisions"}],"wp:attachment":[{"href":"https:\/\/www.deberes.net\/tesis\/wp-json\/wp\/v2\/media?parent=132919"}],"wp:term":[{"taxonomy":"category","embeddable":true,"href":"https:\/\/www.deberes.net\/tesis\/wp-json\/wp\/v2\/categories?post=132919"},{"taxonomy":"post_tag","embeddable":true,"href":"https:\/\/www.deberes.net\/tesis\/wp-json\/wp\/v2\/tags?post=132919"}],"curies":[{"name":"wp","href":"https:\/\/api.w.org\/{rel}","templated":true}]}}