{"id":13298,"date":"2018-03-09T08:59:32","date_gmt":"2018-03-09T08:59:32","guid":{"rendered":"https:\/\/www.deberes.net\/tesis\/sin-categoria\/identitat-racisme-i-violencia-les-relacions-interetniques-en-un-institut-catala\/"},"modified":"2018-03-09T08:59:32","modified_gmt":"2018-03-09T08:59:32","slug":"identitat-racisme-i-violencia-les-relacions-interetniques-en-un-institut-catala","status":"publish","type":"post","link":"https:\/\/www.deberes.net\/tesis\/sociologia\/identitat-racisme-i-violencia-les-relacions-interetniques-en-un-institut-catala\/","title":{"rendered":"Identitat, racisme i violencia. les relacions interetniques en un institut catala."},"content":{"rendered":"<h2>Tesis doctoral de <strong> Carles Serra Salam\u00e9 <\/strong><\/h2>\n<p>Esta tesis esta basada en la etnografia de un instituto de educacion secundaria situado en una ciudad mediana de catalunya, con un nivel socioecon\u00f3mico medio-bajo y una importante presencia de inmigrantes (de diferentes zonas del estado espa\u00f1ol y de \u00e1frica. La tesis tiene cuatro objetivos fundamentales: 1-identificar los discursos de etnicidad de los alumnos. 2)analizar c\u00f3mo estos discursos condicionan las relaciones que los alumnos establecen entre ellos. 3)analizar cual es la relacion que se establece entre los discursos de etnicidad y las diferentes formas de violencia que se desarrollan entre los alumnos. 4)determinar cu\u00e1l es la influencia de la acci\u00f3n escolar sobre los citados discursos, relaciones y conductas violentas. Ademas de estos objetivos, el trabajo incluye una revisi\u00f3n bibliogr\u00e1fica y de clasificaci\u00f3n te\u00f3rica con la que se pretende situar los fen\u00f3menos que se estudian (identidad, racismo y violencia) en el momento mist\u00e9rico y contexto social actual. la aportaci\u00f3n m\u00e1s novedosa es la relaci\u00f3n que se establece en la tesis entre racismo y violencia y la clasificaci\u00f3n de conceptos como el de \u00abviolencia racista\u00bb.<\/p>\n<p>&nbsp;<\/p>\n<h3>Datos acad\u00e9micos de la tesis doctoral \u00ab<strong>Identitat, racisme i violencia. les relacions interetniques en un institut catala.<\/strong>\u00ab<\/h3>\n<ul>\n<li><strong>T\u00edtulo de la tesis:<\/strong>\u00a0 Identitat, racisme i violencia. les relacions interetniques en un institut catala. <\/li>\n<li><strong>Autor:<\/strong>\u00a0 Carles Serra Salam\u00e9 <\/li>\n<li><strong>Universidad:<\/strong>\u00a0 Girona<\/li>\n<li><strong>Fecha de lectura de la tesis:<\/strong>\u00a0 16\/10\/2001<\/li>\n<\/ul>\n<p>&nbsp;<\/p>\n<h3>Direcci\u00f3n y tribunal<\/h3>\n<ul>\n<li><strong>Director de la tesis<\/strong>\n<ul>\n<li>Dolores Juliano Corregido<\/li>\n<\/ul>\n<\/li>\n<li><strong>Tribunal<\/strong>\n<ul>\n<li>Presidente del tribunal: salomo Marques sureda <\/li>\n<li> Palaudaries marti josep miquel (vocal)<\/li>\n<li> Alegret tejero joan lLuis (vocal)<\/li>\n<li>teresa San rom\u00e1n espinosa (vocal)<\/li>\n<\/ul>\n<\/li>\n<\/ul>\n<p>&nbsp;<\/p>\n","protected":false},"excerpt":{"rendered":"<p>Tesis doctoral de Carles Serra Salam\u00e9 Esta tesis esta basada en la etnografia de un instituto de educacion secundaria situado [&hellip;]<\/p>\n","protected":false},"author":1,"featured_media":0,"comment_status":"open","ping_status":"open","sticky":false,"template":"","format":"standard","meta":{"site-sidebar-layout":"default","site-content-layout":"","ast-site-content-layout":"","site-content-style":"default","site-sidebar-style":"default","ast-global-header-display":"","ast-banner-title-visibility":"","ast-main-header-display":"","ast-hfb-above-header-display":"","ast-hfb-below-header-display":"","ast-hfb-mobile-header-display":"","site-post-title":"","ast-breadcrumbs-content":"","ast-featured-img":"","footer-sml-layout":"","theme-transparent-header-meta":"","adv-header-id-meta":"","stick-header-meta":"","header-above-stick-meta":"","header-main-stick-meta":"","header-below-stick-meta":"","astra-migrate-meta-layouts":"default","ast-page-background-enabled":"default","ast-page-background-meta":{"desktop":{"background-color":"var(--ast-global-color-4)","background-image":"","background-repeat":"repeat","background-position":"center center","background-size":"auto","background-attachment":"scroll","background-type":"","background-media":"","overlay-type":"","overlay-color":"","overlay-gradient":""},"tablet":{"background-color":"","background-image":"","background-repeat":"repeat","background-position":"center center","background-size":"auto","background-attachment":"scroll","background-type":"","background-media":"","overlay-type":"","overlay-color":"","overlay-gradient":""},"mobile":{"background-color":"","background-image":"","background-repeat":"repeat","background-position":"center center","background-size":"auto","background-attachment":"scroll","background-type":"","background-media":"","overlay-type":"","overlay-color":"","overlay-gradient":""}},"ast-content-background-meta":{"desktop":{"background-color":"var(--ast-global-color-5)","background-image":"","background-repeat":"repeat","background-position":"center center","background-size":"auto","background-attachment":"scroll","background-type":"","background-media":"","overlay-type":"","overlay-color":"","overlay-gradient":""},"tablet":{"background-color":"var(--ast-global-color-5)","background-image":"","background-repeat":"repeat","background-position":"center center","background-size":"auto","background-attachment":"scroll","background-type":"","background-media":"","overlay-type":"","overlay-color":"","overlay-gradient":""},"mobile":{"background-color":"var(--ast-global-color-5)","background-image":"","background-repeat":"repeat","background-position":"center center","background-size":"auto","background-attachment":"scroll","background-type":"","background-media":"","overlay-type":"","overlay-color":"","overlay-gradient":""}},"footnotes":""},"categories":[681,2720,18809,1184,1141,1295,23449,269],"tags":[43228,43226,37447,43227,18827,6031],"class_list":["post-13298","post","type-post","status-publish","format-standard","hentry","category-antropologia","category-antropologia-social","category-girona","category-organizacion-y-planificacion-de-la-educacion","category-pedagogia","category-problemas-y-conflictos-sociales","category-relaciones-interetnicas","category-sociologia","tag-alegret-tejero-joan-lluis","tag-carles-serra-salame","tag-dolores-juliano-corregido","tag-palaudaries-marti-josep-miquel","tag-salomo-marques-sureda","tag-teresa-san-roman-espinosa"],"_links":{"self":[{"href":"https:\/\/www.deberes.net\/tesis\/wp-json\/wp\/v2\/posts\/13298","targetHints":{"allow":["GET"]}}],"collection":[{"href":"https:\/\/www.deberes.net\/tesis\/wp-json\/wp\/v2\/posts"}],"about":[{"href":"https:\/\/www.deberes.net\/tesis\/wp-json\/wp\/v2\/types\/post"}],"author":[{"embeddable":true,"href":"https:\/\/www.deberes.net\/tesis\/wp-json\/wp\/v2\/users\/1"}],"replies":[{"embeddable":true,"href":"https:\/\/www.deberes.net\/tesis\/wp-json\/wp\/v2\/comments?post=13298"}],"version-history":[{"count":0,"href":"https:\/\/www.deberes.net\/tesis\/wp-json\/wp\/v2\/posts\/13298\/revisions"}],"wp:attachment":[{"href":"https:\/\/www.deberes.net\/tesis\/wp-json\/wp\/v2\/media?parent=13298"}],"wp:term":[{"taxonomy":"category","embeddable":true,"href":"https:\/\/www.deberes.net\/tesis\/wp-json\/wp\/v2\/categories?post=13298"},{"taxonomy":"post_tag","embeddable":true,"href":"https:\/\/www.deberes.net\/tesis\/wp-json\/wp\/v2\/tags?post=13298"}],"curies":[{"name":"wp","href":"https:\/\/api.w.org\/{rel}","templated":true}]}}