{"id":13309,"date":"2018-03-09T08:59:32","date_gmt":"2018-03-09T08:59:32","guid":{"rendered":"https:\/\/www.deberes.net\/tesis\/sin-categoria\/construyendo-un-programa-universitario-de-educacion-para-la-paz-en-colombia\/"},"modified":"2018-03-09T08:59:32","modified_gmt":"2018-03-09T08:59:32","slug":"construyendo-un-programa-universitario-de-educacion-para-la-paz-en-colombia","status":"publish","type":"post","link":"https:\/\/www.deberes.net\/tesis\/pedagogia\/construyendo-un-programa-universitario-de-educacion-para-la-paz-en-colombia\/","title":{"rendered":"\u00abconstruyendo un programa universitario de educacion para la paz en colombia\u00bb"},"content":{"rendered":"<h2>Tesis doctoral de <strong>  Velosa Amature Lyla Piedad <\/strong><\/h2>\n<p>El objetivo general fue formular un programa universitario de educacion para la paz en colombia, los objetivos especificos fueron: situar la propuesta de formacion para la paz a la luz de la actual realidad de violencia-guerra y del contexto socio-politico colombiano; ofrecer a la universidad nacional de colombia una propuesta educativa para la paz, revisar el aporte de diferentes corrientes pedagogicas a la educacion para la paz.  la condicion particular de la tesis de estar vinculada a una experiencia universitaria la centro en los principios y valores que desde ella misma se animan: nacional, publica, pluralista, policlasista, laica, multietnica y autonoma.  en tanto que el eje pedagogico fue la educacion para la paz y ella en si misma ya que es contenido historico y social, mas que presentar ejes tematicos, lo que se revis\u00f3 fueron los sujetos y actores, lugares, territorios y escenarios donde ellos se expresan y fundamentalmente el car\u00e1cter procesal y dinamico qe la paz tiene. La tesis, mas que una estructura curricular, pretende una propuesta integradora de multiples disciplinas, saberes y propositos pedagogicos.<\/p>\n<p>&nbsp;<\/p>\n<h3>Datos acad\u00e9micos de la tesis doctoral \u00ab<strong>\u00abconstruyendo un programa universitario de educacion para la paz en colombia\u00bb<\/strong>\u00ab<\/h3>\n<ul>\n<li><strong>T\u00edtulo de la tesis:<\/strong>\u00a0 \u00abconstruyendo un programa universitario de educacion para la paz en colombia\u00bb <\/li>\n<li><strong>Autor:<\/strong>\u00a0  Velosa Amature Lyla Piedad <\/li>\n<li><strong>Universidad:<\/strong>\u00a0 Nacional de educaci\u00f3n a distancia<\/li>\n<li><strong>Fecha de lectura de la tesis:<\/strong>\u00a0 17\/10\/2001<\/li>\n<\/ul>\n<p>&nbsp;<\/p>\n<h3>Direcci\u00f3n y tribunal<\/h3>\n<ul>\n<li><strong>Director de la tesis<\/strong>\n<ul>\n<li>Henri Bouche Peris<\/li>\n<\/ul>\n<\/li>\n<li><strong>Tribunal<\/strong>\n<ul>\n<li>Presidente del tribunal: emilio Lopez barajas-zayas <\/li>\n<li>Mar\u00eda  rosario Lim\u00f3n mendiz\u00e1bal (vocal)<\/li>\n<li> Velaz de medrano m. dela concepcion (vocal)<\/li>\n<li>salvador Peir\u00f3 gregori (vocal)<\/li>\n<\/ul>\n<\/li>\n<\/ul>\n<p>&nbsp;<\/p>\n","protected":false},"excerpt":{"rendered":"<p>Tesis doctoral de Velosa Amature Lyla Piedad El objetivo general fue formular un programa universitario de educacion para la paz [&hellip;]<\/p>\n","protected":false},"author":1,"featured_media":0,"comment_status":"open","ping_status":"open","sticky":false,"template":"","format":"standard","meta":{"site-sidebar-layout":"default","site-content-layout":"","ast-site-content-layout":"","site-content-style":"default","site-sidebar-style":"default","ast-global-header-display":"","ast-banner-title-visibility":"","ast-main-header-display":"","ast-hfb-above-header-display":"","ast-hfb-below-header-display":"","ast-hfb-mobile-header-display":"","site-post-title":"","ast-breadcrumbs-content":"","ast-featured-img":"","footer-sml-layout":"","theme-transparent-header-meta":"","adv-header-id-meta":"","stick-header-meta":"","header-above-stick-meta":"","header-main-stick-meta":"","header-below-stick-meta":"","astra-migrate-meta-layouts":"default","ast-page-background-enabled":"default","ast-page-background-meta":{"desktop":{"background-color":"var(--ast-global-color-4)","background-image":"","background-repeat":"repeat","background-position":"center center","background-size":"auto","background-attachment":"scroll","background-type":"","background-media":"","overlay-type":"","overlay-color":"","overlay-gradient":""},"tablet":{"background-color":"","background-image":"","background-repeat":"repeat","background-position":"center center","background-size":"auto","background-attachment":"scroll","background-type":"","background-media":"","overlay-type":"","overlay-color":"","overlay-gradient":""},"mobile":{"background-color":"","background-image":"","background-repeat":"repeat","background-position":"center center","background-size":"auto","background-attachment":"scroll","background-type":"","background-media":"","overlay-type":"","overlay-color":"","overlay-gradient":""}},"ast-content-background-meta":{"desktop":{"background-color":"var(--ast-global-color-5)","background-image":"","background-repeat":"repeat","background-position":"center center","background-size":"auto","background-attachment":"scroll","background-type":"","background-media":"","overlay-type":"","overlay-color":"","overlay-gradient":""},"tablet":{"background-color":"var(--ast-global-color-5)","background-image":"","background-repeat":"repeat","background-position":"center center","background-size":"auto","background-attachment":"scroll","background-type":"","background-media":"","overlay-type":"","overlay-color":"","overlay-gradient":""},"mobile":{"background-color":"var(--ast-global-color-5)","background-image":"","background-repeat":"repeat","background-position":"center center","background-size":"auto","background-attachment":"scroll","background-type":"","background-media":"","overlay-type":"","overlay-color":"","overlay-gradient":""}},"footnotes":""},"categories":[4394,17070,1184,1141,1341,11958],"tags":[31476,43257,18400,17406,43258,43256],"class_list":["post-13309","post","type-post","status-publish","format-standard","hentry","category-educacion-superior","category-nacional-de-educacion-a-distancia","category-organizacion-y-planificacion-de-la-educacion","category-pedagogia","category-teoria-y-metodos-educativos","category-teorias-educativas","tag-emilio-lopez-barajas-zayas","tag-henri-bouche-peris","tag-maria-rosario-limon-mendizabal","tag-salvador-peiro-gregori","tag-velaz-de-medrano-m-dela-concepcion","tag-velosa-amature-lyla-piedad"],"_links":{"self":[{"href":"https:\/\/www.deberes.net\/tesis\/wp-json\/wp\/v2\/posts\/13309","targetHints":{"allow":["GET"]}}],"collection":[{"href":"https:\/\/www.deberes.net\/tesis\/wp-json\/wp\/v2\/posts"}],"about":[{"href":"https:\/\/www.deberes.net\/tesis\/wp-json\/wp\/v2\/types\/post"}],"author":[{"embeddable":true,"href":"https:\/\/www.deberes.net\/tesis\/wp-json\/wp\/v2\/users\/1"}],"replies":[{"embeddable":true,"href":"https:\/\/www.deberes.net\/tesis\/wp-json\/wp\/v2\/comments?post=13309"}],"version-history":[{"count":0,"href":"https:\/\/www.deberes.net\/tesis\/wp-json\/wp\/v2\/posts\/13309\/revisions"}],"wp:attachment":[{"href":"https:\/\/www.deberes.net\/tesis\/wp-json\/wp\/v2\/media?parent=13309"}],"wp:term":[{"taxonomy":"category","embeddable":true,"href":"https:\/\/www.deberes.net\/tesis\/wp-json\/wp\/v2\/categories?post=13309"},{"taxonomy":"post_tag","embeddable":true,"href":"https:\/\/www.deberes.net\/tesis\/wp-json\/wp\/v2\/tags?post=13309"}],"curies":[{"name":"wp","href":"https:\/\/api.w.org\/{rel}","templated":true}]}}