{"id":133121,"date":"1997-01-01T00:00:00","date_gmt":"1997-01-01T00:00:00","guid":{"rendered":"https:\/\/www.deberes.net\/tesis\/sin-categoria\/estructuras-linguisticas-y-deficit-de-lenguaje\/"},"modified":"1997-01-01T00:00:00","modified_gmt":"1997-01-01T00:00:00","slug":"estructuras-linguisticas-y-deficit-de-lenguaje","status":"publish","type":"post","link":"https:\/\/www.deberes.net\/tesis\/linguistica\/estructuras-linguisticas-y-deficit-de-lenguaje\/","title":{"rendered":"Estructuras linguisticas y deficit de lenguaje."},"content":{"rendered":"<h2>Tesis doctoral de <strong> Isabel Navarro Ruiz <\/strong><\/h2>\n<p>Este trabajo de investigacion trata sobre el estudio de ni\u00f1os normohablantes comparados con ni\u00f1os disfasicos (4-9; 11 a\u00f1os). En primer lugar se elaboro un perfil psicolinguistico de los ni\u00f1os disfasicos en el que se encontraron diferencias significativas entre ambas poblaciones, no solo en los diferentes niveles del lenguaje, sino tambien en el acceso al lexico y controladores. En una segunda parte se estudia la evolucion de los morfemas de tiempo en ni\u00f1os nh (1; 8-9; 11 a\u00f1os). Se aprecia el paso de un valor indexical al simbolo.  por ultimo, se hace una comparacion entre ni\u00f1os disfasicos y normohablantes, apreciandose notables diferencias en el uso de las categorias temporales entre ambas poblaciones.<\/p>\n<p>&nbsp;<\/p>\n<h3>Datos acad\u00e9micos de la tesis doctoral \u00ab<strong>Estructuras linguisticas y deficit de lenguaje.<\/strong>\u00ab<\/h3>\n<ul>\n<li><strong>T\u00edtulo de la tesis:<\/strong>\u00a0 Estructuras linguisticas y deficit de lenguaje. <\/li>\n<li><strong>Autor:<\/strong>\u00a0 Isabel Navarro Ruiz <\/li>\n<li><strong>Universidad:<\/strong>\u00a0 Barcelona<\/li>\n<li><strong>Fecha de lectura de la tesis:<\/strong>\u00a0 01\/01\/1997<\/li>\n<\/ul>\n<p>&nbsp;<\/p>\n<h3>Direcci\u00f3n y tribunal<\/h3>\n<ul>\n<li><strong>Director de la tesis<\/strong>\n<ul>\n<li>Jes\u00fas Tuson Valls<\/li>\n<\/ul>\n<\/li>\n<li><strong>Tribunal<\/strong>\n<ul>\n<li>Presidente del tribunal: Eugenio Martinez Celdran <\/li>\n<li>Josep Moya Olle (vocal)<\/li>\n<li>Adolfo Perinat Maceres (vocal)<\/li>\n<li> Clemente Estevan Rosa Ana (vocal)<\/li>\n<\/ul>\n<\/li>\n<\/ul>\n<p>&nbsp;<\/p>\n","protected":false},"excerpt":{"rendered":"<p>Tesis doctoral de Isabel Navarro Ruiz Este trabajo de investigacion trata sobre el estudio de ni\u00f1os normohablantes comparados con ni\u00f1os [&hellip;]<\/p>\n","protected":false},"author":1,"featured_media":0,"comment_status":"open","ping_status":"open","sticky":false,"template":"","format":"standard","meta":{"site-sidebar-layout":"default","site-content-layout":"","ast-site-content-layout":"","site-content-style":"default","site-sidebar-style":"default","ast-global-header-display":"","ast-banner-title-visibility":"","ast-main-header-display":"","ast-hfb-above-header-display":"","ast-hfb-below-header-display":"","ast-hfb-mobile-header-display":"","site-post-title":"","ast-breadcrumbs-content":"","ast-featured-img":"","footer-sml-layout":"","theme-transparent-header-meta":"","adv-header-id-meta":"","stick-header-meta":"","header-above-stick-meta":"","header-main-stick-meta":"","header-below-stick-meta":"","astra-migrate-meta-layouts":"default","ast-page-background-enabled":"default","ast-page-background-meta":{"desktop":{"background-color":"var(--ast-global-color-4)","background-image":"","background-repeat":"repeat","background-position":"center center","background-size":"auto","background-attachment":"scroll","background-type":"","background-media":"","overlay-type":"","overlay-color":"","overlay-gradient":""},"tablet":{"background-color":"","background-image":"","background-repeat":"repeat","background-position":"center center","background-size":"auto","background-attachment":"scroll","background-type":"","background-media":"","overlay-type":"","overlay-color":"","overlay-gradient":""},"mobile":{"background-color":"","background-image":"","background-repeat":"repeat","background-position":"center center","background-size":"auto","background-attachment":"scroll","background-type":"","background-media":"","overlay-type":"","overlay-color":"","overlay-gradient":""}},"ast-content-background-meta":{"desktop":{"background-color":"var(--ast-global-color-5)","background-image":"","background-repeat":"repeat","background-position":"center center","background-size":"auto","background-attachment":"scroll","background-type":"","background-media":"","overlay-type":"","overlay-color":"","overlay-gradient":""},"tablet":{"background-color":"var(--ast-global-color-5)","background-image":"","background-repeat":"repeat","background-position":"center center","background-size":"auto","background-attachment":"scroll","background-type":"","background-media":"","overlay-type":"","overlay-color":"","overlay-gradient":""},"mobile":{"background-color":"var(--ast-global-color-5)","background-image":"","background-repeat":"repeat","background-position":"center center","background-size":"auto","background-attachment":"scroll","background-type":"","background-media":"","overlay-type":"","overlay-color":"","overlay-gradient":""}},"footnotes":""},"categories":[951,5557,59,60,21799],"tags":[13942,14819,14082,148024,12335,247093],"class_list":["post-133121","post","type-post","status-publish","format-standard","hentry","category-barcelona","category-lenguaje-infantil","category-linguistica","category-linguistica-aplicada","category-patologia-y-correccion-del-lenguaje","tag-adolfo-perinat-maceres","tag-clemente-estevan-rosa-ana","tag-eugenio-Martinez-celdran","tag-isabel-navarro-ruiz","tag-jesus-tuson-valls","tag-josep-moya-olle"],"_links":{"self":[{"href":"https:\/\/www.deberes.net\/tesis\/wp-json\/wp\/v2\/posts\/133121","targetHints":{"allow":["GET"]}}],"collection":[{"href":"https:\/\/www.deberes.net\/tesis\/wp-json\/wp\/v2\/posts"}],"about":[{"href":"https:\/\/www.deberes.net\/tesis\/wp-json\/wp\/v2\/types\/post"}],"author":[{"embeddable":true,"href":"https:\/\/www.deberes.net\/tesis\/wp-json\/wp\/v2\/users\/1"}],"replies":[{"embeddable":true,"href":"https:\/\/www.deberes.net\/tesis\/wp-json\/wp\/v2\/comments?post=133121"}],"version-history":[{"count":0,"href":"https:\/\/www.deberes.net\/tesis\/wp-json\/wp\/v2\/posts\/133121\/revisions"}],"wp:attachment":[{"href":"https:\/\/www.deberes.net\/tesis\/wp-json\/wp\/v2\/media?parent=133121"}],"wp:term":[{"taxonomy":"category","embeddable":true,"href":"https:\/\/www.deberes.net\/tesis\/wp-json\/wp\/v2\/categories?post=133121"},{"taxonomy":"post_tag","embeddable":true,"href":"https:\/\/www.deberes.net\/tesis\/wp-json\/wp\/v2\/tags?post=133121"}],"curies":[{"name":"wp","href":"https:\/\/api.w.org\/{rel}","templated":true}]}}