{"id":13330,"date":"2018-03-09T08:59:34","date_gmt":"2018-03-09T08:59:34","guid":{"rendered":"https:\/\/www.deberes.net\/tesis\/sin-categoria\/reflexion-metaliteraria-y-cra%c2%adtica-del-lenguaje-de-la-generacion-poetica-de-los-anos-50-a-los-nova%c2%adsimos\/"},"modified":"2018-03-09T08:59:34","modified_gmt":"2018-03-09T08:59:34","slug":"reflexion-metaliteraria-y-cra%c2%adtica-del-lenguaje-de-la-generacion-poetica-de-los-anos-50-a-los-nova%c2%adsimos","status":"publish","type":"post","link":"https:\/\/www.deberes.net\/tesis\/linguistica\/reflexion-metaliteraria-y-cra%c2%adtica-del-lenguaje-de-la-generacion-poetica-de-los-anos-50-a-los-nova%c2%adsimos\/","title":{"rendered":"Reflexi\u00f3n metaliteraria y cr\u00edtica del lenguaje (de la generaci\u00f3n po\u00e9tica de los a\u00f1os 50 a los nov\u00edsimos)"},"content":{"rendered":"<h2>Tesis doctoral de <strong> Ram\u00f3n P\u00e9rez Parejo <\/strong><\/h2>\n<p>Se analizan tres temas que consideramos centrales en la metapoes\u00eda de la generaci\u00f3n de los 50 y de los nov\u00edsimos: la cr\u00edtica del lenguaje como sistema de comunicaci\u00f3n de conocimiento y de expresi\u00f3n de la realidad, la cr\u00edtica de la ficci\u00f3n y la cr\u00edtica de la autor\u00eda, temas que afectan a la misma g\u00e9nesis de la creacci\u00f3n y a sus m\u00e1s profundos estatutos epistemot\u00f3gicos.  los primeros cap\u00edtulos del trabajo hacen un recorrido por los distintos antecedentes de estos temas en los \u00e1mbitos de la filosof\u00eda del lenguaje, la teor\u00eda literaria y la historia de la literatura, sobre todo en el eje entre simbolismo-moderninos-vanguardias.  en el cap.V se despliega en distintos ep\u00edgrafos un abanico de temas, subtemas, variantes sem\u00e1ntico-estructurales, s\u00edmbolicos y motivos (jard\u00edn, espejos, m\u00e1scaras, teatro, roja, memoria) involucrados en el tema de la cr\u00edtica del lenguaje po\u00e9tico. Analizamos los distintos motivos a trav\u00e9s de la exhibici\u00f3n-rigurosamente cronol\u00f3gico y el comentario de textos estil\u00edstico.  entre las conclusiones, merece dister&#8211; la idea de que la presencia de este tema es indicio de que existe una cr\u00edtica de la representaci\u00f3n y de la realidad, igualmente confusas, inciertas, complejas y , en \u00faltimo extremo ficionales.<\/p>\n<p>&nbsp;<\/p>\n<h3>Datos acad\u00e9micos de la tesis doctoral \u00ab<strong>Reflexi\u00f3n metaliteraria y cr\u00edtica del lenguaje (de la generaci\u00f3n po\u00e9tica de los a\u00f1os 50 a los nov\u00edsimos)<\/strong>\u00ab<\/h3>\n<ul>\n<li><strong>T\u00edtulo de la tesis:<\/strong>\u00a0 Reflexi\u00f3n metaliteraria y cr\u00edtica del lenguaje (de la generaci\u00f3n po\u00e9tica de los a\u00f1os 50 a los nov\u00edsimos) <\/li>\n<li><strong>Autor:<\/strong>\u00a0 Ram\u00f3n P\u00e9rez Parejo <\/li>\n<li><strong>Universidad:<\/strong>\u00a0 Extremadura<\/li>\n<li><strong>Fecha de lectura de la tesis:<\/strong>\u00a0 19\/10\/2001<\/li>\n<\/ul>\n<p>&nbsp;<\/p>\n<h3>Direcci\u00f3n y tribunal<\/h3>\n<ul>\n<li><strong>Director de la tesis<\/strong>\n<ul>\n<li>C\u00e9sar Nicol\u00e1s Rubio<\/li>\n<\/ul>\n<\/li>\n<li><strong>Tribunal<\/strong>\n<ul>\n<li>Presidente del tribunal: isidoro Reguera p\u00e9rez <\/li>\n<li>Jos\u00e9 Dom\u00ednguez caparr\u00f3s (vocal)<\/li>\n<li>guillermo Carnero arbat (vocal)<\/li>\n<li>Jos\u00e9 Mar\u00eda Paz gago (vocal)<\/li>\n<\/ul>\n<\/li>\n<\/ul>\n<p>&nbsp;<\/p>\n","protected":false},"excerpt":{"rendered":"<p>Tesis doctoral de Ram\u00f3n P\u00e9rez Parejo Se analizan tres temas que consideramos centrales en la metapoes\u00eda de la generaci\u00f3n de [&hellip;]<\/p>\n","protected":false},"author":1,"featured_media":0,"comment_status":"open","ping_status":"open","sticky":false,"template":"","format":"standard","meta":{"site-sidebar-layout":"default","site-content-layout":"","ast-site-content-layout":"","site-content-style":"default","site-sidebar-style":"default","ast-global-header-display":"","ast-banner-title-visibility":"","ast-main-header-display":"","ast-hfb-above-header-display":"","ast-hfb-below-header-display":"","ast-hfb-mobile-header-display":"","site-post-title":"","ast-breadcrumbs-content":"","ast-featured-img":"","footer-sml-layout":"","theme-transparent-header-meta":"","adv-header-id-meta":"","stick-header-meta":"","header-above-stick-meta":"","header-main-stick-meta":"","header-below-stick-meta":"","astra-migrate-meta-layouts":"default","ast-page-background-enabled":"default","ast-page-background-meta":{"desktop":{"background-color":"var(--ast-global-color-4)","background-image":"","background-repeat":"repeat","background-position":"center center","background-size":"auto","background-attachment":"scroll","background-type":"","background-media":"","overlay-type":"","overlay-color":"","overlay-gradient":""},"tablet":{"background-color":"","background-image":"","background-repeat":"repeat","background-position":"center center","background-size":"auto","background-attachment":"scroll","background-type":"","background-media":"","overlay-type":"","overlay-color":"","overlay-gradient":""},"mobile":{"background-color":"","background-image":"","background-repeat":"repeat","background-position":"center center","background-size":"auto","background-attachment":"scroll","background-type":"","background-media":"","overlay-type":"","overlay-color":"","overlay-gradient":""}},"ast-content-background-meta":{"desktop":{"background-color":"var(--ast-global-color-5)","background-image":"","background-repeat":"repeat","background-position":"center center","background-size":"auto","background-attachment":"scroll","background-type":"","background-media":"","overlay-type":"","overlay-color":"","overlay-gradient":""},"tablet":{"background-color":"var(--ast-global-color-5)","background-image":"","background-repeat":"repeat","background-position":"center center","background-size":"auto","background-attachment":"scroll","background-type":"","background-media":"","overlay-type":"","overlay-color":"","overlay-gradient":""},"mobile":{"background-color":"var(--ast-global-color-5)","background-image":"","background-repeat":"repeat","background-position":"center center","background-size":"auto","background-attachment":"scroll","background-type":"","background-media":"","overlay-type":"","overlay-color":"","overlay-gradient":""}},"footnotes":""},"categories":[147,149,2965,949,104,713,222,636,59,60,628],"tags":[39556,18160,23979,8739,18990,43314],"class_list":["post-13330","post","type-post","status-publish","format-standard","hentry","category-ciencias-de-las-artes-y-las-letras","category-critica-de-textos","category-estilo-y-estetica-literarios","category-extremadura","category-historia","category-historia-de-la-literatura","category-historias-especializadas","category-lengua-y-literatura","category-linguistica","category-linguistica-aplicada","category-teoria-analisis-y-critica-literarios","tag-cesar-nicolas-rubio","tag-guillermo-carnero-arbat","tag-isidoro-reguera-perez","tag-jose-dominguez-caparros","tag-jose-maria-paz-gago","tag-ramon-perez-parejo"],"_links":{"self":[{"href":"https:\/\/www.deberes.net\/tesis\/wp-json\/wp\/v2\/posts\/13330","targetHints":{"allow":["GET"]}}],"collection":[{"href":"https:\/\/www.deberes.net\/tesis\/wp-json\/wp\/v2\/posts"}],"about":[{"href":"https:\/\/www.deberes.net\/tesis\/wp-json\/wp\/v2\/types\/post"}],"author":[{"embeddable":true,"href":"https:\/\/www.deberes.net\/tesis\/wp-json\/wp\/v2\/users\/1"}],"replies":[{"embeddable":true,"href":"https:\/\/www.deberes.net\/tesis\/wp-json\/wp\/v2\/comments?post=13330"}],"version-history":[{"count":0,"href":"https:\/\/www.deberes.net\/tesis\/wp-json\/wp\/v2\/posts\/13330\/revisions"}],"wp:attachment":[{"href":"https:\/\/www.deberes.net\/tesis\/wp-json\/wp\/v2\/media?parent=13330"}],"wp:term":[{"taxonomy":"category","embeddable":true,"href":"https:\/\/www.deberes.net\/tesis\/wp-json\/wp\/v2\/categories?post=13330"},{"taxonomy":"post_tag","embeddable":true,"href":"https:\/\/www.deberes.net\/tesis\/wp-json\/wp\/v2\/tags?post=13330"}],"curies":[{"name":"wp","href":"https:\/\/api.w.org\/{rel}","templated":true}]}}