{"id":133367,"date":"1997-01-01T00:00:00","date_gmt":"1997-01-01T00:00:00","guid":{"rendered":"https:\/\/www.deberes.net\/tesis\/sin-categoria\/educar-a-los-mas-pequenos-una-experiencia-en-educacion-infantil\/"},"modified":"1997-01-01T00:00:00","modified_gmt":"1997-01-01T00:00:00","slug":"educar-a-los-mas-pequenos-una-experiencia-en-educacion-infantil","status":"publish","type":"post","link":"https:\/\/www.deberes.net\/tesis\/psicologia\/educar-a-los-mas-pequenos-una-experiencia-en-educacion-infantil\/","title":{"rendered":"Educar a los mas peque\u00f1os. una experiencia en educacion infantil."},"content":{"rendered":"<h2>Tesis doctoral de <strong> Laura Mendez Zaballos <\/strong><\/h2>\n<p>Este trabajo analiza las interacciones entre la educadora y un grupo de ni\u00f1os y ni\u00f1as de 2 a\u00f1os en el contexto del aula, desde una perspectiva etnografica, que se apoya en el marco teorico que aportan la psicolog\u00eda sociocultural y ecologica. Los datos fueron recogidos mediante un sistema de grabaciones audio-video, observaciones directas y entrevistas. Sus objetivos especificos son: a) describir y analizar momentos representativos de la vida del aula, \u00ablas asambleas y la tarea\u00bb, considerando que ocurren de forma regular y responden a metas y propositos propios definidos en un marco institucional; b) explorar los procesos de interaccion social del aula considerando sus transformaciones a traves del tiempo, c) analizar procesos de construccion conjunta del conocimiento en estos entornos. Los resultados del trabajo muestran que las caracteristicas de esos escenarios de actividad y el significado que se les asigna en la escuela infantil mediatizan el modo en que las ni\u00f1as, los ni\u00f1os y la educadora comparten la actividad referencial; se muestra, ademas, que el paso del tiempo y las distintas actividades propuestas condicionan profundamente tanto la interaccion social como la construccion del conocimiento.<\/p>\n<p>&nbsp;<\/p>\n<h3>Datos acad\u00e9micos de la tesis doctoral \u00ab<strong>Educar a los mas peque\u00f1os. una experiencia en educacion infantil.<\/strong>\u00ab<\/h3>\n<ul>\n<li><strong>T\u00edtulo de la tesis:<\/strong>\u00a0 Educar a los mas peque\u00f1os. una experiencia en educacion infantil. <\/li>\n<li><strong>Autor:<\/strong>\u00a0 Laura Mendez Zaballos <\/li>\n<li><strong>Universidad:<\/strong>\u00a0 C\u00f3rdoba<\/li>\n<li><strong>Fecha de lectura de la tesis:<\/strong>\u00a0 01\/01\/1997<\/li>\n<\/ul>\n<p>&nbsp;<\/p>\n<h3>Direcci\u00f3n y tribunal<\/h3>\n<ul>\n<li><strong>Director de la tesis<\/strong>\n<ul>\n<li>Pilar Lacasa Diaz<\/li>\n<\/ul>\n<\/li>\n<li><strong>Tribunal<\/strong>\n<ul>\n<li>Presidente del tribunal: Anna Freixas Farre <\/li>\n<li>Mar\u00eda  Elena Mart\u00edn Ortega (vocal)<\/li>\n<li>Ignacio Gonzalo Misol (vocal)<\/li>\n<li>  (vocal)<\/li>\n<\/ul>\n<\/li>\n<\/ul>\n<p>&nbsp;<\/p>\n","protected":false},"excerpt":{"rendered":"<p>Tesis doctoral de Laura Mendez Zaballos Este trabajo analiza las interacciones entre la educadora y un grupo de ni\u00f1os y [&hellip;]<\/p>\n","protected":false},"author":1,"featured_media":0,"comment_status":"open","ping_status":"open","sticky":false,"template":"","format":"standard","meta":{"site-sidebar-layout":"default","site-content-layout":"","ast-site-content-layout":"","site-content-style":"default","site-sidebar-style":"default","ast-global-header-display":"","ast-banner-title-visibility":"","ast-main-header-display":"","ast-hfb-above-header-display":"","ast-hfb-below-header-display":"","ast-hfb-mobile-header-display":"","site-post-title":"","ast-breadcrumbs-content":"","ast-featured-img":"","footer-sml-layout":"","theme-transparent-header-meta":"","adv-header-id-meta":"","stick-header-meta":"","header-above-stick-meta":"","header-main-stick-meta":"","header-below-stick-meta":"","astra-migrate-meta-layouts":"default","ast-page-background-enabled":"default","ast-page-background-meta":{"desktop":{"background-color":"var(--ast-global-color-4)","background-image":"","background-repeat":"repeat","background-position":"center center","background-size":"auto","background-attachment":"scroll","background-type":"","background-media":"","overlay-type":"","overlay-color":"","overlay-gradient":""},"tablet":{"background-color":"","background-image":"","background-repeat":"repeat","background-position":"center center","background-size":"auto","background-attachment":"scroll","background-type":"","background-media":"","overlay-type":"","overlay-color":"","overlay-gradient":""},"mobile":{"background-color":"","background-image":"","background-repeat":"repeat","background-position":"center center","background-size":"auto","background-attachment":"scroll","background-type":"","background-media":"","overlay-type":"","overlay-color":"","overlay-gradient":""}},"ast-content-background-meta":{"desktop":{"background-color":"var(--ast-global-color-5)","background-image":"","background-repeat":"repeat","background-position":"center center","background-size":"auto","background-attachment":"scroll","background-type":"","background-media":"","overlay-type":"","overlay-color":"","overlay-gradient":""},"tablet":{"background-color":"var(--ast-global-color-5)","background-image":"","background-repeat":"repeat","background-position":"center center","background-size":"auto","background-attachment":"scroll","background-type":"","background-media":"","overlay-type":"","overlay-color":"","overlay-gradient":""},"mobile":{"background-color":"var(--ast-global-color-5)","background-image":"","background-repeat":"repeat","background-position":"center center","background-size":"auto","background-attachment":"scroll","background-type":"","background-media":"","overlay-type":"","overlay-color":"","overlay-gradient":""}},"footnotes":""},"categories":[973,2623,5173,1184,1141,324,5174],"tags":[52494,23316,133365,43272,25988],"class_list":["post-133367","post","type-post","status-publish","format-standard","hentry","category-cordoba","category-educacion-basica","category-metodos-educativos","category-organizacion-y-planificacion-de-la-educacion","category-pedagogia","category-psicologia","category-psicopedagogia","tag-anna-freixas-farre","tag-ignacio-gonzalo-misol","tag-laura-mendez-zaballos","tag-maria-elena-martin-ortega","tag-pilar-lacasa-diaz"],"_links":{"self":[{"href":"https:\/\/www.deberes.net\/tesis\/wp-json\/wp\/v2\/posts\/133367","targetHints":{"allow":["GET"]}}],"collection":[{"href":"https:\/\/www.deberes.net\/tesis\/wp-json\/wp\/v2\/posts"}],"about":[{"href":"https:\/\/www.deberes.net\/tesis\/wp-json\/wp\/v2\/types\/post"}],"author":[{"embeddable":true,"href":"https:\/\/www.deberes.net\/tesis\/wp-json\/wp\/v2\/users\/1"}],"replies":[{"embeddable":true,"href":"https:\/\/www.deberes.net\/tesis\/wp-json\/wp\/v2\/comments?post=133367"}],"version-history":[{"count":0,"href":"https:\/\/www.deberes.net\/tesis\/wp-json\/wp\/v2\/posts\/133367\/revisions"}],"wp:attachment":[{"href":"https:\/\/www.deberes.net\/tesis\/wp-json\/wp\/v2\/media?parent=133367"}],"wp:term":[{"taxonomy":"category","embeddable":true,"href":"https:\/\/www.deberes.net\/tesis\/wp-json\/wp\/v2\/categories?post=133367"},{"taxonomy":"post_tag","embeddable":true,"href":"https:\/\/www.deberes.net\/tesis\/wp-json\/wp\/v2\/tags?post=133367"}],"curies":[{"name":"wp","href":"https:\/\/api.w.org\/{rel}","templated":true}]}}