{"id":13349,"date":"2018-03-09T08:59:35","date_gmt":"2018-03-09T08:59:35","guid":{"rendered":"https:\/\/www.deberes.net\/tesis\/sin-categoria\/heinrich-mann-un-ilustrado-en-tiempos-de-oscuridadalemania-1900-1945\/"},"modified":"2018-03-09T08:59:35","modified_gmt":"2018-03-09T08:59:35","slug":"heinrich-mann-un-ilustrado-en-tiempos-de-oscuridadalemania-1900-1945","status":"publish","type":"post","link":"https:\/\/www.deberes.net\/tesis\/filosofia\/heinrich-mann-un-ilustrado-en-tiempos-de-oscuridadalemania-1900-1945\/","title":{"rendered":"Heinrich mann: un ilustrado en tiempos de oscuridad(alemania: 1900-1945)"},"content":{"rendered":"<h2>Tesis doctoral de <strong> Venancio Andreu Baldo <\/strong><\/h2>\n<p>Esta tesis examina la historia alemana de la primera mitad del siglo xx(ii reich, republica de weimar y nazismo) a traves de la obra del novelista y ensayista heinrich mann. De la mano de este literato, siempre interesado por las cuestiones socio-politicas, y por ello acusado a menudo por sus detractores de ser un mero periodista, venancio andreu analiza las diferentes filosofias politicas que confluyen en este periodo; considera al romanticismo politico la causa mas profunda de las patolog\u00edas alemanas; y sintetiza la discusi\u00f3n que, en torno a la funci\u00f3n social de la literatura, se desarrolla antes y durante la republica de weimar, entre cuyos protagonistas el autor de la tesis presta especial atencion a las posiciones encontradas del apol\u00edptico thomas mann y del marxista georg lukacs. Venancio andreu da tambi\u00e9n cuenta de la complejidad y de las contradicciones de heinrich mann, en quien se puede apreciar elementos de la tradici\u00f3n ilustrada jacobina y de la tradici\u00f3n marxista.<\/p>\n<p>&nbsp;<\/p>\n<h3>Datos acad\u00e9micos de la tesis doctoral \u00ab<strong>Heinrich mann: un ilustrado en tiempos de oscuridad(alemania: 1900-1945)<\/strong>\u00ab<\/h3>\n<ul>\n<li><strong>T\u00edtulo de la tesis:<\/strong>\u00a0 Heinrich mann: un ilustrado en tiempos de oscuridad(alemania: 1900-1945) <\/li>\n<li><strong>Autor:<\/strong>\u00a0 Venancio Andreu Baldo <\/li>\n<li><strong>Universidad:<\/strong>\u00a0 Murcia<\/li>\n<li><strong>Fecha de lectura de la tesis:<\/strong>\u00a0 19\/10\/2001<\/li>\n<\/ul>\n<p>&nbsp;<\/p>\n<h3>Direcci\u00f3n y tribunal<\/h3>\n<ul>\n<li><strong>Director de la tesis<\/strong>\n<ul>\n<li>Jos\u00e9 Luis Villaca\u00f1as Berlanga<\/li>\n<\/ul>\n<\/li>\n<li><strong>Tribunal<\/strong>\n<ul>\n<li>Presidente del tribunal: Antonio  (secretario) Rivera garcia <\/li>\n<li>Miguel Corrella lacasa (vocal)<\/li>\n<li>Manuel Ramos valera (vocal)<\/li>\n<li>  (vocal)<\/li>\n<\/ul>\n<\/li>\n<\/ul>\n<p>&nbsp;<\/p>\n","protected":false},"excerpt":{"rendered":"<p>Tesis doctoral de Venancio Andreu Baldo Esta tesis examina la historia alemana de la primera mitad del siglo xx(ii reich, [&hellip;]<\/p>\n","protected":false},"author":1,"featured_media":0,"comment_status":"open","ping_status":"open","sticky":false,"template":"","format":"standard","meta":{"site-sidebar-layout":"default","site-content-layout":"","ast-site-content-layout":"","site-content-style":"default","site-sidebar-style":"default","ast-global-header-display":"","ast-banner-title-visibility":"","ast-main-header-display":"","ast-hfb-above-header-display":"","ast-hfb-below-header-display":"","ast-hfb-mobile-header-display":"","site-post-title":"","ast-breadcrumbs-content":"","ast-featured-img":"","footer-sml-layout":"","theme-transparent-header-meta":"","adv-header-id-meta":"","stick-header-meta":"","header-above-stick-meta":"","header-main-stick-meta":"","header-below-stick-meta":"","astra-migrate-meta-layouts":"default","ast-page-background-enabled":"default","ast-page-background-meta":{"desktop":{"background-color":"var(--ast-global-color-4)","background-image":"","background-repeat":"repeat","background-position":"center center","background-size":"auto","background-attachment":"scroll","background-type":"","background-media":"","overlay-type":"","overlay-color":"","overlay-gradient":""},"tablet":{"background-color":"","background-image":"","background-repeat":"repeat","background-position":"center center","background-size":"auto","background-attachment":"scroll","background-type":"","background-media":"","overlay-type":"","overlay-color":"","overlay-gradient":""},"mobile":{"background-color":"","background-image":"","background-repeat":"repeat","background-position":"center center","background-size":"auto","background-attachment":"scroll","background-type":"","background-media":"","overlay-type":"","overlay-color":"","overlay-gradient":""}},"ast-content-background-meta":{"desktop":{"background-color":"var(--ast-global-color-5)","background-image":"","background-repeat":"repeat","background-position":"center center","background-size":"auto","background-attachment":"scroll","background-type":"","background-media":"","overlay-type":"","overlay-color":"","overlay-gradient":""},"tablet":{"background-color":"var(--ast-global-color-5)","background-image":"","background-repeat":"repeat","background-position":"center center","background-size":"auto","background-attachment":"scroll","background-type":"","background-media":"","overlay-type":"","overlay-color":"","overlay-gradient":""},"mobile":{"background-color":"var(--ast-global-color-5)","background-image":"","background-repeat":"repeat","background-position":"center center","background-size":"auto","background-attachment":"scroll","background-type":"","background-media":"","overlay-type":"","overlay-color":"","overlay-gradient":""}},"footnotes":""},"categories":[1832,165,8535,8235,990],"tags":[43368,12149,43370,43369,43367],"class_list":["post-13349","post","type-post","status-publish","format-standard","hentry","category-doctrinas-filosoficas","category-filosofia","category-filosofia-actual","category-murcia","category-sistemas-filosoficos","tag-antonio-secretario-rivera-garcia","tag-jose-luis-villacanas-berlanga","tag-manuel-ramos-valera","tag-miguel-corrella-lacasa","tag-venancio-andreu-baldo"],"_links":{"self":[{"href":"https:\/\/www.deberes.net\/tesis\/wp-json\/wp\/v2\/posts\/13349","targetHints":{"allow":["GET"]}}],"collection":[{"href":"https:\/\/www.deberes.net\/tesis\/wp-json\/wp\/v2\/posts"}],"about":[{"href":"https:\/\/www.deberes.net\/tesis\/wp-json\/wp\/v2\/types\/post"}],"author":[{"embeddable":true,"href":"https:\/\/www.deberes.net\/tesis\/wp-json\/wp\/v2\/users\/1"}],"replies":[{"embeddable":true,"href":"https:\/\/www.deberes.net\/tesis\/wp-json\/wp\/v2\/comments?post=13349"}],"version-history":[{"count":0,"href":"https:\/\/www.deberes.net\/tesis\/wp-json\/wp\/v2\/posts\/13349\/revisions"}],"wp:attachment":[{"href":"https:\/\/www.deberes.net\/tesis\/wp-json\/wp\/v2\/media?parent=13349"}],"wp:term":[{"taxonomy":"category","embeddable":true,"href":"https:\/\/www.deberes.net\/tesis\/wp-json\/wp\/v2\/categories?post=13349"},{"taxonomy":"post_tag","embeddable":true,"href":"https:\/\/www.deberes.net\/tesis\/wp-json\/wp\/v2\/tags?post=13349"}],"curies":[{"name":"wp","href":"https:\/\/api.w.org\/{rel}","templated":true}]}}