{"id":133580,"date":"1997-01-01T00:00:00","date_gmt":"1997-01-01T00:00:00","guid":{"rendered":"https:\/\/www.deberes.net\/tesis\/sin-categoria\/la-prediccion-de-la-conducta-antisocial-un-analisis-de-las-variables-de-personalidad\/"},"modified":"1997-01-01T00:00:00","modified_gmt":"1997-01-01T00:00:00","slug":"la-prediccion-de-la-conducta-antisocial-un-analisis-de-las-variables-de-personalidad","status":"publish","type":"post","link":"https:\/\/www.deberes.net\/tesis\/psicologia\/la-prediccion-de-la-conducta-antisocial-un-analisis-de-las-variables-de-personalidad\/","title":{"rendered":"La prediccion de la conducta antisocial: un analisis de las variables de personalidad."},"content":{"rendered":"<h2>Tesis doctoral de <strong> Estrella Romero Tri\u00f1anes <\/strong><\/h2>\n<p>En la tesis se efectua un acercamiento transversal y longitudinal a la relacion entre variables de personalidad y conducta antisocial en la adolescencia. En una primera parte del trabajo se expone una revision de las principales teorias y estudios empiricos que abordan la asociacion entre factores individuales y delincuencia.  tras la identificacion de las limitaciones mas importantes de que adolece este campo de trabajo se presenta el planteamiento y los resultados de nuestro estudio empirico. Se recogieron datos en tres muestras de jovenes con edades comprendidas entre los 14 y los 20 a\u00f1os: varones escolarizados (n=435), chicas escolarizadas (n=529) y jovenes institucionalizados (n=95). Los resultados indican que un nucleo de variables personales de corte \u00abtemperamental\u00bb (impulsividad, psicoticismo, busqueda de sensaciones) extraversion) presentan una asociacion estrecha con la conducta antisocial autoinformada, al margen del efecto de la edad y la institucionalizacion. Estas variables permiten ademas predecir a nivel prospectivo la progresion que, durante un a\u00f1o, se produce en la conducta antisocial de los adolescentes.<\/p>\n<p>&nbsp;<\/p>\n<h3>Datos acad\u00e9micos de la tesis doctoral \u00ab<strong>La prediccion de la conducta antisocial: un analisis de las variables de personalidad.<\/strong>\u00ab<\/h3>\n<ul>\n<li><strong>T\u00edtulo de la tesis:<\/strong>\u00a0 La prediccion de la conducta antisocial: un analisis de las variables de personalidad. <\/li>\n<li><strong>Autor:<\/strong>\u00a0 Estrella Romero Tri\u00f1anes <\/li>\n<li><strong>Universidad:<\/strong>\u00a0 Santiago de compostela<\/li>\n<li><strong>Fecha de lectura de la tesis:<\/strong>\u00a0 01\/01\/1997<\/li>\n<\/ul>\n<p>&nbsp;<\/p>\n<h3>Direcci\u00f3n y tribunal<\/h3>\n<ul>\n<li><strong>Director de la tesis<\/strong>\n<ul>\n<li>Mar\u00eda  \u00e1ngeles Luengo Mart\u00edn<\/li>\n<\/ul>\n<\/li>\n<li><strong>Tribunal<\/strong>\n<ul>\n<li>Presidente del tribunal: Gonzalo Serrano Mart\u00ednez <\/li>\n<li>Silverio Barriga Jim\u00e9nez (vocal)<\/li>\n<li>Vicente Pelechano Barbera (vocal)<\/li>\n<li>Manuel Lopez Rivadulla (vocal)<\/li>\n<\/ul>\n<\/li>\n<\/ul>\n<p>&nbsp;<\/p>\n","protected":false},"excerpt":{"rendered":"<p>Tesis doctoral de Estrella Romero Tri\u00f1anes En la tesis se efectua un acercamiento transversal y longitudinal a la relacion entre [&hellip;]<\/p>\n","protected":false},"author":1,"featured_media":0,"comment_status":"open","ping_status":"open","sticky":false,"template":"","format":"standard","meta":{"site-sidebar-layout":"default","site-content-layout":"","ast-site-content-layout":"","site-content-style":"default","site-sidebar-style":"default","ast-global-header-display":"","ast-banner-title-visibility":"","ast-main-header-display":"","ast-hfb-above-header-display":"","ast-hfb-below-header-display":"","ast-hfb-mobile-header-display":"","site-post-title":"","ast-breadcrumbs-content":"","ast-featured-img":"","footer-sml-layout":"","theme-transparent-header-meta":"","adv-header-id-meta":"","stick-header-meta":"","header-above-stick-meta":"","header-main-stick-meta":"","header-below-stick-meta":"","astra-migrate-meta-layouts":"default","ast-page-background-enabled":"default","ast-page-background-meta":{"desktop":{"background-color":"var(--ast-global-color-4)","background-image":"","background-repeat":"repeat","background-position":"center center","background-size":"auto","background-attachment":"scroll","background-type":"","background-media":"","overlay-type":"","overlay-color":"","overlay-gradient":""},"tablet":{"background-color":"","background-image":"","background-repeat":"repeat","background-position":"center center","background-size":"auto","background-attachment":"scroll","background-type":"","background-media":"","overlay-type":"","overlay-color":"","overlay-gradient":""},"mobile":{"background-color":"","background-image":"","background-repeat":"repeat","background-position":"center center","background-size":"auto","background-attachment":"scroll","background-type":"","background-media":"","overlay-type":"","overlay-color":"","overlay-gradient":""}},"ast-content-background-meta":{"desktop":{"background-color":"var(--ast-global-color-5)","background-image":"","background-repeat":"repeat","background-position":"center center","background-size":"auto","background-attachment":"scroll","background-type":"","background-media":"","overlay-type":"","overlay-color":"","overlay-gradient":""},"tablet":{"background-color":"var(--ast-global-color-5)","background-image":"","background-repeat":"repeat","background-position":"center center","background-size":"auto","background-attachment":"scroll","background-type":"","background-media":"","overlay-type":"","overlay-color":"","overlay-gradient":""},"mobile":{"background-color":"var(--ast-global-color-5)","background-image":"","background-repeat":"repeat","background-position":"center center","background-size":"auto","background-attachment":"scroll","background-type":"","background-media":"","overlay-type":"","overlay-color":"","overlay-gradient":""}},"footnotes":""},"categories":[7757,6025,6024,324,996,977],"tags":[165401,2631,93836,35114,11501,26062],"class_list":["post-133580","post","type-post","status-publish","format-standard","hentry","category-actitudes-sociales","category-estudio-psicologico-de-cuestiones-sociales","category-fenomenos-de-grupos-minoritarios","category-psicologia","category-psicologia-social","category-santiago-de-compostela","tag-estrella-romero-trinanes","tag-gonzalo-serrano-Martinez","tag-manuel-lopez-rivadulla","tag-maria-angeles-luengo-martin","tag-silverio-barriga-jimenez","tag-vicente-pelechano-barbera"],"_links":{"self":[{"href":"https:\/\/www.deberes.net\/tesis\/wp-json\/wp\/v2\/posts\/133580","targetHints":{"allow":["GET"]}}],"collection":[{"href":"https:\/\/www.deberes.net\/tesis\/wp-json\/wp\/v2\/posts"}],"about":[{"href":"https:\/\/www.deberes.net\/tesis\/wp-json\/wp\/v2\/types\/post"}],"author":[{"embeddable":true,"href":"https:\/\/www.deberes.net\/tesis\/wp-json\/wp\/v2\/users\/1"}],"replies":[{"embeddable":true,"href":"https:\/\/www.deberes.net\/tesis\/wp-json\/wp\/v2\/comments?post=133580"}],"version-history":[{"count":0,"href":"https:\/\/www.deberes.net\/tesis\/wp-json\/wp\/v2\/posts\/133580\/revisions"}],"wp:attachment":[{"href":"https:\/\/www.deberes.net\/tesis\/wp-json\/wp\/v2\/media?parent=133580"}],"wp:term":[{"taxonomy":"category","embeddable":true,"href":"https:\/\/www.deberes.net\/tesis\/wp-json\/wp\/v2\/categories?post=133580"},{"taxonomy":"post_tag","embeddable":true,"href":"https:\/\/www.deberes.net\/tesis\/wp-json\/wp\/v2\/tags?post=133580"}],"curies":[{"name":"wp","href":"https:\/\/api.w.org\/{rel}","templated":true}]}}