{"id":13376,"date":"2018-03-09T08:59:38","date_gmt":"2018-03-09T08:59:38","guid":{"rendered":"https:\/\/www.deberes.net\/tesis\/sin-categoria\/fenomeno-de-semiosis-en-los-lenguajes-graficos-no-lineales\/"},"modified":"2018-03-09T08:59:38","modified_gmt":"2018-03-09T08:59:38","slug":"fenomeno-de-semiosis-en-los-lenguajes-graficos-no-lineales","status":"publish","type":"post","link":"https:\/\/www.deberes.net\/tesis\/ciencias-de-las-artes-y-las-letras\/fenomeno-de-semiosis-en-los-lenguajes-graficos-no-lineales\/","title":{"rendered":"Fen\u00f3meno de semiosis en los lenguajes gr\u00e1ficos no lineales"},"content":{"rendered":"<h2>Tesis doctoral de <strong> Luz Carmen Alicia Vilchis Esquivel <\/strong><\/h2>\n<p>Esta investigaci\u00f3n tiene como objeto de estudio lo dise\u00f1ado gr\u00e1ficamente en el contexto de la tecnolog\u00eda digital desde dos relaciones interdisciplinarias: hermen\u00e9utica, en tanto permite la comprensi\u00f3n de la acci\u00f3n comunicativa desde su definici\u00f3n como texto y su materializaci\u00f3n en discursos, y semi\u00f3tica, en tanto se explica el sentido de la comunicaci\u00f3n a apartir de sus dimensiones sint\u00e1ctica, sem\u00e1ntica y pragm\u00e1tica.  as\u00ed se proponen la ex\u00e9gesis de lo dise\u00f1ado y la acci\u00f3n de dise\u00f1ar desde el fen\u00f3meno de semiosis en los conceptos de proyecto y excedente de sentido determinados tanto por la necesidad como por la intencionalidad de comunicar un mensaje en la compleja codificaci\u00f3n del lenguaje gr\u00e1fico hipertextual.  la tesis aporta estructuras anal\u00edticas alternativas de la gram\u00e1tica visual, del proceso de dise\u00f1o y el proceso de comunicaci\u00f3n en las condicionantes de fragmentaci\u00f3n y aleatoriedad que caracterizan los mensajes configurados, percibidos e interpretados desde las dimensiones espacio-temporales, de interacci\u00f3n y navegaci\u00f3n propias de la comunicaci\u00f3n gr\u00e1fica no lineal.<\/p>\n<p>&nbsp;<\/p>\n<h3>Datos acad\u00e9micos de la tesis doctoral \u00ab<strong>Fen\u00f3meno de semiosis en los lenguajes gr\u00e1ficos no lineales<\/strong>\u00ab<\/h3>\n<ul>\n<li><strong>T\u00edtulo de la tesis:<\/strong>\u00a0 Fen\u00f3meno de semiosis en los lenguajes gr\u00e1ficos no lineales <\/li>\n<li><strong>Autor:<\/strong>\u00a0 Luz Carmen Alicia Vilchis Esquivel <\/li>\n<li><strong>Universidad:<\/strong>\u00a0 Polit\u00e9cnica de Valencia<\/li>\n<li><strong>Fecha de lectura de la tesis:<\/strong>\u00a0 19\/10\/2001<\/li>\n<\/ul>\n<p>&nbsp;<\/p>\n<h3>Direcci\u00f3n y tribunal<\/h3>\n<ul>\n<li><strong>Director de la tesis<\/strong>\n<ul>\n<li>Gabriel Songel Gonz\u00e1lez<\/li>\n<\/ul>\n<\/li>\n<li><strong>Tribunal<\/strong>\n<ul>\n<li>Presidente del tribunal: Carlos Plasencia climent <\/li>\n<li>Juan  bautista Peiro lopez (vocal)<\/li>\n<li> De la calle rom\u00e1n (vocal)<\/li>\n<li>anna Calvera sagu\u00e9 (vocal)<\/li>\n<\/ul>\n<\/li>\n<\/ul>\n<p>&nbsp;<\/p>\n","protected":false},"excerpt":{"rendered":"<p>Tesis doctoral de Luz Carmen Alicia Vilchis Esquivel Esta investigaci\u00f3n tiene como objeto de estudio lo dise\u00f1ado gr\u00e1ficamente en el [&hellip;]<\/p>\n","protected":false},"author":1,"featured_media":0,"comment_status":"open","ping_status":"open","sticky":false,"template":"","format":"standard","meta":{"site-sidebar-layout":"default","site-content-layout":"","ast-site-content-layout":"","site-content-style":"default","site-sidebar-style":"default","ast-global-header-display":"","ast-banner-title-visibility":"","ast-main-header-display":"","ast-hfb-above-header-display":"","ast-hfb-below-header-display":"","ast-hfb-mobile-header-display":"","site-post-title":"","ast-breadcrumbs-content":"","ast-featured-img":"","footer-sml-layout":"","theme-transparent-header-meta":"","adv-header-id-meta":"","stick-header-meta":"","header-above-stick-meta":"","header-main-stick-meta":"","header-below-stick-meta":"","astra-migrate-meta-layouts":"default","ast-page-background-enabled":"default","ast-page-background-meta":{"desktop":{"background-color":"var(--ast-global-color-4)","background-image":"","background-repeat":"repeat","background-position":"center center","background-size":"auto","background-attachment":"scroll","background-type":"","background-media":"","overlay-type":"","overlay-color":"","overlay-gradient":""},"tablet":{"background-color":"","background-image":"","background-repeat":"repeat","background-position":"center center","background-size":"auto","background-attachment":"scroll","background-type":"","background-media":"","overlay-type":"","overlay-color":"","overlay-gradient":""},"mobile":{"background-color":"","background-image":"","background-repeat":"repeat","background-position":"center center","background-size":"auto","background-attachment":"scroll","background-type":"","background-media":"","overlay-type":"","overlay-color":"","overlay-gradient":""}},"ast-content-background-meta":{"desktop":{"background-color":"var(--ast-global-color-5)","background-image":"","background-repeat":"repeat","background-position":"center center","background-size":"auto","background-attachment":"scroll","background-type":"","background-media":"","overlay-type":"","overlay-color":"","overlay-gradient":""},"tablet":{"background-color":"var(--ast-global-color-5)","background-image":"","background-repeat":"repeat","background-position":"center center","background-size":"auto","background-attachment":"scroll","background-type":"","background-media":"","overlay-type":"","overlay-color":"","overlay-gradient":""},"mobile":{"background-color":"var(--ast-global-color-5)","background-image":"","background-repeat":"repeat","background-position":"center center","background-size":"auto","background-attachment":"scroll","background-type":"","background-media":"","overlay-type":"","overlay-color":"","overlay-gradient":""}},"footnotes":""},"categories":[147,4100,199,1525,16820,1111,21130],"tags":[15951,31219,43449,43448,31393,43447],"class_list":["post-13376","post","type-post","status-publish","format-standard","hentry","category-ciencias-de-las-artes-y-las-letras","category-dibujo-y-grabado","category-fisica","category-optica","category-politecnica-de-valencia","category-teoria-analisis-y-critica-de-las-bellas-artes","category-tratamiento-digital-de-imagenes","tag-anna-calvera-sague","tag-carlos-plasencia-climent","tag-de-la-calle-roman","tag-gabriel-songel-gonzalez","tag-juan-bautista-peiro-lopez","tag-luz-carmen-alicia-vilchis-esquivel"],"_links":{"self":[{"href":"https:\/\/www.deberes.net\/tesis\/wp-json\/wp\/v2\/posts\/13376","targetHints":{"allow":["GET"]}}],"collection":[{"href":"https:\/\/www.deberes.net\/tesis\/wp-json\/wp\/v2\/posts"}],"about":[{"href":"https:\/\/www.deberes.net\/tesis\/wp-json\/wp\/v2\/types\/post"}],"author":[{"embeddable":true,"href":"https:\/\/www.deberes.net\/tesis\/wp-json\/wp\/v2\/users\/1"}],"replies":[{"embeddable":true,"href":"https:\/\/www.deberes.net\/tesis\/wp-json\/wp\/v2\/comments?post=13376"}],"version-history":[{"count":0,"href":"https:\/\/www.deberes.net\/tesis\/wp-json\/wp\/v2\/posts\/13376\/revisions"}],"wp:attachment":[{"href":"https:\/\/www.deberes.net\/tesis\/wp-json\/wp\/v2\/media?parent=13376"}],"wp:term":[{"taxonomy":"category","embeddable":true,"href":"https:\/\/www.deberes.net\/tesis\/wp-json\/wp\/v2\/categories?post=13376"},{"taxonomy":"post_tag","embeddable":true,"href":"https:\/\/www.deberes.net\/tesis\/wp-json\/wp\/v2\/tags?post=13376"}],"curies":[{"name":"wp","href":"https:\/\/api.w.org\/{rel}","templated":true}]}}