{"id":133847,"date":"1997-01-01T00:00:00","date_gmt":"1997-01-01T00:00:00","guid":{"rendered":"https:\/\/www.deberes.net\/tesis\/sin-categoria\/la-direccion-de-la-innovacion-dimensiones-clave\/"},"modified":"1997-01-01T00:00:00","modified_gmt":"1997-01-01T00:00:00","slug":"la-direccion-de-la-innovacion-dimensiones-clave","status":"publish","type":"post","link":"https:\/\/www.deberes.net\/tesis\/ciencias-economicas\/la-direccion-de-la-innovacion-dimensiones-clave\/","title":{"rendered":"La direccion de la innovacion: dimensiones clave."},"content":{"rendered":"<h2>Tesis doctoral de <strong> M. Angeles Mu\u00f1oz Fernandez <\/strong><\/h2>\n<p>El proposito de este trabajo es acercarnos a la practica de la innovacion dentro de las organizaciones. Nuestro interes se centrara en estudiar la literatura que trata de los determinantes y las condiciones que hacen posible el desarrollo de la innovacion dentro de las organizaciones. Se excluye, por tanto, la literatura sobre difusion de innovaciones entre las organizaciones, excepto donde sea relevante para nuestro enfoque.  la innovacion ha sido una actividad de interes central para los teoricos de la organizacion. Aun hoy, el papel de las organizaciones en la generacion de innovaciones continua siendo un topico de interes general. \u00abEl estudio de la generacion de innovacion es central para el estudio de las organizaciones de la teoria de la organizacion\u00bb.  la necesidad de este tipo de estudios es inevitable; especialmente, cuando se considera la innovacion como un punto central de la estrategia de la organizacion, y un elemento crucial de su resistencia y supervivencia a largo plazo.  nuestro interes se centrara, por tanto, en la organizacion y la innovacion. \u00abEs la variable \u00aborganizacion\u00bb, entendida en su mas amplia acepcion, la que en ultima instancia determina las posibilidades de exito empresarial\u00bb y, uno de los medios que conducen a ese exito es la innovacion.<\/p>\n<p>&nbsp;<\/p>\n<h3>Datos acad\u00e9micos de la tesis doctoral \u00ab<strong>La direccion de la innovacion: dimensiones clave.<\/strong>\u00ab<\/h3>\n<ul>\n<li><strong>T\u00edtulo de la tesis:<\/strong>\u00a0 La direccion de la innovacion: dimensiones clave. <\/li>\n<li><strong>Autor:<\/strong>\u00a0 M. Angeles Mu\u00f1oz Fernandez <\/li>\n<li><strong>Universidad:<\/strong>\u00a0 Granada<\/li>\n<li><strong>Fecha de lectura de la tesis:<\/strong>\u00a0 01\/01\/1997<\/li>\n<\/ul>\n<p>&nbsp;<\/p>\n<h3>Direcci\u00f3n y tribunal<\/h3>\n<ul>\n<li><strong>Director de la tesis<\/strong>\n<ul>\n<li>Jos\u00e9 Luis Gal\u00e1n Gonz\u00e1lez<\/li>\n<\/ul>\n<\/li>\n<li><strong>Tribunal<\/strong>\n<ul>\n<li>Presidente del tribunal: Manuel Ortigueira Bouzada <\/li>\n<li>Ram\u00f3n Valle Cabrera (vocal)<\/li>\n<li>Antonio  Genaro Leal Millan (vocal)<\/li>\n<li>  (vocal)<\/li>\n<\/ul>\n<\/li>\n<\/ul>\n<p>&nbsp;<\/p>\n","protected":false},"excerpt":{"rendered":"<p>Tesis doctoral de M. Angeles Mu\u00f1oz Fernandez El proposito de este trabajo es acercarnos a la practica de la innovacion [&hellip;]<\/p>\n","protected":false},"author":1,"featured_media":0,"comment_status":"open","ping_status":"open","sticky":false,"template":"","format":"standard","meta":{"site-sidebar-layout":"default","site-content-layout":"","ast-site-content-layout":"","site-content-style":"default","site-sidebar-style":"default","ast-global-header-display":"","ast-banner-title-visibility":"","ast-main-header-display":"","ast-hfb-above-header-display":"","ast-hfb-below-header-display":"","ast-hfb-mobile-header-display":"","site-post-title":"","ast-breadcrumbs-content":"","ast-featured-img":"","footer-sml-layout":"","theme-transparent-header-meta":"","adv-header-id-meta":"","stick-header-meta":"","header-above-stick-meta":"","header-main-stick-meta":"","header-below-stick-meta":"","astra-migrate-meta-layouts":"default","ast-page-background-enabled":"default","ast-page-background-meta":{"desktop":{"background-color":"var(--ast-global-color-4)","background-image":"","background-repeat":"repeat","background-position":"center center","background-size":"auto","background-attachment":"scroll","background-type":"","background-media":"","overlay-type":"","overlay-color":"","overlay-gradient":""},"tablet":{"background-color":"","background-image":"","background-repeat":"repeat","background-position":"center center","background-size":"auto","background-attachment":"scroll","background-type":"","background-media":"","overlay-type":"","overlay-color":"","overlay-gradient":""},"mobile":{"background-color":"","background-image":"","background-repeat":"repeat","background-position":"center center","background-size":"auto","background-attachment":"scroll","background-type":"","background-media":"","overlay-type":"","overlay-color":"","overlay-gradient":""}},"ast-content-background-meta":{"desktop":{"background-color":"var(--ast-global-color-5)","background-image":"","background-repeat":"repeat","background-position":"center center","background-size":"auto","background-attachment":"scroll","background-type":"","background-media":"","overlay-type":"","overlay-color":"","overlay-gradient":""},"tablet":{"background-color":"var(--ast-global-color-5)","background-image":"","background-repeat":"repeat","background-position":"center center","background-size":"auto","background-attachment":"scroll","background-type":"","background-media":"","overlay-type":"","overlay-color":"","overlay-gradient":""},"mobile":{"background-color":"var(--ast-global-color-5)","background-image":"","background-repeat":"repeat","background-position":"center center","background-size":"auto","background-attachment":"scroll","background-type":"","background-media":"","overlay-type":"","overlay-color":"","overlay-gradient":""}},"footnotes":""},"categories":[82,836,991,1302],"tags":[8059,20623,30047,8057,20622],"class_list":["post-133847","post","type-post","status-publish","format-standard","hentry","category-ciencias-economicas","category-economia-del-cambio-tecnologico","category-innovacion-tecnologica","category-organizacion-y-gestion-de-empresas","tag-antonio-genaro-leal-millan","tag-jose-luis-galan-gonzalez","tag-m-angeles-munoz-fernandez","tag-manuel-ortigueira-bouzada","tag-ramon-valle-cabrera"],"_links":{"self":[{"href":"https:\/\/www.deberes.net\/tesis\/wp-json\/wp\/v2\/posts\/133847","targetHints":{"allow":["GET"]}}],"collection":[{"href":"https:\/\/www.deberes.net\/tesis\/wp-json\/wp\/v2\/posts"}],"about":[{"href":"https:\/\/www.deberes.net\/tesis\/wp-json\/wp\/v2\/types\/post"}],"author":[{"embeddable":true,"href":"https:\/\/www.deberes.net\/tesis\/wp-json\/wp\/v2\/users\/1"}],"replies":[{"embeddable":true,"href":"https:\/\/www.deberes.net\/tesis\/wp-json\/wp\/v2\/comments?post=133847"}],"version-history":[{"count":0,"href":"https:\/\/www.deberes.net\/tesis\/wp-json\/wp\/v2\/posts\/133847\/revisions"}],"wp:attachment":[{"href":"https:\/\/www.deberes.net\/tesis\/wp-json\/wp\/v2\/media?parent=133847"}],"wp:term":[{"taxonomy":"category","embeddable":true,"href":"https:\/\/www.deberes.net\/tesis\/wp-json\/wp\/v2\/categories?post=133847"},{"taxonomy":"post_tag","embeddable":true,"href":"https:\/\/www.deberes.net\/tesis\/wp-json\/wp\/v2\/tags?post=133847"}],"curies":[{"name":"wp","href":"https:\/\/api.w.org\/{rel}","templated":true}]}}