{"id":13399,"date":"2018-03-09T08:59:39","date_gmt":"2018-03-09T08:59:39","guid":{"rendered":"https:\/\/www.deberes.net\/tesis\/sin-categoria\/realismo-en-tiempos-de-irrealidad\/"},"modified":"2018-03-09T08:59:39","modified_gmt":"2018-03-09T08:59:39","slug":"realismo-en-tiempos-de-irrealidad","status":"publish","type":"post","link":"https:\/\/www.deberes.net\/tesis\/historia\/realismo-en-tiempos-de-irrealidad\/","title":{"rendered":"Realismo en tiempos de irrealidad."},"content":{"rendered":"<h2>Tesis doctoral de <strong> Pedro Alberto Cruz Sanchez <\/strong><\/h2>\n<p>La presenta tesis doctoral pretende abordar muchas de las cuestiones y problematicas asociadas al realismo artistico contemporaneo. Para ello, se ha dividido en dos bloques tematicos perfectamente diferenciados: de un lado, el constituido por las dos primeras secciones, en las que se ha elaborado una arquitectura te\u00f3rica encargado de promover un teoria posmoderna del realismo; y de otro, el conformado por las dos \u00faltimas partes, en las que se ha tratado de adaptar la antedicha bateria teorica el caso del nuevo realismo espa\u00f1ol. El objetivo principal de la tesis ha sido, en este sentido, demostrar que el realismo no es una tendencia que busca la copia ingenua y neutral de la realidad, sino su produccion, su construccion estrategia esta que le permite ser considerado a la luz de las diferentes teorias que sostenienen el debate filosofico en las posmodernidad.<\/p>\n<p>&nbsp;<\/p>\n<h3>Datos acad\u00e9micos de la tesis doctoral \u00ab<strong>Realismo en tiempos de irrealidad.<\/strong>\u00ab<\/h3>\n<ul>\n<li><strong>T\u00edtulo de la tesis:<\/strong>\u00a0 Realismo en tiempos de irrealidad. <\/li>\n<li><strong>Autor:<\/strong>\u00a0 Pedro Alberto Cruz Sanchez <\/li>\n<li><strong>Universidad:<\/strong>\u00a0 Murcia<\/li>\n<li><strong>Fecha de lectura de la tesis:<\/strong>\u00a0 22\/10\/2001<\/li>\n<\/ul>\n<p>&nbsp;<\/p>\n<h3>Direcci\u00f3n y tribunal<\/h3>\n<ul>\n<li><strong>Director de la tesis<\/strong>\n<ul>\n<li> Plaza Santiago Francisco JavierDe La<\/li>\n<\/ul>\n<\/li>\n<li><strong>Tribunal<\/strong>\n<ul>\n<li>Presidente del tribunal: cristobal Belda navarro <\/li>\n<li>Jos\u00e9 Saborit viguer (vocal)<\/li>\n<li>german Ramallo asensio (vocal)<\/li>\n<li>Fernando Castro florez (vocal)<\/li>\n<\/ul>\n<\/li>\n<\/ul>\n<p>&nbsp;<\/p>\n","protected":false},"excerpt":{"rendered":"<p>Tesis doctoral de Pedro Alberto Cruz Sanchez La presenta tesis doctoral pretende abordar muchas de las cuestiones y problematicas asociadas [&hellip;]<\/p>\n","protected":false},"author":1,"featured_media":0,"comment_status":"open","ping_status":"open","sticky":false,"template":"","format":"standard","meta":{"site-sidebar-layout":"default","site-content-layout":"","ast-site-content-layout":"","site-content-style":"default","site-sidebar-style":"default","ast-global-header-display":"","ast-banner-title-visibility":"","ast-main-header-display":"","ast-hfb-above-header-display":"","ast-hfb-below-header-display":"","ast-hfb-mobile-header-display":"","site-post-title":"","ast-breadcrumbs-content":"","ast-featured-img":"","footer-sml-layout":"","theme-transparent-header-meta":"","adv-header-id-meta":"","stick-header-meta":"","header-above-stick-meta":"","header-main-stick-meta":"","header-below-stick-meta":"","astra-migrate-meta-layouts":"default","ast-page-background-enabled":"default","ast-page-background-meta":{"desktop":{"background-color":"var(--ast-global-color-4)","background-image":"","background-repeat":"repeat","background-position":"center center","background-size":"auto","background-attachment":"scroll","background-type":"","background-media":"","overlay-type":"","overlay-color":"","overlay-gradient":""},"tablet":{"background-color":"","background-image":"","background-repeat":"repeat","background-position":"center center","background-size":"auto","background-attachment":"scroll","background-type":"","background-media":"","overlay-type":"","overlay-color":"","overlay-gradient":""},"mobile":{"background-color":"","background-image":"","background-repeat":"repeat","background-position":"center center","background-size":"auto","background-attachment":"scroll","background-type":"","background-media":"","overlay-type":"","overlay-color":"","overlay-gradient":""}},"ast-content-background-meta":{"desktop":{"background-color":"var(--ast-global-color-5)","background-image":"","background-repeat":"repeat","background-position":"center center","background-size":"auto","background-attachment":"scroll","background-type":"","background-media":"","overlay-type":"","overlay-color":"","overlay-gradient":""},"tablet":{"background-color":"var(--ast-global-color-5)","background-image":"","background-repeat":"repeat","background-position":"center center","background-size":"auto","background-attachment":"scroll","background-type":"","background-media":"","overlay-type":"","overlay-color":"","overlay-gradient":""},"mobile":{"background-color":"var(--ast-global-color-5)","background-image":"","background-repeat":"repeat","background-position":"center center","background-size":"auto","background-attachment":"scroll","background-type":"","background-media":"","overlay-type":"","overlay-color":"","overlay-gradient":""}},"footnotes":""},"categories":[104,1014,2563,222,8235],"tags":[4050,43517,8187,22743,43515,43516],"class_list":["post-13399","post","type-post","status-publish","format-standard","hentry","category-historia","category-historia-del-arte","category-historia-del-arte-de-los-siglos-xix-y-xx","category-historias-especializadas","category-murcia","tag-cristobal-belda-navarro","tag-fernando-castro-florez","tag-german-ramallo-asensio","tag-jose-saborit-viguer","tag-pedro-alberto-cruz-sanchez","tag-plaza-santiago-francisco-javierde-la"],"_links":{"self":[{"href":"https:\/\/www.deberes.net\/tesis\/wp-json\/wp\/v2\/posts\/13399","targetHints":{"allow":["GET"]}}],"collection":[{"href":"https:\/\/www.deberes.net\/tesis\/wp-json\/wp\/v2\/posts"}],"about":[{"href":"https:\/\/www.deberes.net\/tesis\/wp-json\/wp\/v2\/types\/post"}],"author":[{"embeddable":true,"href":"https:\/\/www.deberes.net\/tesis\/wp-json\/wp\/v2\/users\/1"}],"replies":[{"embeddable":true,"href":"https:\/\/www.deberes.net\/tesis\/wp-json\/wp\/v2\/comments?post=13399"}],"version-history":[{"count":0,"href":"https:\/\/www.deberes.net\/tesis\/wp-json\/wp\/v2\/posts\/13399\/revisions"}],"wp:attachment":[{"href":"https:\/\/www.deberes.net\/tesis\/wp-json\/wp\/v2\/media?parent=13399"}],"wp:term":[{"taxonomy":"category","embeddable":true,"href":"https:\/\/www.deberes.net\/tesis\/wp-json\/wp\/v2\/categories?post=13399"},{"taxonomy":"post_tag","embeddable":true,"href":"https:\/\/www.deberes.net\/tesis\/wp-json\/wp\/v2\/tags?post=13399"}],"curies":[{"name":"wp","href":"https:\/\/api.w.org\/{rel}","templated":true}]}}