{"id":13405,"date":"2018-03-09T08:59:40","date_gmt":"2018-03-09T08:59:40","guid":{"rendered":"https:\/\/www.deberes.net\/tesis\/sin-categoria\/el-trabajo-de-las-actitudes-en-el-contexto-escolar\/"},"modified":"2018-03-09T08:59:40","modified_gmt":"2018-03-09T08:59:40","slug":"el-trabajo-de-las-actitudes-en-el-contexto-escolar","status":"publish","type":"post","link":"https:\/\/www.deberes.net\/tesis\/pedagogia\/el-trabajo-de-las-actitudes-en-el-contexto-escolar\/","title":{"rendered":"El trabajo de las actitudes en el contexto escolar"},"content":{"rendered":"<h2>Tesis doctoral de <strong> Rosa Guitart Aced <\/strong><\/h2>\n<p>La investigaci\u00f3n que se presenta toma el formato de propuesta de teoria aplicada a como trabajar los contenidos actitudinales en los centros escolares de primaria.  en la primera parte del trabajo se aportan elementos para una comprensi\u00f3n del concepto de actitud y sus implicaciones en la personalidad del individuo y en las relaciones sociales. Se incluye un an\u00e1lisis de lo que indican las administraciones educativas del &#8212; y de la generalitat de catalunya en referencia a valores y actitudes.  en la segunda parte, a partir de la especificaci\u00f3n del modelo culminar en el pues se enmarca la propuesta, as\u00ed como del modelo de educaci\u00f3n &#8212; que la &#8212; y de la propuesta de un bloque de actitudes y valores generales como punto de partida del trabajo actitudinal, se expone una propuesta de trabajo de las actitudes en lae scuela que abraza el campo curricular y el institucional del centro escolar, y que se basa en un trabajo consciente, expl\u00edcito, intencionado, planificado y globalizado de las actitudes. Como ejemplificaci\u00f3n se incluye una propuesta de intervenci\u00f3n did\u00e1ctica referida a las actitudes no sexistas. Se cierra esta segunda parte con la validaci\u00f3n de la propuesta de trabajo de las actitudes no sexistas psor parte de personas expertos en el campo de la did\u00e1ctica.<\/p>\n<p>&nbsp;<\/p>\n<h3>Datos acad\u00e9micos de la tesis doctoral \u00ab<strong>El trabajo de las actitudes en el contexto escolar<\/strong>\u00ab<\/h3>\n<ul>\n<li><strong>T\u00edtulo de la tesis:<\/strong>\u00a0 El trabajo de las actitudes en el contexto escolar <\/li>\n<li><strong>Autor:<\/strong>\u00a0 Rosa Guitart Aced <\/li>\n<li><strong>Universidad:<\/strong>\u00a0 Aut\u00f3noma de barcelona<\/li>\n<li><strong>Fecha de lectura de la tesis:<\/strong>\u00a0 22\/10\/2001<\/li>\n<\/ul>\n<p>&nbsp;<\/p>\n<h3>Direcci\u00f3n y tribunal<\/h3>\n<ul>\n<li><strong>Director de la tesis<\/strong>\n<ul>\n<li>Joan Ru\u00e9 Domingo<\/li>\n<\/ul>\n<\/li>\n<li><strong>Tribunal<\/strong>\n<ul>\n<li>Presidente del tribunal: joaquin Gairin sallan <\/li>\n<li>teresa Mauri majos (vocal)<\/li>\n<li>isabel G\u00f3mez alemany (vocal)<\/li>\n<li>isabel Carrillo flores (vocal)<\/li>\n<\/ul>\n<\/li>\n<\/ul>\n<p>&nbsp;<\/p>\n","protected":false},"excerpt":{"rendered":"<p>Tesis doctoral de Rosa Guitart Aced La investigaci\u00f3n que se presenta toma el formato de propuesta de teoria aplicada a [&hellip;]<\/p>\n","protected":false},"author":1,"featured_media":0,"comment_status":"open","ping_status":"open","sticky":false,"template":"","format":"standard","meta":{"site-sidebar-layout":"default","site-content-layout":"","ast-site-content-layout":"","site-content-style":"default","site-sidebar-style":"default","ast-global-header-display":"","ast-banner-title-visibility":"","ast-main-header-display":"","ast-hfb-above-header-display":"","ast-hfb-below-header-display":"","ast-hfb-mobile-header-display":"","site-post-title":"","ast-breadcrumbs-content":"","ast-featured-img":"","footer-sml-layout":"","theme-transparent-header-meta":"","adv-header-id-meta":"","stick-header-meta":"","header-above-stick-meta":"","header-main-stick-meta":"","header-below-stick-meta":"","astra-migrate-meta-layouts":"default","ast-page-background-enabled":"default","ast-page-background-meta":{"desktop":{"background-color":"var(--ast-global-color-4)","background-image":"","background-repeat":"repeat","background-position":"center center","background-size":"auto","background-attachment":"scroll","background-type":"","background-media":"","overlay-type":"","overlay-color":"","overlay-gradient":""},"tablet":{"background-color":"","background-image":"","background-repeat":"repeat","background-position":"center center","background-size":"auto","background-attachment":"scroll","background-type":"","background-media":"","overlay-type":"","overlay-color":"","overlay-gradient":""},"mobile":{"background-color":"","background-image":"","background-repeat":"repeat","background-position":"center center","background-size":"auto","background-attachment":"scroll","background-type":"","background-media":"","overlay-type":"","overlay-color":"","overlay-gradient":""}},"ast-content-background-meta":{"desktop":{"background-color":"var(--ast-global-color-5)","background-image":"","background-repeat":"repeat","background-position":"center center","background-size":"auto","background-attachment":"scroll","background-type":"","background-media":"","overlay-type":"","overlay-color":"","overlay-gradient":""},"tablet":{"background-color":"var(--ast-global-color-5)","background-image":"","background-repeat":"repeat","background-position":"center center","background-size":"auto","background-attachment":"scroll","background-type":"","background-media":"","overlay-type":"","overlay-color":"","overlay-gradient":""},"mobile":{"background-color":"var(--ast-global-color-5)","background-image":"","background-repeat":"repeat","background-position":"center center","background-size":"auto","background-attachment":"scroll","background-type":"","background-media":"","overlay-type":"","overlay-color":"","overlay-gradient":""}},"footnotes":""},"categories":[1183,2233,1184,1141,1340,1341],"tags":[33701,43538,19885,6624,43537,33600],"class_list":["post-13405","post","type-post","status-publish","format-standard","hentry","category-formacion-profesional","category-metodos-pedagogicos","category-organizacion-y-planificacion-de-la-educacion","category-pedagogia","category-planes-de-estudios","category-teoria-y-metodos-educativos","tag-isabel-carrillo-flores","tag-isabel-gomez-alemany","tag-joan-rue-domingo","tag-joaquin-gairin-sallan","tag-rosa-guitart-aced","tag-teresa-mauri-majos"],"_links":{"self":[{"href":"https:\/\/www.deberes.net\/tesis\/wp-json\/wp\/v2\/posts\/13405","targetHints":{"allow":["GET"]}}],"collection":[{"href":"https:\/\/www.deberes.net\/tesis\/wp-json\/wp\/v2\/posts"}],"about":[{"href":"https:\/\/www.deberes.net\/tesis\/wp-json\/wp\/v2\/types\/post"}],"author":[{"embeddable":true,"href":"https:\/\/www.deberes.net\/tesis\/wp-json\/wp\/v2\/users\/1"}],"replies":[{"embeddable":true,"href":"https:\/\/www.deberes.net\/tesis\/wp-json\/wp\/v2\/comments?post=13405"}],"version-history":[{"count":0,"href":"https:\/\/www.deberes.net\/tesis\/wp-json\/wp\/v2\/posts\/13405\/revisions"}],"wp:attachment":[{"href":"https:\/\/www.deberes.net\/tesis\/wp-json\/wp\/v2\/media?parent=13405"}],"wp:term":[{"taxonomy":"category","embeddable":true,"href":"https:\/\/www.deberes.net\/tesis\/wp-json\/wp\/v2\/categories?post=13405"},{"taxonomy":"post_tag","embeddable":true,"href":"https:\/\/www.deberes.net\/tesis\/wp-json\/wp\/v2\/tags?post=13405"}],"curies":[{"name":"wp","href":"https:\/\/api.w.org\/{rel}","templated":true}]}}