{"id":134222,"date":"1997-01-01T00:00:00","date_gmt":"1997-01-01T00:00:00","guid":{"rendered":"https:\/\/www.deberes.net\/tesis\/sin-categoria\/estudio-la-serena-caracteristicas-antropometricas-y-lipoproteicas-de-neonatos-extremenos\/"},"modified":"1997-01-01T00:00:00","modified_gmt":"1997-01-01T00:00:00","slug":"estudio-la-serena-caracteristicas-antropometricas-y-lipoproteicas-de-neonatos-extremenos","status":"publish","type":"post","link":"https:\/\/www.deberes.net\/tesis\/ciencias-de-la-vida\/estudio-la-serena-caracteristicas-antropometricas-y-lipoproteicas-de-neonatos-extremenos\/","title":{"rendered":"Estudio \u00abla serena\u00bb: caracteristicas antropometricas y lipoproteicas de neonatos extreme\u00f1os."},"content":{"rendered":"<h2>Tesis doctoral de <strong> Manuel Esparrago Rodilla <\/strong><\/h2>\n<p>El estudio \u00abla serena\u00bb es una prospeccion de factores de riesgo cardiovascular en una poblacion relativamente extensa de neonatos extreme\u00f1os. El objetivo primordial es fijar limites de normalidad lipoproteica y antropometrica en dicha poblacion. Se pretende, ademas, conocer la influencia de algunas caracteristicas maternas y del neonato sobre la concentracion de lipidos, lipoproteinas y apoproteinas de estos ultimos. El factor sexo parece importante determinando las diferencias observadas. Las caracteristicas maternas no son fuertes determinantes del perfil lipoproteicos del neonato. El incremento de colesterol en los neonatos afecta principalmente a las lipoproteinas de baja densidad (ldl) incrementando la relacion colesterol\/apo b. El seguimiento de algunos ni\u00f1os se\u00f1ala al a\u00f1o de vida una preValencia mayor de factores lipoproteicos de riesgo en aquellos que tuvieron mas de 100 mg\/dl de colesterol al nacimiento.<\/p>\n<p>&nbsp;<\/p>\n<h3>Datos acad\u00e9micos de la tesis doctoral \u00ab<strong>Estudio \u00abla serena\u00bb: caracteristicas antropometricas y lipoproteicas de neonatos extreme\u00f1os.<\/strong>\u00ab<\/h3>\n<ul>\n<li><strong>T\u00edtulo de la tesis:<\/strong>\u00a0 Estudio \u00abla serena\u00bb: caracteristicas antropometricas y lipoproteicas de neonatos extreme\u00f1os. <\/li>\n<li><strong>Autor:<\/strong>\u00a0 Manuel Esparrago Rodilla <\/li>\n<li><strong>Universidad:<\/strong>\u00a0 Complutense de Madrid<\/li>\n<li><strong>Fecha de lectura de la tesis:<\/strong>\u00a0 01\/01\/1997<\/li>\n<\/ul>\n<p>&nbsp;<\/p>\n<h3>Direcci\u00f3n y tribunal<\/h3>\n<ul>\n<li><strong>Director de la tesis<\/strong>\n<ul>\n<li>Francisco Jos\u00e9 S\u00e1nchez Mu\u00f1iz<\/li>\n<\/ul>\n<\/li>\n<li><strong>Tribunal<\/strong>\n<ul>\n<li>Presidente del tribunal: Benito Del Castillo Garcia <\/li>\n<li>Miguel Pocovi Mieras (vocal)<\/li>\n<li>Ana Mar\u00eda Requejo Marcos (vocal)<\/li>\n<li> Saenz De Aranzubia Pedro (vocal)<\/li>\n<\/ul>\n<\/li>\n<\/ul>\n<p>&nbsp;<\/p>\n","protected":false},"excerpt":{"rendered":"<p>Tesis doctoral de Manuel Esparrago Rodilla El estudio \u00abla serena\u00bb es una prospeccion de factores de riesgo cardiovascular en una [&hellip;]<\/p>\n","protected":false},"author":1,"featured_media":0,"comment_status":"open","ping_status":"open","sticky":false,"template":"","format":"standard","meta":{"site-sidebar-layout":"default","site-content-layout":"","ast-site-content-layout":"","site-content-style":"default","site-sidebar-style":"default","ast-global-header-display":"","ast-banner-title-visibility":"","ast-main-header-display":"","ast-hfb-above-header-display":"","ast-hfb-below-header-display":"","ast-hfb-mobile-header-display":"","site-post-title":"","ast-breadcrumbs-content":"","ast-featured-img":"","footer-sml-layout":"","theme-transparent-header-meta":"","adv-header-id-meta":"","stick-header-meta":"","header-above-stick-meta":"","header-main-stick-meta":"","header-below-stick-meta":"","astra-migrate-meta-layouts":"default","ast-page-background-enabled":"default","ast-page-background-meta":{"desktop":{"background-color":"var(--ast-global-color-4)","background-image":"","background-repeat":"repeat","background-position":"center center","background-size":"auto","background-attachment":"scroll","background-type":"","background-media":"","overlay-type":"","overlay-color":"","overlay-gradient":""},"tablet":{"background-color":"","background-image":"","background-repeat":"repeat","background-position":"center center","background-size":"auto","background-attachment":"scroll","background-type":"","background-media":"","overlay-type":"","overlay-color":"","overlay-gradient":""},"mobile":{"background-color":"","background-image":"","background-repeat":"repeat","background-position":"center center","background-size":"auto","background-attachment":"scroll","background-type":"","background-media":"","overlay-type":"","overlay-color":"","overlay-gradient":""}},"ast-content-background-meta":{"desktop":{"background-color":"var(--ast-global-color-5)","background-image":"","background-repeat":"repeat","background-position":"center center","background-size":"auto","background-attachment":"scroll","background-type":"","background-media":"","overlay-type":"","overlay-color":"","overlay-gradient":""},"tablet":{"background-color":"var(--ast-global-color-5)","background-image":"","background-repeat":"repeat","background-position":"center center","background-size":"auto","background-attachment":"scroll","background-type":"","background-media":"","overlay-type":"","overlay-color":"","overlay-gradient":""},"mobile":{"background-color":"var(--ast-global-color-5)","background-image":"","background-repeat":"repeat","background-position":"center center","background-size":"auto","background-attachment":"scroll","background-type":"","background-media":"","overlay-type":"","overlay-color":"","overlay-gradient":""}},"footnotes":""},"categories":[922,5863,35,986],"tags":[5730,4776,24096,248298,10660,248299],"class_list":["post-134222","post","type-post","status-publish","format-standard","hentry","category-antropologia-fisica","category-antropologia-medica","category-ciencias-de-la-vida","category-complutense-de-madrid","tag-ana-maria-requejo-marcos","tag-benito-del-castillo-garcia","tag-francisco-jose-sanchez-muniz","tag-manuel-esparrago-rodilla","tag-miguel-pocovi-mieras","tag-saenz-de-aranzubia-pedro"],"_links":{"self":[{"href":"https:\/\/www.deberes.net\/tesis\/wp-json\/wp\/v2\/posts\/134222","targetHints":{"allow":["GET"]}}],"collection":[{"href":"https:\/\/www.deberes.net\/tesis\/wp-json\/wp\/v2\/posts"}],"about":[{"href":"https:\/\/www.deberes.net\/tesis\/wp-json\/wp\/v2\/types\/post"}],"author":[{"embeddable":true,"href":"https:\/\/www.deberes.net\/tesis\/wp-json\/wp\/v2\/users\/1"}],"replies":[{"embeddable":true,"href":"https:\/\/www.deberes.net\/tesis\/wp-json\/wp\/v2\/comments?post=134222"}],"version-history":[{"count":0,"href":"https:\/\/www.deberes.net\/tesis\/wp-json\/wp\/v2\/posts\/134222\/revisions"}],"wp:attachment":[{"href":"https:\/\/www.deberes.net\/tesis\/wp-json\/wp\/v2\/media?parent=134222"}],"wp:term":[{"taxonomy":"category","embeddable":true,"href":"https:\/\/www.deberes.net\/tesis\/wp-json\/wp\/v2\/categories?post=134222"},{"taxonomy":"post_tag","embeddable":true,"href":"https:\/\/www.deberes.net\/tesis\/wp-json\/wp\/v2\/tags?post=134222"}],"curies":[{"name":"wp","href":"https:\/\/api.w.org\/{rel}","templated":true}]}}