{"id":134391,"date":"1997-01-01T00:00:00","date_gmt":"1997-01-01T00:00:00","guid":{"rendered":"https:\/\/www.deberes.net\/tesis\/sin-categoria\/la-depresion-de-aparicion-tardia\/"},"modified":"1997-01-01T00:00:00","modified_gmt":"1997-01-01T00:00:00","slug":"la-depresion-de-aparicion-tardia","status":"publish","type":"post","link":"https:\/\/www.deberes.net\/tesis\/ciencias-medicas\/la-depresion-de-aparicion-tardia\/","title":{"rendered":"La depresion de aparicion tardia."},"content":{"rendered":"<h2>Tesis doctoral de <strong> Ismael Lastra Martinez <\/strong><\/h2>\n<p>Desde el concepto de depresion involuntaria, ha existido un interes importante sobre las caracteristicas clinicas y ubicacion nosologica de los cuadros depresivos de aparicion tardia. Con el fin de investigar tales datos en poblacion espa\u00f1ola, se estudia una muestra (n=63) de pacientes ingresados consecutivamente en la unidad psiquiatrica de agudos de un hospital general, mayores de 60 a\u00f1os, con el diagnostico r.D.C. De depresion mayor y sin evidencia clinica de deterioro cognitivo u otra patolog\u00eda psiquiatrica distinta a la se\u00f1alada. Se compara el grupo de depresiones de inicio tardio (por encima de los 60 a\u00f1os; n=32) de aquellas de inicio mas temprano (antes de los 60 a\u00f1os n=31). Como resumen de resultados, las depresiones de aparicion tardia tuvieron mas frecuentemente rasgos endogenos y sintomas psicoticos que las de aparicion temprana; sufrieron menos acontecimientos vitales estresantes durante los seis meses previos al inicio del episodio y existio una mayor proporcion de antecedentes familiares de trastornos afectivos. No existieron diferencias en cuanto a tipo y numero de enfermedades organicas sufridas por los pacientes, asi como con el grado de severidad e incapacidad producida por las mismas, si bien los pacientes con depresiones de inicio tardio manifestaban una percepcion de salud general mas desfavorable y mayores limitaciones en sus actividades habituales a consecuencia de la depresion.<\/p>\n<p>&nbsp;<\/p>\n<h3>Datos acad\u00e9micos de la tesis doctoral \u00ab<strong>La depresion de aparicion tardia.<\/strong>\u00ab<\/h3>\n<ul>\n<li><strong>T\u00edtulo de la tesis:<\/strong>\u00a0 La depresion de aparicion tardia. <\/li>\n<li><strong>Autor:<\/strong>\u00a0 Ismael Lastra Martinez <\/li>\n<li><strong>Universidad:<\/strong>\u00a0 Complutense de Madrid<\/li>\n<li><strong>Fecha de lectura de la tesis:<\/strong>\u00a0 01\/01\/1997<\/li>\n<\/ul>\n<p>&nbsp;<\/p>\n<h3>Direcci\u00f3n y tribunal<\/h3>\n<ul>\n<li><strong>Director de la tesis<\/strong>\n<ul>\n<li>Jos\u00e9 Luis Ayuso Gutierrez<\/li>\n<\/ul>\n<\/li>\n<li><strong>Tribunal<\/strong>\n<ul>\n<li>Presidente del tribunal:  Lopez Ibor Juan  Jose <\/li>\n<li>Jos\u00e9 Luis Gonz\u00e1lez De Rivera Revuelta (vocal)<\/li>\n<li>Demetrio Barcia Salorio (vocal)<\/li>\n<li>Enrique Baca Baldomero (vocal)<\/li>\n<\/ul>\n<\/li>\n<\/ul>\n<p>&nbsp;<\/p>\n","protected":false},"excerpt":{"rendered":"<p>Tesis doctoral de Ismael Lastra Martinez Desde el concepto de depresion involuntaria, ha existido un interes importante sobre las caracteristicas [&hellip;]<\/p>\n","protected":false},"author":1,"featured_media":0,"comment_status":"open","ping_status":"open","sticky":false,"template":"","format":"standard","meta":{"site-sidebar-layout":"default","site-content-layout":"","ast-site-content-layout":"","site-content-style":"default","site-sidebar-style":"default","ast-global-header-display":"","ast-banner-title-visibility":"","ast-main-header-display":"","ast-hfb-above-header-display":"","ast-hfb-below-header-display":"","ast-hfb-mobile-header-display":"","site-post-title":"","ast-breadcrumbs-content":"","ast-featured-img":"","footer-sml-layout":"","theme-transparent-header-meta":"","adv-header-id-meta":"","stick-header-meta":"","header-above-stick-meta":"","header-main-stick-meta":"","header-below-stick-meta":"","astra-migrate-meta-layouts":"default","ast-page-background-enabled":"default","ast-page-background-meta":{"desktop":{"background-color":"var(--ast-global-color-4)","background-image":"","background-repeat":"repeat","background-position":"center center","background-size":"auto","background-attachment":"scroll","background-type":"","background-media":"","overlay-type":"","overlay-color":"","overlay-gradient":""},"tablet":{"background-color":"","background-image":"","background-repeat":"repeat","background-position":"center center","background-size":"auto","background-attachment":"scroll","background-type":"","background-media":"","overlay-type":"","overlay-color":"","overlay-gradient":""},"mobile":{"background-color":"","background-image":"","background-repeat":"repeat","background-position":"center center","background-size":"auto","background-attachment":"scroll","background-type":"","background-media":"","overlay-type":"","overlay-color":"","overlay-gradient":""}},"ast-content-background-meta":{"desktop":{"background-color":"var(--ast-global-color-5)","background-image":"","background-repeat":"repeat","background-position":"center center","background-size":"auto","background-attachment":"scroll","background-type":"","background-media":"","overlay-type":"","overlay-color":"","overlay-gradient":""},"tablet":{"background-color":"var(--ast-global-color-5)","background-image":"","background-repeat":"repeat","background-position":"center center","background-size":"auto","background-attachment":"scroll","background-type":"","background-media":"","overlay-type":"","overlay-color":"","overlay-gradient":""},"mobile":{"background-color":"var(--ast-global-color-5)","background-image":"","background-repeat":"repeat","background-position":"center center","background-size":"auto","background-attachment":"scroll","background-type":"","background-media":"","overlay-type":"","overlay-color":"","overlay-gradient":""}},"footnotes":""},"categories":[9,986,1408],"tags":[463,8331,248491,1846,17590,107619],"class_list":["post-134391","post","type-post","status-publish","format-standard","hentry","category-ciencias-medicas","category-complutense-de-madrid","category-psiquiatria","tag-demetrio-barcia-salorio","tag-enrique-baca-baldomero","tag-ismael-lastra-Martinez","tag-jose-luis-ayuso-gutierrez","tag-jose-luis-gonzalez-de-rivera-revuelta","tag-lopez-ibor-juan-jose"],"_links":{"self":[{"href":"https:\/\/www.deberes.net\/tesis\/wp-json\/wp\/v2\/posts\/134391","targetHints":{"allow":["GET"]}}],"collection":[{"href":"https:\/\/www.deberes.net\/tesis\/wp-json\/wp\/v2\/posts"}],"about":[{"href":"https:\/\/www.deberes.net\/tesis\/wp-json\/wp\/v2\/types\/post"}],"author":[{"embeddable":true,"href":"https:\/\/www.deberes.net\/tesis\/wp-json\/wp\/v2\/users\/1"}],"replies":[{"embeddable":true,"href":"https:\/\/www.deberes.net\/tesis\/wp-json\/wp\/v2\/comments?post=134391"}],"version-history":[{"count":0,"href":"https:\/\/www.deberes.net\/tesis\/wp-json\/wp\/v2\/posts\/134391\/revisions"}],"wp:attachment":[{"href":"https:\/\/www.deberes.net\/tesis\/wp-json\/wp\/v2\/media?parent=134391"}],"wp:term":[{"taxonomy":"category","embeddable":true,"href":"https:\/\/www.deberes.net\/tesis\/wp-json\/wp\/v2\/categories?post=134391"},{"taxonomy":"post_tag","embeddable":true,"href":"https:\/\/www.deberes.net\/tesis\/wp-json\/wp\/v2\/tags?post=134391"}],"curies":[{"name":"wp","href":"https:\/\/api.w.org\/{rel}","templated":true}]}}