{"id":134575,"date":"1997-01-01T00:00:00","date_gmt":"1997-01-01T00:00:00","guid":{"rendered":"https:\/\/www.deberes.net\/tesis\/sin-categoria\/inmigracion-y-redes-sociales\/"},"modified":"1997-01-01T00:00:00","modified_gmt":"1997-01-01T00:00:00","slug":"inmigracion-y-redes-sociales","status":"publish","type":"post","link":"https:\/\/www.deberes.net\/tesis\/sociologia\/inmigracion-y-redes-sociales\/","title":{"rendered":"Inmigracion y redes sociales."},"content":{"rendered":"<h2>Tesis doctoral de <strong> Gabriel Perez Perez <\/strong><\/h2>\n<p>En esta tesis se enmarca la inmigracion en los procesos de cambio social y su relacion con la creacion de nuevas identidades. Tras una clarificacion de las aplicaciones de la teoria de redes en ciencias sociales, se detectan dos tipos teoricos de redes en la inmigracion: redes comunitarias o informales y redes sociales o asociaciones. Tomando como objeto de estudio la inmigracion economica extranjera, se analizan las redes comunitarias de los peruanos y las redes sociales (asociaciones) de los principales grupos de inmigrantes en Madrid. Entre los peruanos se han hallado dos tipos de redes que se diferencian en su composicion segun el momento de llegada, pero que varian en su forma y actividad segun la relacion entre expectativas, objetivos y logros. Por su parte, las emergentes asociaciones de inmigrantes tienen una componente etnica predominante, caracterizandose su actividad por una fuerte competencia por su legitimacion publica. Este hecho deriva en que los peque\u00f1os grupos activos favorezcan estrategias gestionistas y una base informal que percibe las asociaciones como entidades prestadoras de servicios puntuales. Al menos en el caso de los peruanos el debil tejido asociativo no se corresponde con las fuertes redes comunitarias.<\/p>\n<p>&nbsp;<\/p>\n<h3>Datos acad\u00e9micos de la tesis doctoral \u00ab<strong>Inmigracion y redes sociales.<\/strong>\u00ab<\/h3>\n<ul>\n<li><strong>T\u00edtulo de la tesis:<\/strong>\u00a0 Inmigracion y redes sociales. <\/li>\n<li><strong>Autor:<\/strong>\u00a0 Gabriel Perez Perez <\/li>\n<li><strong>Universidad:<\/strong>\u00a0 Complutense de Madrid<\/li>\n<li><strong>Fecha de lectura de la tesis:<\/strong>\u00a0 01\/01\/1997<\/li>\n<\/ul>\n<p>&nbsp;<\/p>\n<h3>Direcci\u00f3n y tribunal<\/h3>\n<ul>\n<li><strong>Director de la tesis<\/strong>\n<ul>\n<li> Duran Heras M. Angeles<\/li>\n<\/ul>\n<\/li>\n<li><strong>Tribunal<\/strong>\n<ul>\n<li>Presidente del tribunal:  Castillo Alonso Juan  Jose <\/li>\n<li>Tomas Abelardo Rodr\u00edguez-villasante Prieto (vocal)<\/li>\n<li>Carlota Sole Puig (vocal)<\/li>\n<li>Mar\u00eda \u00e1ngeles L\u00f3pez Jim\u00e9nez (vocal)<\/li>\n<\/ul>\n<\/li>\n<\/ul>\n<p>&nbsp;<\/p>\n","protected":false},"excerpt":{"rendered":"<p>Tesis doctoral de Gabriel Perez Perez En esta tesis se enmarca la inmigracion en los procesos de cambio social y [&hellip;]<\/p>\n","protected":false},"author":1,"featured_media":0,"comment_status":"open","ping_status":"open","sticky":false,"template":"","format":"standard","meta":{"site-sidebar-layout":"default","site-content-layout":"","ast-site-content-layout":"","site-content-style":"default","site-sidebar-style":"default","ast-global-header-display":"","ast-banner-title-visibility":"","ast-main-header-display":"","ast-hfb-above-header-display":"","ast-hfb-below-header-display":"","ast-hfb-mobile-header-display":"","site-post-title":"","ast-breadcrumbs-content":"","ast-featured-img":"","footer-sml-layout":"","theme-transparent-header-meta":"","adv-header-id-meta":"","stick-header-meta":"","header-above-stick-meta":"","header-main-stick-meta":"","header-below-stick-meta":"","astra-migrate-meta-layouts":"default","ast-page-background-enabled":"default","ast-page-background-meta":{"desktop":{"background-color":"var(--ast-global-color-4)","background-image":"","background-repeat":"repeat","background-position":"center center","background-size":"auto","background-attachment":"scroll","background-type":"","background-media":"","overlay-type":"","overlay-color":"","overlay-gradient":""},"tablet":{"background-color":"","background-image":"","background-repeat":"repeat","background-position":"center center","background-size":"auto","background-attachment":"scroll","background-type":"","background-media":"","overlay-type":"","overlay-color":"","overlay-gradient":""},"mobile":{"background-color":"","background-image":"","background-repeat":"repeat","background-position":"center center","background-size":"auto","background-attachment":"scroll","background-type":"","background-media":"","overlay-type":"","overlay-color":"","overlay-gradient":""}},"ast-content-background-meta":{"desktop":{"background-color":"var(--ast-global-color-5)","background-image":"","background-repeat":"repeat","background-position":"center center","background-size":"auto","background-attachment":"scroll","background-type":"","background-media":"","overlay-type":"","overlay-color":"","overlay-gradient":""},"tablet":{"background-color":"var(--ast-global-color-5)","background-image":"","background-repeat":"repeat","background-position":"center center","background-size":"auto","background-attachment":"scroll","background-type":"","background-media":"","overlay-type":"","overlay-color":"","overlay-gradient":""},"mobile":{"background-color":"var(--ast-global-color-5)","background-image":"","background-repeat":"repeat","background-position":"center center","background-size":"auto","background-attachment":"scroll","background-type":"","background-media":"","overlay-type":"","overlay-color":"","overlay-gradient":""}},"footnotes":""},"categories":[6217,986,1066,1353,1354,269],"tags":[22300,4644,22045,226743,9651,22911],"class_list":["post-134575","post","type-post","status-publish","format-standard","hentry","category-cambio-y-desarrollo-social","category-complutense-de-madrid","category-demografia","category-demografia-geografica","category-movilidad-y-migraciones-internacionales","category-sociologia","tag-carlota-sole-puig","tag-castillo-alonso-juan-jose","tag-duran-heras-m-angeles","tag-gabriel-perez-perez","tag-maria-angeles-lopez-jimenez","tag-tomas-abelardo-rodriguez-villasante-prieto"],"_links":{"self":[{"href":"https:\/\/www.deberes.net\/tesis\/wp-json\/wp\/v2\/posts\/134575","targetHints":{"allow":["GET"]}}],"collection":[{"href":"https:\/\/www.deberes.net\/tesis\/wp-json\/wp\/v2\/posts"}],"about":[{"href":"https:\/\/www.deberes.net\/tesis\/wp-json\/wp\/v2\/types\/post"}],"author":[{"embeddable":true,"href":"https:\/\/www.deberes.net\/tesis\/wp-json\/wp\/v2\/users\/1"}],"replies":[{"embeddable":true,"href":"https:\/\/www.deberes.net\/tesis\/wp-json\/wp\/v2\/comments?post=134575"}],"version-history":[{"count":0,"href":"https:\/\/www.deberes.net\/tesis\/wp-json\/wp\/v2\/posts\/134575\/revisions"}],"wp:attachment":[{"href":"https:\/\/www.deberes.net\/tesis\/wp-json\/wp\/v2\/media?parent=134575"}],"wp:term":[{"taxonomy":"category","embeddable":true,"href":"https:\/\/www.deberes.net\/tesis\/wp-json\/wp\/v2\/categories?post=134575"},{"taxonomy":"post_tag","embeddable":true,"href":"https:\/\/www.deberes.net\/tesis\/wp-json\/wp\/v2\/tags?post=134575"}],"curies":[{"name":"wp","href":"https:\/\/api.w.org\/{rel}","templated":true}]}}