{"id":134642,"date":"1997-01-01T00:00:00","date_gmt":"1997-01-01T00:00:00","guid":{"rendered":"https:\/\/www.deberes.net\/tesis\/sin-categoria\/la-memoria-del-olvido-faulkner-el-sur-y-la-modernidad\/"},"modified":"1997-01-01T00:00:00","modified_gmt":"1997-01-01T00:00:00","slug":"la-memoria-del-olvido-faulkner-el-sur-y-la-modernidad","status":"publish","type":"post","link":"https:\/\/www.deberes.net\/tesis\/ciencias-de-las-artes-y-las-letras\/la-memoria-del-olvido-faulkner-el-sur-y-la-modernidad\/","title":{"rendered":"La memoria del olvido: faulkner, el sur y la modernidad"},"content":{"rendered":"<h2>Tesis doctoral de <strong> Salvador Rodr\u00edguez Nuero <\/strong><\/h2>\n<p>Este trabajo pretende analizar the sound and the fury de w. Faulkner aunando todos los factores que coadyuvan en la creacion de sentido. A tal efecto hemos establecido un dialogo multiple entre la obra de faulkner y las tradiciones literarias y culturales del sur de ee.Uu., especialmente la novela de plantacion y todos los mitos que con ella surgieron, asi como la ideolog\u00eda subyacente.  ademas hemos incorporado a este dialogo una interpretacion del malestar de la cultura del sur y su equivalente moderno, en los que la perdida y las reacciones a esta juegan un papel importante, y como estas crisis aparecen codificadas en la novela. En ese sentido planteamos la necesidad de integrar el analisis formalista de la novela con su interpretacion, con la intencion de entablar vinculos entre las crisis formales que la novela presenta y las crisis historicas subyacentes, para en ultima instancia estudiar la forma en la que la ficcion explora aquellos sentidos y voces que la historia oficial habia olvidado y excluido de su discurso legitimador, pero cuyo olvido les hacia irrumpir en la novela destruyendo la homogeneidad y el valor heredados de las tradiciones genericas y la ideolog\u00eda que las produjo.<\/p>\n<p>&nbsp;<\/p>\n<h3>Datos acad\u00e9micos de la tesis doctoral \u00ab<strong>La memoria del olvido: faulkner, el sur y la modernidad<\/strong>\u00ab<\/h3>\n<ul>\n<li><strong>T\u00edtulo de la tesis:<\/strong>\u00a0 La memoria del olvido: faulkner, el sur y la modernidad <\/li>\n<li><strong>Autor:<\/strong>\u00a0 Salvador Rodr\u00edguez Nuero <\/li>\n<li><strong>Universidad:<\/strong>\u00a0 Complutense de Madrid<\/li>\n<li><strong>Fecha de lectura de la tesis:<\/strong>\u00a0 01\/01\/1997<\/li>\n<\/ul>\n<p>&nbsp;<\/p>\n<h3>Direcci\u00f3n y tribunal<\/h3>\n<ul>\n<li><strong>Director de la tesis<\/strong>\n<ul>\n<li>F\u00e9lix Mart\u00edn Guti\u00e9rrez<\/li>\n<\/ul>\n<\/li>\n<li><strong>Tribunal<\/strong>\n<ul>\n<li>Presidente del tribunal: Leopoldo Mateo Alvaro <\/li>\n<li>Juan  Fernando Galvan Reula (vocal)<\/li>\n<li>Catalina Montes Mozo (vocal)<\/li>\n<li>Jes\u00fas Benito Sancho (vocal)<\/li>\n<\/ul>\n<\/li>\n<\/ul>\n<p>&nbsp;<\/p>\n","protected":false},"excerpt":{"rendered":"<p>Tesis doctoral de Salvador Rodr\u00edguez Nuero Este trabajo pretende analizar the sound and the fury de w. Faulkner aunando todos [&hellip;]<\/p>\n","protected":false},"author":1,"featured_media":0,"comment_status":"open","ping_status":"open","sticky":false,"template":"","format":"standard","meta":{"site-sidebar-layout":"default","site-content-layout":"","ast-site-content-layout":"","site-content-style":"default","site-sidebar-style":"default","ast-global-header-display":"","ast-banner-title-visibility":"","ast-main-header-display":"","ast-hfb-above-header-display":"","ast-hfb-below-header-display":"","ast-hfb-mobile-header-display":"","site-post-title":"","ast-breadcrumbs-content":"","ast-featured-img":"","footer-sml-layout":"","theme-transparent-header-meta":"","adv-header-id-meta":"","stick-header-meta":"","header-above-stick-meta":"","header-main-stick-meta":"","header-below-stick-meta":"","astra-migrate-meta-layouts":"default","ast-page-background-enabled":"default","ast-page-background-meta":{"desktop":{"background-color":"var(--ast-global-color-4)","background-image":"","background-repeat":"repeat","background-position":"center center","background-size":"auto","background-attachment":"scroll","background-type":"","background-media":"","overlay-type":"","overlay-color":"","overlay-gradient":""},"tablet":{"background-color":"","background-image":"","background-repeat":"repeat","background-position":"center center","background-size":"auto","background-attachment":"scroll","background-type":"","background-media":"","overlay-type":"","overlay-color":"","overlay-gradient":""},"mobile":{"background-color":"","background-image":"","background-repeat":"repeat","background-position":"center center","background-size":"auto","background-attachment":"scroll","background-type":"","background-media":"","overlay-type":"","overlay-color":"","overlay-gradient":""}},"ast-content-background-meta":{"desktop":{"background-color":"var(--ast-global-color-5)","background-image":"","background-repeat":"repeat","background-position":"center center","background-size":"auto","background-attachment":"scroll","background-type":"","background-media":"","overlay-type":"","overlay-color":"","overlay-gradient":""},"tablet":{"background-color":"var(--ast-global-color-5)","background-image":"","background-repeat":"repeat","background-position":"center center","background-size":"auto","background-attachment":"scroll","background-type":"","background-media":"","overlay-type":"","overlay-color":"","overlay-gradient":""},"mobile":{"background-color":"var(--ast-global-color-5)","background-image":"","background-repeat":"repeat","background-position":"center center","background-size":"auto","background-attachment":"scroll","background-type":"","background-media":"","overlay-type":"","overlay-color":"","overlay-gradient":""}},"footnotes":""},"categories":[148,147,986,628],"tags":[3246,5503,248770,8962,4182,128257],"class_list":["post-134642","post","type-post","status-publish","format-standard","hentry","category-analisis-literario","category-ciencias-de-las-artes-y-las-letras","category-complutense-de-madrid","category-teoria-analisis-y-critica-literarios","tag-catalina-montes-mozo","tag-felix-martin-gutierrez","tag-jesus-benito-sancho","tag-juan-fernando-galvan-reula","tag-leopoldo-mateo-alvaro","tag-salvador-rodriguez-nuero"],"_links":{"self":[{"href":"https:\/\/www.deberes.net\/tesis\/wp-json\/wp\/v2\/posts\/134642","targetHints":{"allow":["GET"]}}],"collection":[{"href":"https:\/\/www.deberes.net\/tesis\/wp-json\/wp\/v2\/posts"}],"about":[{"href":"https:\/\/www.deberes.net\/tesis\/wp-json\/wp\/v2\/types\/post"}],"author":[{"embeddable":true,"href":"https:\/\/www.deberes.net\/tesis\/wp-json\/wp\/v2\/users\/1"}],"replies":[{"embeddable":true,"href":"https:\/\/www.deberes.net\/tesis\/wp-json\/wp\/v2\/comments?post=134642"}],"version-history":[{"count":0,"href":"https:\/\/www.deberes.net\/tesis\/wp-json\/wp\/v2\/posts\/134642\/revisions"}],"wp:attachment":[{"href":"https:\/\/www.deberes.net\/tesis\/wp-json\/wp\/v2\/media?parent=134642"}],"wp:term":[{"taxonomy":"category","embeddable":true,"href":"https:\/\/www.deberes.net\/tesis\/wp-json\/wp\/v2\/categories?post=134642"},{"taxonomy":"post_tag","embeddable":true,"href":"https:\/\/www.deberes.net\/tesis\/wp-json\/wp\/v2\/tags?post=134642"}],"curies":[{"name":"wp","href":"https:\/\/api.w.org\/{rel}","templated":true}]}}