{"id":13467,"date":"2018-03-09T08:59:46","date_gmt":"2018-03-09T08:59:46","guid":{"rendered":"https:\/\/www.deberes.net\/tesis\/sin-categoria\/lodo-por-la-patria-estudio-comparado-de-la-cancion-comprometida-en-las-obras-de-barbara-dane-y-luis-eduardo-aute\/"},"modified":"2018-03-09T08:59:46","modified_gmt":"2018-03-09T08:59:46","slug":"lodo-por-la-patria-estudio-comparado-de-la-cancion-comprometida-en-las-obras-de-barbara-dane-y-luis-eduardo-aute","status":"publish","type":"post","link":"https:\/\/www.deberes.net\/tesis\/ciencias-de-las-artes-y-las-letras\/lodo-por-la-patria-estudio-comparado-de-la-cancion-comprometida-en-las-obras-de-barbara-dane-y-luis-eduardo-aute\/","title":{"rendered":"\u00ablodo por la patria\u00bb. estudio comparado de la canci\u00f3n comprometida en las obras de barbara dane y luis eduardo aute"},"content":{"rendered":"<h2>Tesis doctoral de <strong> David Shea <\/strong><\/h2>\n<p>La m\u00fasica y la canci\u00f3n se han considerado facetas \u00abpeligrosas\u00bb de la cultura popular desde la rep\u00fablica de plat\u00f3n en occidente y en la cultura oriental, si volvemos a la dinast\u00eda hsia, 2000 a\u00f1os antes de cristo, se conoce que los emperadores chinos mandaban a sus vasallos de corte a investigar y anotar las canciones que cantaban los alba\u00f1iles mientras estaban construyendo el muro. El estudio de tales canciones se consideraba una manera rudimentaria de sondear la opini\u00f3n p\u00fablica. En la historia contempor\u00e1nea, en dos casos en concreto, el de espa\u00f1a y los estados unidos, la canci\u00f3n comprometida ha servido como \u00abarma\u00bb para \u00abmatar el fascismo\u00bb, seg\u00fan woody guthrie, o simplemente para articular el deseo popular de terminar con una guerra -en vietnam- o con el franquismo. Dos exponentes de canci\u00f3n compormetida son barbara dane en los estados unidos y luis eduardo aute. El caso de dane es algo ins\u00f3lito pues se trata de una mujer de enorme talento como cantante de jazz y blues que traiciona su propia carrera al decidir invertir toda su energ\u00eda en manifestarse contra a guerra de vietman y luego a favor de la canci\u00f3n protesta despu\u00e9s con la creaci\u00f3n de su propio sello discogr\u00e1fico pared\u00f3n, inspirado en la revoluci\u00f3n cubana y las experiencias que dane vive viajando por esta isla caribe\u00f1a. Es importante tener en cuenta que dane siempre sigue la l\u00ednea del frente cultural estadounidense y que se identifica con la ideolog\u00eda leninista de ho chi minh.  aute, a su vez, se muestra totalmente en contra de la militicia pol\u00edtica y sigue una l\u00ednea m\u00e1s bien personal aunque siempre cr\u00edtica con lo que manejan el poder. Durante los primeros a\u00f1os de la transici\u00f3n en espa\u00f1a despu\u00e9s de la muerte del general franco, aute compone algunos de los temas claves de la \u00e9poca, tales como \u00abal alba\u00bb, \u00aba por el mar\u00bb, \u00ablibertad\u00bb y \u00abde paso\u00bb. son canciones muy coreadas e identificadas con una \u00e9poca en concreto pero que la trascienden. De hecho aute<\/p>\n<p>&nbsp;<\/p>\n<h3>Datos acad\u00e9micos de la tesis doctoral \u00ab<strong>\u00ablodo por la patria\u00bb. estudio comparado de la canci\u00f3n comprometida en las obras de barbara dane y luis eduardo aute<\/strong>\u00ab<\/h3>\n<ul>\n<li><strong>T\u00edtulo de la tesis:<\/strong>\u00a0 \u00ablodo por la patria\u00bb. estudio comparado de la canci\u00f3n comprometida en las obras de barbara dane y luis eduardo aute <\/li>\n<li><strong>Autor:<\/strong>\u00a0 David Shea <\/li>\n<li><strong>Universidad:<\/strong>\u00a0 Palmas de gran canaria<\/li>\n<li><strong>Fecha de lectura de la tesis:<\/strong>\u00a0 25\/10\/2001<\/li>\n<\/ul>\n<p>&nbsp;<\/p>\n<h3>Direcci\u00f3n y tribunal<\/h3>\n<ul>\n<li><strong>Director de la tesis<\/strong>\n<ul>\n<li> Valles Calatrava Jos\u00e9 Rafael<\/li>\n<\/ul>\n<\/li>\n<li><strong>Tribunal<\/strong>\n<ul>\n<li>Presidente del tribunal: Antonio S\u00e1nchez triguero <\/li>\n<li>osvaldo Rodr\u00edguez p\u00e9rez (vocal)<\/li>\n<li>gonzalo Herranz de rafael (vocal)<\/li>\n<li>  (vocal)<\/li>\n<\/ul>\n<\/li>\n<\/ul>\n<p>&nbsp;<\/p>\n","protected":false},"excerpt":{"rendered":"<p>Tesis doctoral de David Shea La m\u00fasica y la canci\u00f3n se han considerado facetas \u00abpeligrosas\u00bb de la cultura popular desde [&hellip;]<\/p>\n","protected":false},"author":1,"featured_media":0,"comment_status":"open","ping_status":"open","sticky":false,"template":"","format":"standard","meta":{"site-sidebar-layout":"default","site-content-layout":"","ast-site-content-layout":"","site-content-style":"default","site-sidebar-style":"default","ast-global-header-display":"","ast-banner-title-visibility":"","ast-main-header-display":"","ast-hfb-above-header-display":"","ast-hfb-below-header-display":"","ast-hfb-mobile-header-display":"","site-post-title":"","ast-breadcrumbs-content":"","ast-featured-img":"","footer-sml-layout":"","theme-transparent-header-meta":"","adv-header-id-meta":"","stick-header-meta":"","header-above-stick-meta":"","header-main-stick-meta":"","header-below-stick-meta":"","astra-migrate-meta-layouts":"default","ast-page-background-enabled":"default","ast-page-background-meta":{"desktop":{"background-color":"var(--ast-global-color-4)","background-image":"","background-repeat":"repeat","background-position":"center center","background-size":"auto","background-attachment":"scroll","background-type":"","background-media":"","overlay-type":"","overlay-color":"","overlay-gradient":""},"tablet":{"background-color":"","background-image":"","background-repeat":"repeat","background-position":"center center","background-size":"auto","background-attachment":"scroll","background-type":"","background-media":"","overlay-type":"","overlay-color":"","overlay-gradient":""},"mobile":{"background-color":"","background-image":"","background-repeat":"repeat","background-position":"center center","background-size":"auto","background-attachment":"scroll","background-type":"","background-media":"","overlay-type":"","overlay-color":"","overlay-gradient":""}},"ast-content-background-meta":{"desktop":{"background-color":"var(--ast-global-color-5)","background-image":"","background-repeat":"repeat","background-position":"center center","background-size":"auto","background-attachment":"scroll","background-type":"","background-media":"","overlay-type":"","overlay-color":"","overlay-gradient":""},"tablet":{"background-color":"var(--ast-global-color-5)","background-image":"","background-repeat":"repeat","background-position":"center center","background-size":"auto","background-attachment":"scroll","background-type":"","background-media":"","overlay-type":"","overlay-color":"","overlay-gradient":""},"mobile":{"background-color":"var(--ast-global-color-5)","background-image":"","background-repeat":"repeat","background-position":"center center","background-size":"auto","background-attachment":"scroll","background-type":"","background-media":"","overlay-type":"","overlay-color":"","overlay-gradient":""}},"footnotes":""},"categories":[147,9132,16629,12931,269,2232,1111],"tags":[43726,43724,42228,6809,43725],"class_list":["post-13467","post","type-post","status-publish","format-standard","hentry","category-ciencias-de-las-artes-y-las-letras","category-musica-y-musicologia","category-palmas-de-gran-canaria","category-relaciones-culturales","category-sociologia","category-sociologia-cultural","category-teoria-analisis-y-critica-de-las-bellas-artes","tag-antonio-sanchez-triguero","tag-david-shea","tag-gonzalo-herranz-de-rafael","tag-osvaldo-rodriguez-perez","tag-valles-calatrava-jose-rafael"],"_links":{"self":[{"href":"https:\/\/www.deberes.net\/tesis\/wp-json\/wp\/v2\/posts\/13467","targetHints":{"allow":["GET"]}}],"collection":[{"href":"https:\/\/www.deberes.net\/tesis\/wp-json\/wp\/v2\/posts"}],"about":[{"href":"https:\/\/www.deberes.net\/tesis\/wp-json\/wp\/v2\/types\/post"}],"author":[{"embeddable":true,"href":"https:\/\/www.deberes.net\/tesis\/wp-json\/wp\/v2\/users\/1"}],"replies":[{"embeddable":true,"href":"https:\/\/www.deberes.net\/tesis\/wp-json\/wp\/v2\/comments?post=13467"}],"version-history":[{"count":0,"href":"https:\/\/www.deberes.net\/tesis\/wp-json\/wp\/v2\/posts\/13467\/revisions"}],"wp:attachment":[{"href":"https:\/\/www.deberes.net\/tesis\/wp-json\/wp\/v2\/media?parent=13467"}],"wp:term":[{"taxonomy":"category","embeddable":true,"href":"https:\/\/www.deberes.net\/tesis\/wp-json\/wp\/v2\/categories?post=13467"},{"taxonomy":"post_tag","embeddable":true,"href":"https:\/\/www.deberes.net\/tesis\/wp-json\/wp\/v2\/tags?post=13467"}],"curies":[{"name":"wp","href":"https:\/\/api.w.org\/{rel}","templated":true}]}}