{"id":13469,"date":"2018-03-09T08:59:46","date_gmt":"2018-03-09T08:59:46","guid":{"rendered":"https:\/\/www.deberes.net\/tesis\/sin-categoria\/incorporacion-de-medidas-de-accesibilidad-espacio-temporal-a-un-sistema-de-informacion-geografica\/"},"modified":"2018-03-09T08:59:46","modified_gmt":"2018-03-09T08:59:46","slug":"incorporacion-de-medidas-de-accesibilidad-espacio-temporal-a-un-sistema-de-informacion-geografica","status":"publish","type":"post","link":"https:\/\/www.deberes.net\/tesis\/ciencias-de-la-tierra-y-del-espacio\/incorporacion-de-medidas-de-accesibilidad-espacio-temporal-a-un-sistema-de-informacion-geografica\/","title":{"rendered":"Incorporaci\u00f3n de medidas de accesibilidad espacio &#8211; temporal a un sistema de informaci\u00f3n geogr\u00e1fica"},"content":{"rendered":"<h2>Tesis doctoral de <strong> Mar\u00eda  Jes\u00fas Salado Garc\u00eda <\/strong><\/h2>\n<p>La posibilidad de acceso a los servicios colectivos es hoy un aspecto importante de la calidad de vida y el bienestar social. En las dos \u00faltimas d\u00e9cadas los sistemas de informaci\u00f3n geogr\u00e1fica han ido incorporando progresivamente distintos m\u00e9todos de evaluaci\u00f3n de situaciones dotacionales o medidas de accesibilidad a los servicios colectivos. Uno de los enfoques menos explorados con esta herramienta es el estudio de las barreras objetivas que los presupuestos espacio &#8211; temporales individuales imponen a la utilizaci\u00f3n potencial de los equipamientos, tal como plantea la geograf\u00eda del tiempo de torsen h\u00ed\u00a4gerstrand.  el objetivo fundamental de este trabajo fue el de explorar las posibilidades que un sig comercial de estructura georrelacional (arcinfo 7.X) tiene de incorporar y hacer operativos algunos de los planteamientos de esta corriente geogr\u00e1fica, aplic\u00e1ndolos a la evaluaci\u00f3n de la accesibilidad espacio &#8211; temporal de los usuarios de guarder\u00edas y escuelas infantiles en alcal\u00e1 de henares a comienzos de los a\u00f1os noventa. En la metodolog\u00eda se describen tres aproximaciones sucesivas al problema, desarrolladas sobre m\u00f3dulos escritos en aml (arc macro language):  1,- m\u00e9todo de c\u00e1lculo de la amplitud de los llamados \u00abprismas de accesibilidad potencial\u00bb individuales (potencial path area, ppa), sobre la red vectorial que representa el callejero de la ciudad. Se realizaron c\u00e1lculos diferentes para tres medios de transporte distintos (desplazamientos peatonales, en autom\u00f3vil propio y en autib\u00fas urbano) y tomando como origen y destino distintos puntos de la ciudad.  2,- posibilidades de an\u00e1lisis y clasificaci\u00f3n de los diarios de actividad individuales tanto por m\u00e9todos estad\u00edsticos simples como por m\u00e9todos gr\u00e1ficos.  3,- combinaci\u00f3n de los datos incluidos en los presupuestos espacio &#8211; temporales de los usuarios del servicio de guarder\u00edas y escuelas infantiles, de la localizaci\u00f3n y horarios de los 34 centros existentes e<\/p>\n<p>&nbsp;<\/p>\n<h3>Datos acad\u00e9micos de la tesis doctoral \u00ab<strong>Incorporaci\u00f3n de medidas de accesibilidad espacio &#8211; temporal a un sistema de informaci\u00f3n geogr\u00e1fica<\/strong>\u00ab<\/h3>\n<ul>\n<li><strong>T\u00edtulo de la tesis:<\/strong>\u00a0 Incorporaci\u00f3n de medidas de accesibilidad espacio &#8211; temporal a un sistema de informaci\u00f3n geogr\u00e1fica <\/li>\n<li><strong>Autor:<\/strong>\u00a0 Mar\u00eda  Jes\u00fas Salado Garc\u00eda <\/li>\n<li><strong>Universidad:<\/strong>\u00a0 Alcal\u00e1<\/li>\n<li><strong>Fecha de lectura de la tesis:<\/strong>\u00a0 25\/10\/2001<\/li>\n<\/ul>\n<p>&nbsp;<\/p>\n<h3>Direcci\u00f3n y tribunal<\/h3>\n<ul>\n<li><strong>Director de la tesis<\/strong>\n<ul>\n<li>Joaquin Bosque Sendra<\/li>\n<\/ul>\n<\/li>\n<li><strong>Tribunal<\/strong>\n<ul>\n<li>Presidente del tribunal: elena Chicharro fern\u00e1ndez <\/li>\n<li>Fernando Fern\u00e1ndez guti\u00e9rrez (vocal)<\/li>\n<li> Castro aguirre constancio de (vocal)<\/li>\n<li>Francisco Javier Escobar Martinez (vocal)<\/li>\n<\/ul>\n<\/li>\n<\/ul>\n<p>&nbsp;<\/p>\n","protected":false},"excerpt":{"rendered":"<p>Tesis doctoral de Mar\u00eda Jes\u00fas Salado Garc\u00eda La posibilidad de acceso a los servicios colectivos es hoy un aspecto importante [&hellip;]<\/p>\n","protected":false},"author":1,"featured_media":0,"comment_status":"open","ping_status":"open","sticky":false,"template":"","format":"standard","meta":{"site-sidebar-layout":"default","site-content-layout":"","ast-site-content-layout":"","site-content-style":"default","site-sidebar-style":"default","ast-global-header-display":"","ast-banner-title-visibility":"","ast-main-header-display":"","ast-hfb-above-header-display":"","ast-hfb-below-header-display":"","ast-hfb-mobile-header-display":"","site-post-title":"","ast-breadcrumbs-content":"","ast-featured-img":"","footer-sml-layout":"","theme-transparent-header-meta":"","adv-header-id-meta":"","stick-header-meta":"","header-above-stick-meta":"","header-main-stick-meta":"","header-below-stick-meta":"","astra-migrate-meta-layouts":"default","ast-page-background-enabled":"default","ast-page-background-meta":{"desktop":{"background-color":"var(--ast-global-color-4)","background-image":"","background-repeat":"repeat","background-position":"center center","background-size":"auto","background-attachment":"scroll","background-type":"","background-media":"","overlay-type":"","overlay-color":"","overlay-gradient":""},"tablet":{"background-color":"","background-image":"","background-repeat":"repeat","background-position":"center center","background-size":"auto","background-attachment":"scroll","background-type":"","background-media":"","overlay-type":"","overlay-color":"","overlay-gradient":""},"mobile":{"background-color":"","background-image":"","background-repeat":"repeat","background-position":"center center","background-size":"auto","background-attachment":"scroll","background-type":"","background-media":"","overlay-type":"","overlay-color":"","overlay-gradient":""}},"ast-content-background-meta":{"desktop":{"background-color":"var(--ast-global-color-5)","background-image":"","background-repeat":"repeat","background-position":"center center","background-size":"auto","background-attachment":"scroll","background-type":"","background-media":"","overlay-type":"","overlay-color":"","overlay-gradient":""},"tablet":{"background-color":"var(--ast-global-color-5)","background-image":"","background-repeat":"repeat","background-position":"center center","background-size":"auto","background-attachment":"scroll","background-type":"","background-media":"","overlay-type":"","overlay-color":"","overlay-gradient":""},"mobile":{"background-color":"var(--ast-global-color-5)","background-image":"","background-repeat":"repeat","background-position":"center center","background-size":"auto","background-attachment":"scroll","background-type":"","background-media":"","overlay-type":"","overlay-color":"","overlay-gradient":""}},"footnotes":""},"categories":[17426,1890,27,5742,1399,4460,3091,1401,5990,126,13542,33512],"tags":[43730,38451,8155,43731,17511,43729],"class_list":["post-13469","post","type-post","status-publish","format-standard","hentry","category-alcala","category-ciencia-de-los-ordenadores","category-ciencias-de-la-tierra-y-del-espacio","category-ciencias-geograficas","category-geografia","category-geografia-de-actividades-economicas","category-geografia-economica","category-geografia-humana","category-geografia-social","category-matematicas","category-sistemas-de-informacion-geografica","category-teoria-de-la-localizacion-geografica","tag-castro-aguirre-constancio-de","tag-elena-chicharro-fernandez","tag-fernando-fernandez-gutierrez","tag-francisco-javier-escobar-Martinez","tag-joaquin-bosque-sendra","tag-maria-jesus-salado-garcia"],"_links":{"self":[{"href":"https:\/\/www.deberes.net\/tesis\/wp-json\/wp\/v2\/posts\/13469","targetHints":{"allow":["GET"]}}],"collection":[{"href":"https:\/\/www.deberes.net\/tesis\/wp-json\/wp\/v2\/posts"}],"about":[{"href":"https:\/\/www.deberes.net\/tesis\/wp-json\/wp\/v2\/types\/post"}],"author":[{"embeddable":true,"href":"https:\/\/www.deberes.net\/tesis\/wp-json\/wp\/v2\/users\/1"}],"replies":[{"embeddable":true,"href":"https:\/\/www.deberes.net\/tesis\/wp-json\/wp\/v2\/comments?post=13469"}],"version-history":[{"count":0,"href":"https:\/\/www.deberes.net\/tesis\/wp-json\/wp\/v2\/posts\/13469\/revisions"}],"wp:attachment":[{"href":"https:\/\/www.deberes.net\/tesis\/wp-json\/wp\/v2\/media?parent=13469"}],"wp:term":[{"taxonomy":"category","embeddable":true,"href":"https:\/\/www.deberes.net\/tesis\/wp-json\/wp\/v2\/categories?post=13469"},{"taxonomy":"post_tag","embeddable":true,"href":"https:\/\/www.deberes.net\/tesis\/wp-json\/wp\/v2\/tags?post=13469"}],"curies":[{"name":"wp","href":"https:\/\/api.w.org\/{rel}","templated":true}]}}