{"id":134954,"date":"1997-01-01T00:00:00","date_gmt":"1997-01-01T00:00:00","guid":{"rendered":"https:\/\/www.deberes.net\/tesis\/sin-categoria\/diseno-y-evaluacion-de-un-programa-de-desarrollo-personal-y-social-el-autoconcepto\/"},"modified":"1997-01-01T00:00:00","modified_gmt":"1997-01-01T00:00:00","slug":"diseno-y-evaluacion-de-un-programa-de-desarrollo-personal-y-social-el-autoconcepto","status":"publish","type":"post","link":"https:\/\/www.deberes.net\/tesis\/pedagogia\/diseno-y-evaluacion-de-un-programa-de-desarrollo-personal-y-social-el-autoconcepto\/","title":{"rendered":"Dise\u00f1o y evaluacion de un programa de desarrollo personal y social: el autoconcepto."},"content":{"rendered":"<h2>Tesis doctoral de <strong> Mar\u00eda  Pilar Martinez Clares <\/strong><\/h2>\n<p>Este trabajo intenta ofrecer el dise\u00f1o y planificacion de un programa de autoconcepto en un contexto educativo, asi como la evaluacion del mismo mediante una propuesta metodologica o modelo propio de evaluacion de programas de orientacion.Para tal fin, el primer capitulo trata sobre la conceptualizacion del autoconcepto, mediante una revision de la literatura especializada, que se detiene en las contribuciones y modelos mas representativos sobre el mismo, siguiendo un esquema clasico en el estudio de este constructo. El segundo capitulo intenta justificar la intervencion del autoconcepto desde el marco de la accion tutorial y la orientacion educativa, centrandonos en el desarrollo personal y social en el curriculo escolar. En el tercer capitulo ofrecemos un resumen de los diferentes modelos de evaluacion de programas de orientacion mas destacados, proponiendo nuestro propio modelo de evaluacion de programas. En cuarto capitulo trata sobre la metodolog\u00eda utilizada en la investigacion:  una metodolog\u00eda cuasiexperimental con un dise\u00f1o de grupo de control no equivalente, detallandonse las diferentes fases de nuestra investigacion. El quinto y ultimo capitulo recoge las conclusiones y propuestas de mejora que se derivan de la investigacion realizada.<\/p>\n<p>&nbsp;<\/p>\n<h3>Datos acad\u00e9micos de la tesis doctoral \u00ab<strong>Dise\u00f1o y evaluacion de un programa de desarrollo personal y social: el autoconcepto.<\/strong>\u00ab<\/h3>\n<ul>\n<li><strong>T\u00edtulo de la tesis:<\/strong>\u00a0 Dise\u00f1o y evaluacion de un programa de desarrollo personal y social: el autoconcepto. <\/li>\n<li><strong>Autor:<\/strong>\u00a0 Mar\u00eda  Pilar Martinez Clares <\/li>\n<li><strong>Universidad:<\/strong>\u00a0 Murcia<\/li>\n<li><strong>Fecha de lectura de la tesis:<\/strong>\u00a0 01\/01\/1997<\/li>\n<\/ul>\n<p>&nbsp;<\/p>\n<h3>Direcci\u00f3n y tribunal<\/h3>\n<ul>\n<li><strong>Director de la tesis<\/strong>\n<ul>\n<li>Josefina Hernandez Fernandez<\/li>\n<\/ul>\n<\/li>\n<li><strong>Tribunal<\/strong>\n<ul>\n<li>Presidente del tribunal: Sebastian Rodr\u00edguez Espinar <\/li>\n<li>Fuensanta Hern\u00e1ndez Pina (vocal)<\/li>\n<li>Miguel Mu\u00f1oz Cantero (vocal)<\/li>\n<li>Antonio Rodriguez Dieguez (vocal)<\/li>\n<\/ul>\n<\/li>\n<\/ul>\n<p>&nbsp;<\/p>\n","protected":false},"excerpt":{"rendered":"<p>Tesis doctoral de Mar\u00eda Pilar Martinez Clares Este trabajo intenta ofrecer el dise\u00f1o y planificacion de un programa de autoconcepto [&hellip;]<\/p>\n","protected":false},"author":1,"featured_media":0,"comment_status":"open","ping_status":"open","sticky":false,"template":"","format":"standard","meta":{"site-sidebar-layout":"default","site-content-layout":"","ast-site-content-layout":"","site-content-style":"default","site-sidebar-style":"default","ast-global-header-display":"","ast-banner-title-visibility":"","ast-main-header-display":"","ast-hfb-above-header-display":"","ast-hfb-below-header-display":"","ast-hfb-mobile-header-display":"","site-post-title":"","ast-breadcrumbs-content":"","ast-featured-img":"","footer-sml-layout":"","theme-transparent-header-meta":"","adv-header-id-meta":"","stick-header-meta":"","header-above-stick-meta":"","header-main-stick-meta":"","header-below-stick-meta":"","astra-migrate-meta-layouts":"default","ast-page-background-enabled":"default","ast-page-background-meta":{"desktop":{"background-color":"var(--ast-global-color-4)","background-image":"","background-repeat":"repeat","background-position":"center center","background-size":"auto","background-attachment":"scroll","background-type":"","background-media":"","overlay-type":"","overlay-color":"","overlay-gradient":""},"tablet":{"background-color":"","background-image":"","background-repeat":"repeat","background-position":"center center","background-size":"auto","background-attachment":"scroll","background-type":"","background-media":"","overlay-type":"","overlay-color":"","overlay-gradient":""},"mobile":{"background-color":"","background-image":"","background-repeat":"repeat","background-position":"center center","background-size":"auto","background-attachment":"scroll","background-type":"","background-media":"","overlay-type":"","overlay-color":"","overlay-gradient":""}},"ast-content-background-meta":{"desktop":{"background-color":"var(--ast-global-color-5)","background-image":"","background-repeat":"repeat","background-position":"center center","background-size":"auto","background-attachment":"scroll","background-type":"","background-media":"","overlay-type":"","overlay-color":"","overlay-gradient":""},"tablet":{"background-color":"var(--ast-global-color-5)","background-image":"","background-repeat":"repeat","background-position":"center center","background-size":"auto","background-attachment":"scroll","background-type":"","background-media":"","overlay-type":"","overlay-color":"","overlay-gradient":""},"mobile":{"background-color":"var(--ast-global-color-5)","background-image":"","background-repeat":"repeat","background-position":"center center","background-size":"auto","background-attachment":"scroll","background-type":"","background-media":"","overlay-type":"","overlay-color":"","overlay-gradient":""}},"footnotes":""},"categories":[9285,1183,8235,1184,1141],"tags":[9939,8808,17358,46399,75200,4268],"class_list":["post-134954","post","type-post","status-publish","format-standard","hentry","category-analisis-estadistico-en-pedagogia","category-formacion-profesional","category-murcia","category-organizacion-y-planificacion-de-la-educacion","category-pedagogia","tag-antonio-rodriguez-dieguez","tag-fuensanta-hernandez-pina","tag-josefina-hernandez-fernandez","tag-maria-pilar-Martinez-clares","tag-miguel-munoz-cantero","tag-sebastian-rodriguez-espinar"],"_links":{"self":[{"href":"https:\/\/www.deberes.net\/tesis\/wp-json\/wp\/v2\/posts\/134954","targetHints":{"allow":["GET"]}}],"collection":[{"href":"https:\/\/www.deberes.net\/tesis\/wp-json\/wp\/v2\/posts"}],"about":[{"href":"https:\/\/www.deberes.net\/tesis\/wp-json\/wp\/v2\/types\/post"}],"author":[{"embeddable":true,"href":"https:\/\/www.deberes.net\/tesis\/wp-json\/wp\/v2\/users\/1"}],"replies":[{"embeddable":true,"href":"https:\/\/www.deberes.net\/tesis\/wp-json\/wp\/v2\/comments?post=134954"}],"version-history":[{"count":0,"href":"https:\/\/www.deberes.net\/tesis\/wp-json\/wp\/v2\/posts\/134954\/revisions"}],"wp:attachment":[{"href":"https:\/\/www.deberes.net\/tesis\/wp-json\/wp\/v2\/media?parent=134954"}],"wp:term":[{"taxonomy":"category","embeddable":true,"href":"https:\/\/www.deberes.net\/tesis\/wp-json\/wp\/v2\/categories?post=134954"},{"taxonomy":"post_tag","embeddable":true,"href":"https:\/\/www.deberes.net\/tesis\/wp-json\/wp\/v2\/tags?post=134954"}],"curies":[{"name":"wp","href":"https:\/\/api.w.org\/{rel}","templated":true}]}}