{"id":134955,"date":"1997-01-01T00:00:00","date_gmt":"1997-01-01T00:00:00","guid":{"rendered":"https:\/\/www.deberes.net\/tesis\/sin-categoria\/factores-implicados-en-el-vinculo-de-apego-en-la-infancia-temperamento-del-nino-y-caracteristicas-maternas\/"},"modified":"1997-01-01T00:00:00","modified_gmt":"1997-01-01T00:00:00","slug":"factores-implicados-en-el-vinculo-de-apego-en-la-infancia-temperamento-del-nino-y-caracteristicas-maternas","status":"publish","type":"post","link":"https:\/\/www.deberes.net\/tesis\/psicologia\/factores-implicados-en-el-vinculo-de-apego-en-la-infancia-temperamento-del-nino-y-caracteristicas-maternas\/","title":{"rendered":"Factores implicados en el vinculo de apego en la infancia: temperamento del ni\u00f1o y caracteristicas maternas."},"content":{"rendered":"<h2>Tesis doctoral de <strong> Mar\u00eda  Teresa Martinez Fuentes <\/strong><\/h2>\n<p>Este trabajo tuvo 2 objetivos: el primero analizar si la personalidad de la madre y el temperamento del ni\u00f1o determinan la seguridad del apego del ni\u00f1o durante la infancia y ni\u00f1ez temprana y el segundo comprobar si los ni\u00f1os mantienen el estilo de apego que les une a su madre en el periodo que transcurre entre los 12 y 36 meses de edad.La muestra estaba compuesta por 41 diadas madre-hijo que fueron seguidas desde que los bebes contaban con 3 meses de edad hasta que alcanzaron los 3 a\u00f1os.Los resultados obtenidos indicaron que: &#8211; los rasgos temperamentales del bebe, nivel de actividad, atencion y orientacion social permiten diferenciar a los ni\u00f1os seguros de los inseguros. Es decir, aquellos bebes que a los 3 meses tenian una actividad moderada, centraban y focalizaban su atencion, y se mostraban espectantes y receptivos en sus interacciones sociales presentaban mayores probabilidades de establecer una relacion afectiva segura.  &#8211; la personalidad de la madre no determina la seguridad del apego del ni\u00f1o.  &#8211; existe inestabilidad en el estilo de apego en el periodo comprendido entre los 12 y 36 meses de edad.  &#8211; el temperamento del ni\u00f1o y la personalidad de la madre no se relacionaron con la inestabilidad en el estilo de apego.<\/p>\n<p>&nbsp;<\/p>\n<h3>Datos acad\u00e9micos de la tesis doctoral \u00ab<strong>Factores implicados en el vinculo de apego en la infancia: temperamento del ni\u00f1o y caracteristicas maternas.<\/strong>\u00ab<\/h3>\n<ul>\n<li><strong>T\u00edtulo de la tesis:<\/strong>\u00a0 Factores implicados en el vinculo de apego en la infancia: temperamento del ni\u00f1o y caracteristicas maternas. <\/li>\n<li><strong>Autor:<\/strong>\u00a0 Mar\u00eda  Teresa Martinez Fuentes <\/li>\n<li><strong>Universidad:<\/strong>\u00a0 Murcia<\/li>\n<li><strong>Fecha de lectura de la tesis:<\/strong>\u00a0 01\/01\/1997<\/li>\n<\/ul>\n<p>&nbsp;<\/p>\n<h3>Direcci\u00f3n y tribunal<\/h3>\n<ul>\n<li><strong>Director de la tesis<\/strong>\n<ul>\n<li>Alfredo Gustavo Brito De La Nuez<\/li>\n<\/ul>\n<\/li>\n<li><strong>Tribunal<\/strong>\n<ul>\n<li>Presidente del tribunal: Jos\u00e9 Antonio Carranza Carnicero <\/li>\n<li> Ortiz Ba\u00f1on M. Jos\u00e9 (vocal)<\/li>\n<li>  (vocal)<\/li>\n<li>  (vocal)<\/li>\n<\/ul>\n<\/li>\n<\/ul>\n<p>&nbsp;<\/p>\n","protected":false},"excerpt":{"rendered":"<p>Tesis doctoral de Mar\u00eda Teresa Martinez Fuentes Este trabajo tuvo 2 objetivos: el primero analizar si la personalidad de la [&hellip;]<\/p>\n","protected":false},"author":1,"featured_media":0,"comment_status":"open","ping_status":"open","sticky":false,"template":"","format":"standard","meta":{"site-sidebar-layout":"default","site-content-layout":"","ast-site-content-layout":"","site-content-style":"default","site-sidebar-style":"default","ast-global-header-display":"","ast-banner-title-visibility":"","ast-main-header-display":"","ast-hfb-above-header-display":"","ast-hfb-below-header-display":"","ast-hfb-mobile-header-display":"","site-post-title":"","ast-breadcrumbs-content":"","ast-featured-img":"","footer-sml-layout":"","theme-transparent-header-meta":"","adv-header-id-meta":"","stick-header-meta":"","header-above-stick-meta":"","header-main-stick-meta":"","header-below-stick-meta":"","astra-migrate-meta-layouts":"default","ast-page-background-enabled":"default","ast-page-background-meta":{"desktop":{"background-color":"var(--ast-global-color-4)","background-image":"","background-repeat":"repeat","background-position":"center center","background-size":"auto","background-attachment":"scroll","background-type":"","background-media":"","overlay-type":"","overlay-color":"","overlay-gradient":""},"tablet":{"background-color":"","background-image":"","background-repeat":"repeat","background-position":"center center","background-size":"auto","background-attachment":"scroll","background-type":"","background-media":"","overlay-type":"","overlay-color":"","overlay-gradient":""},"mobile":{"background-color":"","background-image":"","background-repeat":"repeat","background-position":"center center","background-size":"auto","background-attachment":"scroll","background-type":"","background-media":"","overlay-type":"","overlay-color":"","overlay-gradient":""}},"ast-content-background-meta":{"desktop":{"background-color":"var(--ast-global-color-5)","background-image":"","background-repeat":"repeat","background-position":"center center","background-size":"auto","background-attachment":"scroll","background-type":"","background-media":"","overlay-type":"","overlay-color":"","overlay-gradient":""},"tablet":{"background-color":"var(--ast-global-color-5)","background-image":"","background-repeat":"repeat","background-position":"center center","background-size":"auto","background-attachment":"scroll","background-type":"","background-media":"","overlay-type":"","overlay-color":"","overlay-gradient":""},"mobile":{"background-color":"var(--ast-global-color-5)","background-image":"","background-repeat":"repeat","background-position":"center center","background-size":"auto","background-attachment":"scroll","background-type":"","background-media":"","overlay-type":"","overlay-color":"","overlay-gradient":""}},"footnotes":""},"categories":[10755,8235,324,961,325],"tags":[168529,8757,80456,249105],"class_list":["post-134955","post","type-post","status-publish","format-standard","hentry","category-desviaciones-del-comportamiento","category-murcia","category-psicologia","category-psicologia-de-la-anormalidad","category-psicopatologia","tag-alfredo-gustavo-brito-de-la-nuez","tag-jose-antonio-carranza-carnicero","tag-maria-teresa-Martinez-fuentes","tag-ortiz-banon-m-jose"],"_links":{"self":[{"href":"https:\/\/www.deberes.net\/tesis\/wp-json\/wp\/v2\/posts\/134955","targetHints":{"allow":["GET"]}}],"collection":[{"href":"https:\/\/www.deberes.net\/tesis\/wp-json\/wp\/v2\/posts"}],"about":[{"href":"https:\/\/www.deberes.net\/tesis\/wp-json\/wp\/v2\/types\/post"}],"author":[{"embeddable":true,"href":"https:\/\/www.deberes.net\/tesis\/wp-json\/wp\/v2\/users\/1"}],"replies":[{"embeddable":true,"href":"https:\/\/www.deberes.net\/tesis\/wp-json\/wp\/v2\/comments?post=134955"}],"version-history":[{"count":0,"href":"https:\/\/www.deberes.net\/tesis\/wp-json\/wp\/v2\/posts\/134955\/revisions"}],"wp:attachment":[{"href":"https:\/\/www.deberes.net\/tesis\/wp-json\/wp\/v2\/media?parent=134955"}],"wp:term":[{"taxonomy":"category","embeddable":true,"href":"https:\/\/www.deberes.net\/tesis\/wp-json\/wp\/v2\/categories?post=134955"},{"taxonomy":"post_tag","embeddable":true,"href":"https:\/\/www.deberes.net\/tesis\/wp-json\/wp\/v2\/tags?post=134955"}],"curies":[{"name":"wp","href":"https:\/\/api.w.org\/{rel}","templated":true}]}}