{"id":13501,"date":"2018-03-09T08:59:48","date_gmt":"2018-03-09T08:59:48","guid":{"rendered":"https:\/\/www.deberes.net\/tesis\/sin-categoria\/educacion-y-desarrollo-humano-sostenible-una-experiencia-educativa-con-menores-trabajadores\/"},"modified":"2018-03-09T08:59:48","modified_gmt":"2018-03-09T08:59:48","slug":"educacion-y-desarrollo-humano-sostenible-una-experiencia-educativa-con-menores-trabajadores","status":"publish","type":"post","link":"https:\/\/www.deberes.net\/tesis\/pedagogia\/educacion-y-desarrollo-humano-sostenible-una-experiencia-educativa-con-menores-trabajadores\/","title":{"rendered":"Educacion y desarrollo humano sostenible: una experiencia educativa con menores trabajadores"},"content":{"rendered":"<h2>Tesis doctoral de <strong> Ana Patricia Leon Urquijo <\/strong><\/h2>\n<p>La presente tesis doctoral se desarrollo dentro de la metodolog\u00eda de la investigacion-accion participativaen el ambito de la intervencion con menores trabajadores de la regi\u00f3n del quindio colombia, que se inici\u00f3 en 1990 y se presentan los resultados obtenidos hasta el a\u00f1o 2000, en la cual a partir del diagnostico de la muestra de estos menores en situaci\u00f3n de explotacion, se capacitaron y conformaron en un grupo solidario, que denominaron precooperativa juvenil del quindio \u00abprejuvenil\u00bb.  la investigaci\u00f3n se desarrollo en cuatro fase: la primera se hace referencia a la conformaci\u00f3n de la prejuvenil entre 1991 y 1993. La segunda fase hace referencia al dise\u00f1o y aplicaci\u00f3n de un programa de educaci\u00f3n dirigido a los asociados de la prejuvenil. En la tercera fase se realiz\u00f3 el analisis e interpretacion de la acci\u00f3n educativa y la evaluaci\u00f3n de la pertenencia precooperativa de los asociados en 1996. La cuarta fase presenta los cambios de la calidad de vida de los jovenes que son y fueron asociados a la prejuvenil en 1997 y la proyeccion hacia el futuro el 2000.  se propusieron mejoras a la calidad de vida mediante acciones concretas educativas que les permitio ingresar a la educaci\u00f3n regular, conocer sus derechos y deberes, aprender oficiosm\u00e1s cualificados, disminuir el tiempo laboral, mejorar el estado de salud, mejorar las relaciones personales con sus padres, familiares y su entorno y tener un proyecci\u00f3n de vida m\u00e1s alentadora.<\/p>\n<p>&nbsp;<\/p>\n<h3>Datos acad\u00e9micos de la tesis doctoral \u00ab<strong>Educacion y desarrollo humano sostenible: una experiencia educativa con menores trabajadores<\/strong>\u00ab<\/h3>\n<ul>\n<li><strong>T\u00edtulo de la tesis:<\/strong>\u00a0 Educacion y desarrollo humano sostenible: una experiencia educativa con menores trabajadores <\/li>\n<li><strong>Autor:<\/strong>\u00a0 Ana Patricia Leon Urquijo <\/li>\n<li><strong>Universidad:<\/strong>\u00a0 Universitat de val\u00e9ncia (estudi general)<\/li>\n<li><strong>Fecha de lectura de la tesis:<\/strong>\u00a0 26\/10\/2001<\/li>\n<\/ul>\n<p>&nbsp;<\/p>\n<h3>Direcci\u00f3n y tribunal<\/h3>\n<ul>\n<li><strong>Director de la tesis<\/strong>\n<ul>\n<li>Pilar Aznar Minguet<\/li>\n<\/ul>\n<\/li>\n<li><strong>Tribunal<\/strong>\n<ul>\n<li>Presidente del tribunal: Juan Esc\u00e1mez s\u00e1nchez <\/li>\n<li>concepcion Gomez oca\u00f1a (vocal)<\/li>\n<li>Javier Garcia gomez (vocal)<\/li>\n<li> Senent sanchez joan Mar\u00eda (vocal)<\/li>\n<\/ul>\n<\/li>\n<\/ul>\n<p>&nbsp;<\/p>\n","protected":false},"excerpt":{"rendered":"<p>Tesis doctoral de Ana Patricia Leon Urquijo La presente tesis doctoral se desarrollo dentro de la metodolog\u00eda de la investigacion-accion [&hellip;]<\/p>\n","protected":false},"author":1,"featured_media":0,"comment_status":"open","ping_status":"open","sticky":false,"template":"","format":"standard","meta":{"site-sidebar-layout":"default","site-content-layout":"","ast-site-content-layout":"","site-content-style":"default","site-sidebar-style":"default","ast-global-header-display":"","ast-banner-title-visibility":"","ast-main-header-display":"","ast-hfb-above-header-display":"","ast-hfb-below-header-display":"","ast-hfb-mobile-header-display":"","site-post-title":"","ast-breadcrumbs-content":"","ast-featured-img":"","footer-sml-layout":"","theme-transparent-header-meta":"","adv-header-id-meta":"","stick-header-meta":"","header-above-stick-meta":"","header-main-stick-meta":"","header-below-stick-meta":"","astra-migrate-meta-layouts":"default","ast-page-background-enabled":"default","ast-page-background-meta":{"desktop":{"background-color":"var(--ast-global-color-4)","background-image":"","background-repeat":"repeat","background-position":"center center","background-size":"auto","background-attachment":"scroll","background-type":"","background-media":"","overlay-type":"","overlay-color":"","overlay-gradient":""},"tablet":{"background-color":"","background-image":"","background-repeat":"repeat","background-position":"center center","background-size":"auto","background-attachment":"scroll","background-type":"","background-media":"","overlay-type":"","overlay-color":"","overlay-gradient":""},"mobile":{"background-color":"","background-image":"","background-repeat":"repeat","background-position":"center center","background-size":"auto","background-attachment":"scroll","background-type":"","background-media":"","overlay-type":"","overlay-color":"","overlay-gradient":""}},"ast-content-background-meta":{"desktop":{"background-color":"var(--ast-global-color-5)","background-image":"","background-repeat":"repeat","background-position":"center center","background-size":"auto","background-attachment":"scroll","background-type":"","background-media":"","overlay-type":"","overlay-color":"","overlay-gradient":""},"tablet":{"background-color":"var(--ast-global-color-5)","background-image":"","background-repeat":"repeat","background-position":"center center","background-size":"auto","background-attachment":"scroll","background-type":"","background-media":"","overlay-type":"","overlay-color":"","overlay-gradient":""},"mobile":{"background-color":"var(--ast-global-color-5)","background-image":"","background-repeat":"repeat","background-position":"center center","background-size":"auto","background-attachment":"scroll","background-type":"","background-media":"","overlay-type":"","overlay-color":"","overlay-gradient":""}},"footnotes":""},"categories":[6020,2233,1141,5714,1341],"tags":[43820,11649,27354,10327,11650,43821],"class_list":["post-13501","post","type-post","status-publish","format-standard","hentry","category-evaluacion-de-alumnos","category-metodos-pedagogicos","category-pedagogia","category-pedagogia-comparada","category-teoria-y-metodos-educativos","tag-ana-patricia-leon-urquijo","tag-concepcion-gomez-ocana","tag-javier-garcia-gomez","tag-juan-escamez-sanchez","tag-pilar-aznar-minguet","tag-senent-sanchez-joan-maria"],"_links":{"self":[{"href":"https:\/\/www.deberes.net\/tesis\/wp-json\/wp\/v2\/posts\/13501","targetHints":{"allow":["GET"]}}],"collection":[{"href":"https:\/\/www.deberes.net\/tesis\/wp-json\/wp\/v2\/posts"}],"about":[{"href":"https:\/\/www.deberes.net\/tesis\/wp-json\/wp\/v2\/types\/post"}],"author":[{"embeddable":true,"href":"https:\/\/www.deberes.net\/tesis\/wp-json\/wp\/v2\/users\/1"}],"replies":[{"embeddable":true,"href":"https:\/\/www.deberes.net\/tesis\/wp-json\/wp\/v2\/comments?post=13501"}],"version-history":[{"count":0,"href":"https:\/\/www.deberes.net\/tesis\/wp-json\/wp\/v2\/posts\/13501\/revisions"}],"wp:attachment":[{"href":"https:\/\/www.deberes.net\/tesis\/wp-json\/wp\/v2\/media?parent=13501"}],"wp:term":[{"taxonomy":"category","embeddable":true,"href":"https:\/\/www.deberes.net\/tesis\/wp-json\/wp\/v2\/categories?post=13501"},{"taxonomy":"post_tag","embeddable":true,"href":"https:\/\/www.deberes.net\/tesis\/wp-json\/wp\/v2\/tags?post=13501"}],"curies":[{"name":"wp","href":"https:\/\/api.w.org\/{rel}","templated":true}]}}