{"id":13507,"date":"2018-03-09T08:59:49","date_gmt":"2018-03-09T08:59:49","guid":{"rendered":"https:\/\/www.deberes.net\/tesis\/sin-categoria\/la-ideologa%c2%ada-pola%c2%adtica-del-nacionalismo\/"},"modified":"2018-03-09T08:59:49","modified_gmt":"2018-03-09T08:59:49","slug":"la-ideologa%c2%ada-pola%c2%adtica-del-nacionalismo","status":"publish","type":"post","link":"https:\/\/www.deberes.net\/tesis\/filosofia\/la-ideologa%c2%ada-pola%c2%adtica-del-nacionalismo\/","title":{"rendered":"La ideolog\u00eda pol\u00edtica del nacionalismo"},"content":{"rendered":"<h2>Tesis doctoral de <strong>  Garc\u00eda Ramiro Francisco Jose <\/strong><\/h2>\n<p>Se trata de presentar el estado de la cuesti\u00f3n sobre las teor\u00edas e interpretaciones del nacinalismo, mostrando los l\u00edmites de esas teor\u00edas y su alcance interpretativo. el autor muesta de modo circunstanciado las contradicciones, paradojas y ambigu\u00ed\u00bcedades del nacionalismo, en las que en gran parte se busca su \u00e9xito social y pol\u00edtico como ideolog\u00eda y como movimiento pol\u00edtico.<\/p>\n<p>&nbsp;<\/p>\n<h3>Datos acad\u00e9micos de la tesis doctoral \u00ab<strong>La ideolog\u00eda pol\u00edtica del nacionalismo<\/strong>\u00ab<\/h3>\n<ul>\n<li><strong>T\u00edtulo de la tesis:<\/strong>\u00a0 La ideolog\u00eda pol\u00edtica del nacionalismo <\/li>\n<li><strong>Autor:<\/strong>\u00a0  Garc\u00eda Ramiro Francisco Jose <\/li>\n<li><strong>Universidad:<\/strong>\u00a0 Aut\u00f3noma de Madrid<\/li>\n<li><strong>Fecha de lectura de la tesis:<\/strong>\u00a0 26\/10\/2001<\/li>\n<\/ul>\n<p>&nbsp;<\/p>\n<h3>Direcci\u00f3n y tribunal<\/h3>\n<ul>\n<li><strong>Director de la tesis<\/strong>\n<ul>\n<li>Enrique L\u00f3pez Castell\u00f3n<\/li>\n<\/ul>\n<\/li>\n<li><strong>Tribunal<\/strong>\n<ul>\n<li>Presidente del tribunal: javier S\u00e1daba garay <\/li>\n<li> De lucas martin Javier (vocal)<\/li>\n<li>Francisco Javier Laporta san Miguel (vocal)<\/li>\n<li>gabriel Albiach l\u00f3pez (vocal)<\/li>\n<\/ul>\n<\/li>\n<\/ul>\n<p>&nbsp;<\/p>\n","protected":false},"excerpt":{"rendered":"<p>Tesis doctoral de Garc\u00eda Ramiro Francisco Jose Se trata de presentar el estado de la cuesti\u00f3n sobre las teor\u00edas e [&hellip;]<\/p>\n","protected":false},"author":1,"featured_media":0,"comment_status":"open","ping_status":"open","sticky":false,"template":"","format":"standard","meta":{"site-sidebar-layout":"default","site-content-layout":"","ast-site-content-layout":"","site-content-style":"default","site-sidebar-style":"default","ast-global-header-display":"","ast-banner-title-visibility":"","ast-main-header-display":"","ast-hfb-above-header-display":"","ast-hfb-below-header-display":"","ast-hfb-mobile-header-display":"","site-post-title":"","ast-breadcrumbs-content":"","ast-featured-img":"","footer-sml-layout":"","theme-transparent-header-meta":"","adv-header-id-meta":"","stick-header-meta":"","header-above-stick-meta":"","header-main-stick-meta":"","header-below-stick-meta":"","astra-migrate-meta-layouts":"default","ast-page-background-enabled":"default","ast-page-background-meta":{"desktop":{"background-color":"var(--ast-global-color-4)","background-image":"","background-repeat":"repeat","background-position":"center center","background-size":"auto","background-attachment":"scroll","background-type":"","background-media":"","overlay-type":"","overlay-color":"","overlay-gradient":""},"tablet":{"background-color":"","background-image":"","background-repeat":"repeat","background-position":"center center","background-size":"auto","background-attachment":"scroll","background-type":"","background-media":"","overlay-type":"","overlay-color":"","overlay-gradient":""},"mobile":{"background-color":"","background-image":"","background-repeat":"repeat","background-position":"center center","background-size":"auto","background-attachment":"scroll","background-type":"","background-media":"","overlay-type":"","overlay-color":"","overlay-gradient":""}},"ast-content-background-meta":{"desktop":{"background-color":"var(--ast-global-color-5)","background-image":"","background-repeat":"repeat","background-position":"center center","background-size":"auto","background-attachment":"scroll","background-type":"","background-media":"","overlay-type":"","overlay-color":"","overlay-gradient":""},"tablet":{"background-color":"var(--ast-global-color-5)","background-image":"","background-repeat":"repeat","background-position":"center center","background-size":"auto","background-attachment":"scroll","background-type":"","background-media":"","overlay-type":"","overlay-color":"","overlay-gradient":""},"mobile":{"background-color":"var(--ast-global-color-5)","background-image":"","background-repeat":"repeat","background-position":"center center","background-size":"auto","background-attachment":"scroll","background-type":"","background-media":"","overlay-type":"","overlay-color":"","overlay-gradient":""}},"footnotes":""},"categories":[165,6008,1078,32239],"tags":[26916,6013,14528,43835,43834,7217],"class_list":["post-13507","post","type-post","status-publish","format-standard","hentry","category-filosofia","category-filosofia-politica","category-filosofia-social","category-teoria-de-las-ideologias","tag-de-lucas-martin-javier","tag-enrique-lopez-castellon","tag-francisco-javier-laporta-san-miguel","tag-gabriel-albiach-lopez","tag-garcia-ramiro-francisco-jose","tag-javier-sadaba-garay"],"_links":{"self":[{"href":"https:\/\/www.deberes.net\/tesis\/wp-json\/wp\/v2\/posts\/13507","targetHints":{"allow":["GET"]}}],"collection":[{"href":"https:\/\/www.deberes.net\/tesis\/wp-json\/wp\/v2\/posts"}],"about":[{"href":"https:\/\/www.deberes.net\/tesis\/wp-json\/wp\/v2\/types\/post"}],"author":[{"embeddable":true,"href":"https:\/\/www.deberes.net\/tesis\/wp-json\/wp\/v2\/users\/1"}],"replies":[{"embeddable":true,"href":"https:\/\/www.deberes.net\/tesis\/wp-json\/wp\/v2\/comments?post=13507"}],"version-history":[{"count":0,"href":"https:\/\/www.deberes.net\/tesis\/wp-json\/wp\/v2\/posts\/13507\/revisions"}],"wp:attachment":[{"href":"https:\/\/www.deberes.net\/tesis\/wp-json\/wp\/v2\/media?parent=13507"}],"wp:term":[{"taxonomy":"category","embeddable":true,"href":"https:\/\/www.deberes.net\/tesis\/wp-json\/wp\/v2\/categories?post=13507"},{"taxonomy":"post_tag","embeddable":true,"href":"https:\/\/www.deberes.net\/tesis\/wp-json\/wp\/v2\/tags?post=13507"}],"curies":[{"name":"wp","href":"https:\/\/api.w.org\/{rel}","templated":true}]}}