{"id":13508,"date":"2018-03-09T08:59:49","date_gmt":"2018-03-09T08:59:49","guid":{"rendered":"https:\/\/www.deberes.net\/tesis\/sin-categoria\/segismundo-moret-una-biografa%c2%ada-pola%c2%adtica\/"},"modified":"2018-03-09T08:59:49","modified_gmt":"2018-03-09T08:59:49","slug":"segismundo-moret-una-biografa%c2%ada-pola%c2%adtica","status":"publish","type":"post","link":"https:\/\/www.deberes.net\/tesis\/historia\/segismundo-moret-una-biografa%c2%ada-pola%c2%adtica\/","title":{"rendered":"Segismundo moret. una biograf\u00edapol\u00edtica"},"content":{"rendered":"<h2>Tesis doctoral de <strong>  Ferrera Cuesta Jos\u00e9 Carlos <\/strong><\/h2>\n<p>La tesis doctoral aborda la figura del pol\u00edtico liberal segismundo moret (1838-1913). En su primer cap\u00edtulo, que refiere su trayectoria desde los a\u00f1os sesenta del siglo xix, hasta el final de la regencia de mar\u00eda cristina, se analizan los mecanismos que le convirtieron en uno de los pol\u00edticos m\u00e1s preeminentes del partido liberal de la restauraci\u00f3n y uno de los candidatos con m\u00e1s posibilidades a la hora de suceder a sagasta (clientelas, capacidad oratoria e influencia en la corte). El segundo se centra en su ideario, inscrito en una variante radical y angl\u00f3fila del liberalismo espa\u00f1ol de la segunda mitad del siglo xix, e inclinado a conjugar los principios de libertad y orden. Este \u00faltimo criterio le llev\u00f3 a propugnar una pol\u00edtica reformista en m\u00faltiples campos (econ\u00f3mico, militar, religioso, educativos, de pol\u00edtica exterior, etc.), Con un balance relativamente pobre que sirve para demostrar las limitaciones del r\u00e9gimen pol\u00edtico de la \u00e9poca. Finalmente, en el \u00faltimo cap\u00edtulo se desarrollan los acontecimientos de la primera d\u00e9cada del siglo xx. En ella moret, pese a convertirse en presidente del consejo de ministros en tres ocasiones, no logr\u00f3 consolidar su liderazgo ni en el gobierno ni en el partido. Su trayectoria en esos a\u00f1os sirve para alumbrar los frenos a una democratizaci\u00f3n real interpuestos por el r\u00e9gimen de la restauraci\u00f3n.<\/p>\n<p>&nbsp;<\/p>\n<h3>Datos acad\u00e9micos de la tesis doctoral \u00ab<strong>Segismundo moret. una biograf\u00edapol\u00edtica<\/strong>\u00ab<\/h3>\n<ul>\n<li><strong>T\u00edtulo de la tesis:<\/strong>\u00a0 Segismundo moret. una biograf\u00edapol\u00edtica <\/li>\n<li><strong>Autor:<\/strong>\u00a0  Ferrera Cuesta Jos\u00e9 Carlos <\/li>\n<li><strong>Universidad:<\/strong>\u00a0 Aut\u00f3noma de Madrid<\/li>\n<li><strong>Fecha de lectura de la tesis:<\/strong>\u00a0 26\/10\/2001<\/li>\n<\/ul>\n<p>&nbsp;<\/p>\n<h3>Direcci\u00f3n y tribunal<\/h3>\n<ul>\n<li><strong>Director de la tesis<\/strong>\n<ul>\n<li>Juan Pro Ruiz<\/li>\n<\/ul>\n<\/li>\n<li><strong>Tribunal<\/strong>\n<ul>\n<li>Presidente del tribunal: Miguel Artola gallego <\/li>\n<li>Carlos Darde morales (vocal)<\/li>\n<li> Fusi aizpurva Juan  pablo (vocal)<\/li>\n<li>Javier Moreno luz\u00f3n (vocal)<\/li>\n<\/ul>\n<\/li>\n<\/ul>\n<p>&nbsp;<\/p>\n","protected":false},"excerpt":{"rendered":"<p>Tesis doctoral de Ferrera Cuesta Jos\u00e9 Carlos La tesis doctoral aborda la figura del pol\u00edtico liberal segismundo moret (1838-1913). En [&hellip;]<\/p>\n","protected":false},"author":1,"featured_media":0,"comment_status":"open","ping_status":"open","sticky":false,"template":"","format":"standard","meta":{"site-sidebar-layout":"default","site-content-layout":"","ast-site-content-layout":"","site-content-style":"default","site-sidebar-style":"default","ast-global-header-display":"","ast-banner-title-visibility":"","ast-main-header-display":"","ast-hfb-above-header-display":"","ast-hfb-below-header-display":"","ast-hfb-mobile-header-display":"","site-post-title":"","ast-breadcrumbs-content":"","ast-featured-img":"","footer-sml-layout":"","theme-transparent-header-meta":"","adv-header-id-meta":"","stick-header-meta":"","header-above-stick-meta":"","header-main-stick-meta":"","header-below-stick-meta":"","astra-migrate-meta-layouts":"default","ast-page-background-enabled":"default","ast-page-background-meta":{"desktop":{"background-color":"var(--ast-global-color-4)","background-image":"","background-repeat":"repeat","background-position":"center center","background-size":"auto","background-attachment":"scroll","background-type":"","background-media":"","overlay-type":"","overlay-color":"","overlay-gradient":""},"tablet":{"background-color":"","background-image":"","background-repeat":"repeat","background-position":"center center","background-size":"auto","background-attachment":"scroll","background-type":"","background-media":"","overlay-type":"","overlay-color":"","overlay-gradient":""},"mobile":{"background-color":"","background-image":"","background-repeat":"repeat","background-position":"center center","background-size":"auto","background-attachment":"scroll","background-type":"","background-media":"","overlay-type":"","overlay-color":"","overlay-gradient":""}},"ast-content-background-meta":{"desktop":{"background-color":"var(--ast-global-color-5)","background-image":"","background-repeat":"repeat","background-position":"center center","background-size":"auto","background-attachment":"scroll","background-type":"","background-media":"","overlay-type":"","overlay-color":"","overlay-gradient":""},"tablet":{"background-color":"var(--ast-global-color-5)","background-image":"","background-repeat":"repeat","background-position":"center center","background-size":"auto","background-attachment":"scroll","background-type":"","background-media":"","overlay-type":"","overlay-color":"","overlay-gradient":""},"mobile":{"background-color":"var(--ast-global-color-5)","background-image":"","background-repeat":"repeat","background-position":"center center","background-size":"auto","background-attachment":"scroll","background-type":"","background-media":"","overlay-type":"","overlay-color":"","overlay-gradient":""}},"footnotes":""},"categories":[954,104,1816,220],"tags":[26299,43836,43838,43839,43837,14694],"class_list":["post-13508","post","type-post","status-publish","format-standard","hentry","category-biografias","category-historia","category-historia-contemporanea","category-historia-por-epocas","tag-carlos-darde-morales","tag-ferrera-cuesta-jose-carlos","tag-fusi-aizpurva-juan-pablo","tag-javier-moreno-luzon","tag-juan-pro-ruiz","tag-miguel-artola-gallego"],"_links":{"self":[{"href":"https:\/\/www.deberes.net\/tesis\/wp-json\/wp\/v2\/posts\/13508","targetHints":{"allow":["GET"]}}],"collection":[{"href":"https:\/\/www.deberes.net\/tesis\/wp-json\/wp\/v2\/posts"}],"about":[{"href":"https:\/\/www.deberes.net\/tesis\/wp-json\/wp\/v2\/types\/post"}],"author":[{"embeddable":true,"href":"https:\/\/www.deberes.net\/tesis\/wp-json\/wp\/v2\/users\/1"}],"replies":[{"embeddable":true,"href":"https:\/\/www.deberes.net\/tesis\/wp-json\/wp\/v2\/comments?post=13508"}],"version-history":[{"count":0,"href":"https:\/\/www.deberes.net\/tesis\/wp-json\/wp\/v2\/posts\/13508\/revisions"}],"wp:attachment":[{"href":"https:\/\/www.deberes.net\/tesis\/wp-json\/wp\/v2\/media?parent=13508"}],"wp:term":[{"taxonomy":"category","embeddable":true,"href":"https:\/\/www.deberes.net\/tesis\/wp-json\/wp\/v2\/categories?post=13508"},{"taxonomy":"post_tag","embeddable":true,"href":"https:\/\/www.deberes.net\/tesis\/wp-json\/wp\/v2\/tags?post=13508"}],"curies":[{"name":"wp","href":"https:\/\/api.w.org\/{rel}","templated":true}]}}