{"id":13514,"date":"2018-03-09T08:59:50","date_gmt":"2018-03-09T08:59:50","guid":{"rendered":"https:\/\/www.deberes.net\/tesis\/sin-categoria\/radar-de-subsuelo-evaluacion-para-aplicaciones-en-arqueologia-y-en-patrimonio-historico-artistico\/"},"modified":"2018-03-09T08:59:50","modified_gmt":"2018-03-09T08:59:50","slug":"radar-de-subsuelo-evaluacion-para-aplicaciones-en-arqueologia-y-en-patrimonio-historico-artistico","status":"publish","type":"post","link":"https:\/\/www.deberes.net\/tesis\/ciencias-de-la-tierra-y-del-espacio\/radar-de-subsuelo-evaluacion-para-aplicaciones-en-arqueologia-y-en-patrimonio-historico-artistico\/","title":{"rendered":"Radar de subsuelo. evaluacion para aplicaciones en arqueolog\u00eda y en patrimonio historico-artistico"},"content":{"rendered":"<h2>Tesis doctoral de <strong> Mar\u00eda Vega P\u00e9rez Gracia <\/strong><\/h2>\n<p>El georradar es una herramienta cada vez mas utilizada en diferentes ambitos geologicos, medioambientales y de ingenieria civil, asi como en estudios de caracterizaci\u00f3n de yacimientos arqueol\u00f3gicos y de diagnostico de da\u00f1os en edificios del patrimonio historico y cultural. En esta tesis se abordan aspectos metodol\u00f3gicos de calibracion de la instrumentacion y de caracterizacion de las propiedades electromagneticas que rigen la propagacioni y atenuacion de ondas electromagneticas en los suelos. Por otra parte, se estudian aplicaciones en monumentos historicos, yacimientos arqueologicos y diagnostico de da\u00f1os.  concretamente, en esta tesis se calibran cuatro antenas, caracterizadas por su frencuencia central de emision: 200,500,900 y 1000 mhz. En cada caso se obtiene la se\u00f1al solo con el ruido interno de la antena (sin reflexiones). de dicho ruido, el de mayor amplitud es la se\u00f1al inicial; su longitud determina la distancia minima entre la antena y la primera superficie reflectora del medio para que no se produzca acoplamiento entre la reflexion y la se\u00f1al inicial. Se analiza tambien el origen de tiempos de la se\u00f1al para cada antena(cero de la antena) y se estudian la atenuacion producida en la se\u00f1al durante su propagacion por el aire (medio no absorbente), que, por lo tanto, se produce por expansion geometrica, siendo la amplitud inversamente proporcional a la distancia. Se ensaya un procedimiento para caracterizar medios electromagneticamente, relacionando sus propiedades fisicas: granulometria, peso especifico, porosidad y saturaci\u00f3n con la conductividad, la permitividad y la frecuencia. Se analizan tres medios formados por un mismo material, modificandose tres propiedades: peso especifico aparente, compactacion y saturacion. En cadacaso se obtiene la velocidad de propagacion, la permitividad dielectrica, el espectro de frecuencias y la atenuacion por absorcion aumenta. asimismo se analizan y discuten diferentes metodos para obte<\/p>\n<p>&nbsp;<\/p>\n<h3>Datos acad\u00e9micos de la tesis doctoral \u00ab<strong>Radar de subsuelo. evaluacion para aplicaciones en arqueolog\u00eda y en patrimonio historico-artistico<\/strong>\u00ab<\/h3>\n<ul>\n<li><strong>T\u00edtulo de la tesis:<\/strong>\u00a0 Radar de subsuelo. evaluacion para aplicaciones en arqueolog\u00eda y en patrimonio historico-artistico <\/li>\n<li><strong>Autor:<\/strong>\u00a0 Mar\u00eda Vega P\u00e9rez Gracia <\/li>\n<li><strong>Universidad:<\/strong>\u00a0 Polit\u00e9cnica de catalunya<\/li>\n<li><strong>Fecha de lectura de la tesis:<\/strong>\u00a0 26\/10\/2001<\/li>\n<\/ul>\n<p>&nbsp;<\/p>\n<h3>Direcci\u00f3n y tribunal<\/h3>\n<ul>\n<li><strong>Director de la tesis<\/strong>\n<ul>\n<li>Jos\u00e9 Antonio Canas Torres<\/li>\n<\/ul>\n<\/li>\n<li><strong>Tribunal<\/strong>\n<ul>\n<li>Presidente del tribunal: albert Casas ponsati <\/li>\n<li>Francisco Garcia garcia (vocal)<\/li>\n<li>Jos\u00e9 Antonio Pe\u00f1a ruano (vocal)<\/li>\n<li>antoni Roca adrover (vocal)<\/li>\n<\/ul>\n<\/li>\n<\/ul>\n<p>&nbsp;<\/p>\n","protected":false},"excerpt":{"rendered":"<p>Tesis doctoral de Mar\u00eda Vega P\u00e9rez Gracia El georradar es una herramienta cada vez mas utilizada en diferentes ambitos geologicos, [&hellip;]<\/p>\n","protected":false},"author":1,"featured_media":0,"comment_status":"open","ping_status":"open","sticky":false,"template":"","format":"standard","meta":{"site-sidebar-layout":"default","site-content-layout":"","ast-site-content-layout":"","site-content-style":"default","site-sidebar-style":"default","ast-global-header-display":"","ast-banner-title-visibility":"","ast-main-header-display":"","ast-hfb-above-header-display":"","ast-hfb-below-header-display":"","ast-hfb-mobile-header-display":"","site-post-title":"","ast-breadcrumbs-content":"","ast-featured-img":"","footer-sml-layout":"","theme-transparent-header-meta":"","adv-header-id-meta":"","stick-header-meta":"","header-above-stick-meta":"","header-main-stick-meta":"","header-below-stick-meta":"","astra-migrate-meta-layouts":"default","ast-page-background-enabled":"default","ast-page-background-meta":{"desktop":{"background-color":"var(--ast-global-color-4)","background-image":"","background-repeat":"repeat","background-position":"center center","background-size":"auto","background-attachment":"scroll","background-type":"","background-media":"","overlay-type":"","overlay-color":"","overlay-gradient":""},"tablet":{"background-color":"","background-image":"","background-repeat":"repeat","background-position":"center center","background-size":"auto","background-attachment":"scroll","background-type":"","background-media":"","overlay-type":"","overlay-color":"","overlay-gradient":""},"mobile":{"background-color":"","background-image":"","background-repeat":"repeat","background-position":"center center","background-size":"auto","background-attachment":"scroll","background-type":"","background-media":"","overlay-type":"","overlay-color":"","overlay-gradient":""}},"ast-content-background-meta":{"desktop":{"background-color":"var(--ast-global-color-5)","background-image":"","background-repeat":"repeat","background-position":"center center","background-size":"auto","background-attachment":"scroll","background-type":"","background-media":"","overlay-type":"","overlay-color":"","overlay-gradient":""},"tablet":{"background-color":"var(--ast-global-color-5)","background-image":"","background-repeat":"repeat","background-position":"center center","background-size":"auto","background-attachment":"scroll","background-type":"","background-media":"","overlay-type":"","overlay-color":"","overlay-gradient":""},"mobile":{"background-color":"var(--ast-global-color-5)","background-image":"","background-repeat":"repeat","background-position":"center center","background-size":"auto","background-attachment":"scroll","background-type":"","background-media":"","overlay-type":"","overlay-color":"","overlay-gradient":""}},"footnotes":""},"categories":[27,332,15595,1033,15596,3706],"tags":[1035,5020,7470,4070,43855,43854],"class_list":["post-13514","post","type-post","status-publish","format-standard","hentry","category-ciencias-de-la-tierra-y-del-espacio","category-ciencias-tecnologicas","category-dispositivos-de-radar","category-geofisica","category-politecnica-de-catalunya","category-tecnologia-electronica","tag-albert-casas-ponsati","tag-antoni-roca-adrover","tag-francisco-garcia-garcia","tag-jose-antonio-canas-torres","tag-jose-antonio-pena-ruano","tag-maria-vega-perez-gracia"],"_links":{"self":[{"href":"https:\/\/www.deberes.net\/tesis\/wp-json\/wp\/v2\/posts\/13514","targetHints":{"allow":["GET"]}}],"collection":[{"href":"https:\/\/www.deberes.net\/tesis\/wp-json\/wp\/v2\/posts"}],"about":[{"href":"https:\/\/www.deberes.net\/tesis\/wp-json\/wp\/v2\/types\/post"}],"author":[{"embeddable":true,"href":"https:\/\/www.deberes.net\/tesis\/wp-json\/wp\/v2\/users\/1"}],"replies":[{"embeddable":true,"href":"https:\/\/www.deberes.net\/tesis\/wp-json\/wp\/v2\/comments?post=13514"}],"version-history":[{"count":0,"href":"https:\/\/www.deberes.net\/tesis\/wp-json\/wp\/v2\/posts\/13514\/revisions"}],"wp:attachment":[{"href":"https:\/\/www.deberes.net\/tesis\/wp-json\/wp\/v2\/media?parent=13514"}],"wp:term":[{"taxonomy":"category","embeddable":true,"href":"https:\/\/www.deberes.net\/tesis\/wp-json\/wp\/v2\/categories?post=13514"},{"taxonomy":"post_tag","embeddable":true,"href":"https:\/\/www.deberes.net\/tesis\/wp-json\/wp\/v2\/tags?post=13514"}],"curies":[{"name":"wp","href":"https:\/\/api.w.org\/{rel}","templated":true}]}}