{"id":13530,"date":"2018-03-09T08:59:51","date_gmt":"2018-03-09T08:59:51","guid":{"rendered":"https:\/\/www.deberes.net\/tesis\/sin-categoria\/la-creatividad-en-las-organizaciones-un-modelo-multinivel-integrador-de-variables-contextuales-y-situacionales\/"},"modified":"2018-03-09T08:59:51","modified_gmt":"2018-03-09T08:59:51","slug":"la-creatividad-en-las-organizaciones-un-modelo-multinivel-integrador-de-variables-contextuales-y-situacionales","status":"publish","type":"post","link":"https:\/\/www.deberes.net\/tesis\/ciencias-economicas\/la-creatividad-en-las-organizaciones-un-modelo-multinivel-integrador-de-variables-contextuales-y-situacionales\/","title":{"rendered":"La creatividad en las organizaciones; un modelo multinivel integrador de variables contextuales y situacionales"},"content":{"rendered":"<h2>Tesis doctoral de <strong> Pedro Miguel Romero Fern\u00e1ndez <\/strong><\/h2>\n<p>El objetivo de esta tesis es el de determinar y modelizar el conjunto de variables que inciden en el comportamiento creativo de los individuos en el marco de las organizaciones.  dos razones justifican este an\u00e1lisis:  de una parte, la confusi\u00f3n existente en la literatura entre los conceptos de creatividad e innovaci\u00f3n.  el escaso cuerpo de conocimiento acerca de la creatividad en el marco de las organizaciones.  para llevar a cabo el an\u00e1lisis, se ha utilizado el marco cl\u00e1sico del comportamiento organizativo, considerando tres niveles: individuo, grupo y organizaci\u00f3n, que da lugar a la estructura del trabajo.  se ha dedicado un primer cap\u00edtulo al an\u00e1lisis de los factores que potencialmente podr\u00edan afectar al comportamiento creativo de los individuos, y de los procesos que se desarrollan para la obtenci\u00f3n de un resultado creativo.  pero la caracterizaci\u00f3n del proceso creativo, estimado en muchas ocasiones, como no racional y no lineal, el entender que exite algo m\u00e1s de m\u00edstico que metodol\u00f3gico tiene su contestaci\u00f3n en una corriente de pensamiento que entiende la creatividad, en el contexto espec\u00edfico de las organizaciones, como lineal, a veces incluso secuencial y orientada hacia unos objetivos. a partir de aqu\u00ed es factible considerar los efectos sin\u00e9rgicos que los grupos a\u00f1aden al proceso creativo, por lo que nos hemos centrado en el an\u00e1lisis de las variables de grupo que afectan a los comportamientos creativos de las organizaciones.  por \u00faltimo, el an\u00e1lisis de los par\u00e1metros de dise\u00f1o organizativos, como marco en las que los individuos desarrollan su actividad, constituyen un elementos de referencia esencial para comprender el comportamiento creativo a este nivel.  se ha dedicado una \u00faltima parte a verificar la validez del modelo, utilizando como estrategia de investigaci\u00f3n el estudio de caso. La selecci\u00f3n del caso ha recaido sobre tres proyectos de integraci\u00f3n cultural y operativa de endesa, s.A.<\/p>\n<p>&nbsp;<\/p>\n<h3>Datos acad\u00e9micos de la tesis doctoral \u00ab<strong>La creatividad en las organizaciones; un modelo multinivel integrador de variables contextuales y situacionales<\/strong>\u00ab<\/h3>\n<ul>\n<li><strong>T\u00edtulo de la tesis:<\/strong>\u00a0 La creatividad en las organizaciones; un modelo multinivel integrador de variables contextuales y situacionales <\/li>\n<li><strong>Autor:<\/strong>\u00a0 Pedro Miguel Romero Fern\u00e1ndez <\/li>\n<li><strong>Universidad:<\/strong>\u00a0 C\u00e1diz<\/li>\n<li><strong>Fecha de lectura de la tesis:<\/strong>\u00a0 27\/10\/2001<\/li>\n<\/ul>\n<p>&nbsp;<\/p>\n<h3>Direcci\u00f3n y tribunal<\/h3>\n<ul>\n<li><strong>Director de la tesis<\/strong>\n<ul>\n<li>Ram\u00f3n Valle Cabrera<\/li>\n<\/ul>\n<\/li>\n<li><strong>Tribunal<\/strong>\n<ul>\n<li>Presidente del tribunal: jos\u00e9 Ruiz navarro <\/li>\n<li>simon l. Dolan (vocal)<\/li>\n<li>Jos\u00e9 Luis Gal\u00e1n gonz\u00e1lez (vocal)<\/li>\n<li>Jos\u00e9 Emilio Navas l\u00f3pez (vocal)<\/li>\n<\/ul>\n<\/li>\n<\/ul>\n<p>&nbsp;<\/p>\n","protected":false},"excerpt":{"rendered":"<p>Tesis doctoral de Pedro Miguel Romero Fern\u00e1ndez El objetivo de esta tesis es el de determinar y modelizar el conjunto [&hellip;]<\/p>\n","protected":false},"author":1,"featured_media":0,"comment_status":"open","ping_status":"open","sticky":false,"template":"","format":"standard","meta":{"site-sidebar-layout":"default","site-content-layout":"","ast-site-content-layout":"","site-content-style":"default","site-sidebar-style":"default","ast-global-header-display":"","ast-banner-title-visibility":"","ast-main-header-display":"","ast-hfb-above-header-display":"","ast-hfb-below-header-display":"","ast-hfb-mobile-header-display":"","site-post-title":"","ast-breadcrumbs-content":"","ast-featured-img":"","footer-sml-layout":"","theme-transparent-header-meta":"","adv-header-id-meta":"","stick-header-meta":"","header-above-stick-meta":"","header-main-stick-meta":"","header-below-stick-meta":"","astra-migrate-meta-layouts":"default","ast-page-background-enabled":"default","ast-page-background-meta":{"desktop":{"background-color":"var(--ast-global-color-4)","background-image":"","background-repeat":"repeat","background-position":"center center","background-size":"auto","background-attachment":"scroll","background-type":"","background-media":"","overlay-type":"","overlay-color":"","overlay-gradient":""},"tablet":{"background-color":"","background-image":"","background-repeat":"repeat","background-position":"center center","background-size":"auto","background-attachment":"scroll","background-type":"","background-media":"","overlay-type":"","overlay-color":"","overlay-gradient":""},"mobile":{"background-color":"","background-image":"","background-repeat":"repeat","background-position":"center center","background-size":"auto","background-attachment":"scroll","background-type":"","background-media":"","overlay-type":"","overlay-color":"","overlay-gradient":""}},"ast-content-background-meta":{"desktop":{"background-color":"var(--ast-global-color-5)","background-image":"","background-repeat":"repeat","background-position":"center center","background-size":"auto","background-attachment":"scroll","background-type":"","background-media":"","overlay-type":"","overlay-color":"","overlay-gradient":""},"tablet":{"background-color":"var(--ast-global-color-5)","background-image":"","background-repeat":"repeat","background-position":"center center","background-size":"auto","background-attachment":"scroll","background-type":"","background-media":"","overlay-type":"","overlay-color":"","overlay-gradient":""},"mobile":{"background-color":"var(--ast-global-color-5)","background-image":"","background-repeat":"repeat","background-position":"center center","background-size":"auto","background-attachment":"scroll","background-type":"","background-media":"","overlay-type":"","overlay-color":"","overlay-gradient":""}},"footnotes":""},"categories":[1506,82,1302],"tags":[5987,20623,36656,43907,20622,43908],"class_list":["post-13530","post","type-post","status-publish","format-standard","hentry","category-cadiz","category-ciencias-economicas","category-organizacion-y-gestion-de-empresas","tag-jose-emilio-navas-lopez","tag-jose-luis-galan-gonzalez","tag-jose-ruiz-navarro","tag-pedro-miguel-romero-fernandez","tag-ramon-valle-cabrera","tag-simon-l-dolan"],"_links":{"self":[{"href":"https:\/\/www.deberes.net\/tesis\/wp-json\/wp\/v2\/posts\/13530","targetHints":{"allow":["GET"]}}],"collection":[{"href":"https:\/\/www.deberes.net\/tesis\/wp-json\/wp\/v2\/posts"}],"about":[{"href":"https:\/\/www.deberes.net\/tesis\/wp-json\/wp\/v2\/types\/post"}],"author":[{"embeddable":true,"href":"https:\/\/www.deberes.net\/tesis\/wp-json\/wp\/v2\/users\/1"}],"replies":[{"embeddable":true,"href":"https:\/\/www.deberes.net\/tesis\/wp-json\/wp\/v2\/comments?post=13530"}],"version-history":[{"count":0,"href":"https:\/\/www.deberes.net\/tesis\/wp-json\/wp\/v2\/posts\/13530\/revisions"}],"wp:attachment":[{"href":"https:\/\/www.deberes.net\/tesis\/wp-json\/wp\/v2\/media?parent=13530"}],"wp:term":[{"taxonomy":"category","embeddable":true,"href":"https:\/\/www.deberes.net\/tesis\/wp-json\/wp\/v2\/categories?post=13530"},{"taxonomy":"post_tag","embeddable":true,"href":"https:\/\/www.deberes.net\/tesis\/wp-json\/wp\/v2\/tags?post=13530"}],"curies":[{"name":"wp","href":"https:\/\/api.w.org\/{rel}","templated":true}]}}