{"id":135330,"date":"1997-01-01T00:00:00","date_gmt":"1997-01-01T00:00:00","guid":{"rendered":"https:\/\/www.deberes.net\/tesis\/sin-categoria\/registros-y-areas-geograficas-a-proposito-de-la-variacion-modal-en-el-espanol-de-hoy\/"},"modified":"1997-01-01T00:00:00","modified_gmt":"1997-01-01T00:00:00","slug":"registros-y-areas-geograficas-a-proposito-de-la-variacion-modal-en-el-espanol-de-hoy","status":"publish","type":"post","link":"https:\/\/www.deberes.net\/tesis\/linguistica\/registros-y-areas-geograficas-a-proposito-de-la-variacion-modal-en-el-espanol-de-hoy\/","title":{"rendered":"Registros y areas geograficas: a proposito de la variacion modal en el espa\u00f1ol de hoy."},"content":{"rendered":"<h2>Tesis doctoral de <strong> Goedele Sterck <\/strong><\/h2>\n<p>Esta tesis se situa en el marco mas amplio de los trabajos que tienen como objetivo principal estudiar la presencia o ausencia de diferencias (morfo)sintacticas entre el espa\u00f1ol actual hablado y escrito en espa\u00f1a y america. Pretende ahondar en una parcela de la gramatica espa\u00f1ola, contribuyendo de esta forma a la descripcion detenida de la misma, mediante el analisis exhaustivo de un corpus previamente establecido. El objeto de estudio lo constituyen dos aspectos de la variacion modal -el uso de las formas en -ra, -se, -ria y -re y la alternancia entre subjuntivo e indicativo en las oraciones sustantivas- en once corpus de lengua culta, repartidos segun dos variables: registro y continente. En otras palabras, se trata de averiguar si, en lo que a los dos fenomenos gramaticales anteriores se refiere, existen diferencias significativas entre el espa\u00f1ol hablado y escrito de cada continente, asi como entre espa\u00f1a y america en cada registro. A fin de no atribuir al registro o al continente lo que viene determinado por otras variables, se verifica siempre si las diferencias observadas pueden ser explicadas por otros factores intralinguisticos o extralinguisticos.<\/p>\n<p>&nbsp;<\/p>\n<h3>Datos acad\u00e9micos de la tesis doctoral \u00ab<strong>Registros y areas geograficas: a proposito de la variacion modal en el espa\u00f1ol de hoy.<\/strong>\u00ab<\/h3>\n<ul>\n<li><strong>T\u00edtulo de la tesis:<\/strong>\u00a0 Registros y areas geograficas: a proposito de la variacion modal en el espa\u00f1ol de hoy. <\/li>\n<li><strong>Autor:<\/strong>\u00a0 Goedele Sterck <\/li>\n<li><strong>Universidad:<\/strong>\u00a0 Salamanca<\/li>\n<li><strong>Fecha de lectura de la tesis:<\/strong>\u00a0 01\/01\/1997<\/li>\n<\/ul>\n<p>&nbsp;<\/p>\n<h3>Direcci\u00f3n y tribunal<\/h3>\n<ul>\n<li><strong>Director de la tesis<\/strong>\n<ul>\n<li>Jos\u00e9 Jes\u00fas G\u00f3mez Asencio<\/li>\n<\/ul>\n<\/li>\n<li><strong>Tribunal<\/strong>\n<ul>\n<li>Presidente del tribunal: Jos\u00e9 Antonio Pascual Rodr\u00edguez <\/li>\n<li>Salvador Guti\u00e9rrez Ord\u00f3\u00f1ez (vocal)<\/li>\n<li>Josse De Kock (vocal)<\/li>\n<li>Francisco Moreno Fern\u00e1ndez (vocal)<\/li>\n<\/ul>\n<\/li>\n<\/ul>\n<p>&nbsp;<\/p>\n","protected":false},"excerpt":{"rendered":"<p>Tesis doctoral de Goedele Sterck Esta tesis se situa en el marco mas amplio de los trabajos que tienen como [&hellip;]<\/p>\n","protected":false},"author":1,"featured_media":0,"comment_status":"open","ping_status":"open","sticky":false,"template":"","format":"standard","meta":{"site-sidebar-layout":"default","site-content-layout":"","ast-site-content-layout":"","site-content-style":"default","site-sidebar-style":"default","ast-global-header-display":"","ast-banner-title-visibility":"","ast-main-header-display":"","ast-hfb-above-header-display":"","ast-hfb-below-header-display":"","ast-hfb-mobile-header-display":"","site-post-title":"","ast-breadcrumbs-content":"","ast-featured-img":"","footer-sml-layout":"","theme-transparent-header-meta":"","adv-header-id-meta":"","stick-header-meta":"","header-above-stick-meta":"","header-main-stick-meta":"","header-below-stick-meta":"","astra-migrate-meta-layouts":"default","ast-page-background-enabled":"default","ast-page-background-meta":{"desktop":{"background-color":"var(--ast-global-color-4)","background-image":"","background-repeat":"repeat","background-position":"center center","background-size":"auto","background-attachment":"scroll","background-type":"","background-media":"","overlay-type":"","overlay-color":"","overlay-gradient":""},"tablet":{"background-color":"","background-image":"","background-repeat":"repeat","background-position":"center center","background-size":"auto","background-attachment":"scroll","background-type":"","background-media":"","overlay-type":"","overlay-color":"","overlay-gradient":""},"mobile":{"background-color":"","background-image":"","background-repeat":"repeat","background-position":"center center","background-size":"auto","background-attachment":"scroll","background-type":"","background-media":"","overlay-type":"","overlay-color":"","overlay-gradient":""}},"ast-content-background-meta":{"desktop":{"background-color":"var(--ast-global-color-5)","background-image":"","background-repeat":"repeat","background-position":"center center","background-size":"auto","background-attachment":"scroll","background-type":"","background-media":"","overlay-type":"","overlay-color":"","overlay-gradient":""},"tablet":{"background-color":"var(--ast-global-color-5)","background-image":"","background-repeat":"repeat","background-position":"center center","background-size":"auto","background-attachment":"scroll","background-type":"","background-media":"","overlay-type":"","overlay-color":"","overlay-gradient":""},"mobile":{"background-color":"var(--ast-global-color-5)","background-image":"","background-repeat":"repeat","background-position":"center center","background-size":"auto","background-attachment":"scroll","background-type":"","background-media":"","overlay-type":"","overlay-color":"","overlay-gradient":""}},"footnotes":""},"categories":[59,62,9386,409,3676],"tags":[5370,249539,4454,36498,249540,3018],"class_list":["post-135330","post","type-post","status-publish","format-standard","hentry","category-linguistica","category-linguistica-sincronica","category-salamanca","category-sintaxis-y-analisis-sintactico","category-sociolinguistica","tag-francisco-moreno-fernandez","tag-goedele-sterck","tag-jose-antonio-pascual-rodriguez","tag-jose-jesus-gomez-asencio","tag-josse-de-kock","tag-salvador-gutierrez-ordonez"],"_links":{"self":[{"href":"https:\/\/www.deberes.net\/tesis\/wp-json\/wp\/v2\/posts\/135330","targetHints":{"allow":["GET"]}}],"collection":[{"href":"https:\/\/www.deberes.net\/tesis\/wp-json\/wp\/v2\/posts"}],"about":[{"href":"https:\/\/www.deberes.net\/tesis\/wp-json\/wp\/v2\/types\/post"}],"author":[{"embeddable":true,"href":"https:\/\/www.deberes.net\/tesis\/wp-json\/wp\/v2\/users\/1"}],"replies":[{"embeddable":true,"href":"https:\/\/www.deberes.net\/tesis\/wp-json\/wp\/v2\/comments?post=135330"}],"version-history":[{"count":0,"href":"https:\/\/www.deberes.net\/tesis\/wp-json\/wp\/v2\/posts\/135330\/revisions"}],"wp:attachment":[{"href":"https:\/\/www.deberes.net\/tesis\/wp-json\/wp\/v2\/media?parent=135330"}],"wp:term":[{"taxonomy":"category","embeddable":true,"href":"https:\/\/www.deberes.net\/tesis\/wp-json\/wp\/v2\/categories?post=135330"},{"taxonomy":"post_tag","embeddable":true,"href":"https:\/\/www.deberes.net\/tesis\/wp-json\/wp\/v2\/tags?post=135330"}],"curies":[{"name":"wp","href":"https:\/\/api.w.org\/{rel}","templated":true}]}}