{"id":13538,"date":"2018-03-09T08:59:52","date_gmt":"2018-03-09T08:59:52","guid":{"rendered":"https:\/\/www.deberes.net\/tesis\/sin-categoria\/desarrollo-de-tecnicas-inmunoqua%c2%admicas-para-la-determinacion-de-residuos-de-origen-industrial\/"},"modified":"2018-03-09T08:59:52","modified_gmt":"2018-03-09T08:59:52","slug":"desarrollo-de-tecnicas-inmunoqua%c2%admicas-para-la-determinacion-de-residuos-de-origen-industrial","status":"publish","type":"post","link":"https:\/\/www.deberes.net\/tesis\/quimica\/desarrollo-de-tecnicas-inmunoqua%c2%admicas-para-la-determinacion-de-residuos-de-origen-industrial\/","title":{"rendered":"Desarrollo de t\u00e9cnicas inmunoqu\u00edmicas para la determinaci\u00f3n de residuos de origen industrial"},"content":{"rendered":"<h2>Tesis doctoral de <strong> Roger Galve Bosch <\/strong><\/h2>\n<p>El 2,4,6-triclorofenol se ha utilizado mayoritariamente como conservador de la madera y materiales textiles debido a sus propiedades biocidas, pero tambi\u00e9n se produce como subproducto en procesos de cloraci\u00f3n de aguas y en incineradoras. Se considera carcinog\u00e9nico en animales de experimentaci\u00f3n, y es por este motivo y por su bioacumulaci\u00f3n en el medio ambiente, que es necesario un seguimiento del 2,4,6-triclorofenol mediante t\u00e9cnicas de an\u00e1lisis espec\u00edficas. En la presente tesis se ha desarrollado un inmunoensayo para la detecci\u00f3n y cuantificaci\u00f3n del tricorofenol en muestras de distinta procedencia.  en la s\u00edntesis del inmun\u00f3geno para la obtenci\u00f3n de anticuerpos espec\u00edficos se han utilizado herramientas de modelizaci\u00f3n molecular y c\u00e1lculos te\u00f3ricos para poder racionalizar la mejor estructura del hapteno de inmunizaci\u00f3n. de los tres ensayos desarrollados, utilizando haptenos de competeci\u00f3n diferentes, se ha optimizado una combinaci\u00f3n de reactivos capaz de detectar el 2,4,6-triclorofenol a concentraciones de 0,2 mg\/l, l\u00edmite de detecci\u00f3n de la t\u00e9cnica para este compuesto. Se ha demostrado que este ensayo es bastante espec\u00edfico para el 2,4,6-triclorofenol, aunque tambi\u00e9n es capaz de detectar concentraciones muy bajas de diferentes an\u00e1logos bromados, como el 2,4,6-tribomofenol. con este ensayo se han podido evaluar diversas matrices, tanto de origen industrial como biol\u00f3gico.  los alquilbencenos sulfonados lineales (las) son surfactantes ani\u00f3nicos, productos que constituyen el principio activo de todos los detergentes, tanto de uso dom\u00e9stico como industrial. Aunque no se ha demostrado su toxicidad, a concentraciones elevadas estos pueden ayudar a la disoluci\u00f3n y transporte de todo un conjunto de contaminantes. Por este motivo, y dada la dificultad que plantea el an\u00e1lisis de estos compuestos mediante t\u00e9cnicas convencionales, se decidi\u00f3 desarrollar un inmunoensayo para la detecci\u00f3n y cuantificaci\u00f3n de los la<\/p>\n<p>&nbsp;<\/p>\n<h3>Datos acad\u00e9micos de la tesis doctoral \u00ab<strong>Desarrollo de t\u00e9cnicas inmunoqu\u00edmicas para la determinaci\u00f3n de residuos de origen industrial<\/strong>\u00ab<\/h3>\n<ul>\n<li><strong>T\u00edtulo de la tesis:<\/strong>\u00a0 Desarrollo de t\u00e9cnicas inmunoqu\u00edmicas para la determinaci\u00f3n de residuos de origen industrial <\/li>\n<li><strong>Autor:<\/strong>\u00a0 Roger Galve Bosch <\/li>\n<li><strong>Universidad:<\/strong>\u00a0 Barcelona<\/li>\n<li><strong>Fecha de lectura de la tesis:<\/strong>\u00a0 29\/10\/2001<\/li>\n<\/ul>\n<p>&nbsp;<\/p>\n<h3>Direcci\u00f3n y tribunal<\/h3>\n<ul>\n<li><strong>Director de la tesis<\/strong>\n<ul>\n<li>Mar\u00eda  Del Pilar Marco Colas<\/li>\n<\/ul>\n<\/li>\n<li><strong>Tribunal<\/strong>\n<ul>\n<li>Presidente del tribunal: ernest Giralt lledo <\/li>\n<li>mario Rubiralta alca\u00f1iz (vocal)<\/li>\n<li>francesc Camps diez (vocal)<\/li>\n<li>rosa Puchades pla (vocal)<\/li>\n<\/ul>\n<\/li>\n<\/ul>\n<p>&nbsp;<\/p>\n","protected":false},"excerpt":{"rendered":"<p>Tesis doctoral de Roger Galve Bosch El 2,4,6-triclorofenol se ha utilizado mayoritariamente como conservador de la madera y materiales textiles [&hellip;]<\/p>\n","protected":false},"author":1,"featured_media":0,"comment_status":"open","ping_status":"open","sticky":false,"template":"","format":"standard","meta":{"site-sidebar-layout":"default","site-content-layout":"","ast-site-content-layout":"","site-content-style":"default","site-sidebar-style":"default","ast-global-header-display":"","ast-banner-title-visibility":"","ast-main-header-display":"","ast-hfb-above-header-display":"","ast-hfb-below-header-display":"","ast-hfb-mobile-header-display":"","site-post-title":"","ast-breadcrumbs-content":"","ast-featured-img":"","footer-sml-layout":"","theme-transparent-header-meta":"","adv-header-id-meta":"","stick-header-meta":"","header-above-stick-meta":"","header-main-stick-meta":"","header-below-stick-meta":"","astra-migrate-meta-layouts":"default","ast-page-background-enabled":"default","ast-page-background-meta":{"desktop":{"background-color":"var(--ast-global-color-4)","background-image":"","background-repeat":"repeat","background-position":"center center","background-size":"auto","background-attachment":"scroll","background-type":"","background-media":"","overlay-type":"","overlay-color":"","overlay-gradient":""},"tablet":{"background-color":"","background-image":"","background-repeat":"repeat","background-position":"center center","background-size":"auto","background-attachment":"scroll","background-type":"","background-media":"","overlay-type":"","overlay-color":"","overlay-gradient":""},"mobile":{"background-color":"","background-image":"","background-repeat":"repeat","background-position":"center center","background-size":"auto","background-attachment":"scroll","background-type":"","background-media":"","overlay-type":"","overlay-color":"","overlay-gradient":""}},"ast-content-background-meta":{"desktop":{"background-color":"var(--ast-global-color-5)","background-image":"","background-repeat":"repeat","background-position":"center center","background-size":"auto","background-attachment":"scroll","background-type":"","background-media":"","overlay-type":"","overlay-color":"","overlay-gradient":""},"tablet":{"background-color":"var(--ast-global-color-5)","background-image":"","background-repeat":"repeat","background-position":"center center","background-size":"auto","background-attachment":"scroll","background-type":"","background-media":"","overlay-type":"","overlay-color":"","overlay-gradient":""},"mobile":{"background-color":"var(--ast-global-color-5)","background-image":"","background-repeat":"repeat","background-position":"center center","background-size":"auto","background-attachment":"scroll","background-type":"","background-media":"","overlay-type":"","overlay-color":"","overlay-gradient":""}},"footnotes":""},"categories":[679,1595,951,160,2148,258,17,18],"tags":[1100,18987,43930,13655,43929,12130],"class_list":["post-13538","post","type-post","status-publish","format-standard","hentry","category-analisis-bioquimico","category-analisis-cromatografico","category-barcelona","category-bioquimica","category-bioquimica-inmunologica","category-hormonas","category-quimica","category-quimica-analitica","tag-ernest-giralt-lledo","tag-francesc-camps-diez","tag-maria-del-pilar-marco-colas","tag-mario-rubiralta-alcaniz","tag-roger-galve-bosch","tag-rosa-puchades-pla"],"_links":{"self":[{"href":"https:\/\/www.deberes.net\/tesis\/wp-json\/wp\/v2\/posts\/13538","targetHints":{"allow":["GET"]}}],"collection":[{"href":"https:\/\/www.deberes.net\/tesis\/wp-json\/wp\/v2\/posts"}],"about":[{"href":"https:\/\/www.deberes.net\/tesis\/wp-json\/wp\/v2\/types\/post"}],"author":[{"embeddable":true,"href":"https:\/\/www.deberes.net\/tesis\/wp-json\/wp\/v2\/users\/1"}],"replies":[{"embeddable":true,"href":"https:\/\/www.deberes.net\/tesis\/wp-json\/wp\/v2\/comments?post=13538"}],"version-history":[{"count":0,"href":"https:\/\/www.deberes.net\/tesis\/wp-json\/wp\/v2\/posts\/13538\/revisions"}],"wp:attachment":[{"href":"https:\/\/www.deberes.net\/tesis\/wp-json\/wp\/v2\/media?parent=13538"}],"wp:term":[{"taxonomy":"category","embeddable":true,"href":"https:\/\/www.deberes.net\/tesis\/wp-json\/wp\/v2\/categories?post=13538"},{"taxonomy":"post_tag","embeddable":true,"href":"https:\/\/www.deberes.net\/tesis\/wp-json\/wp\/v2\/tags?post=13538"}],"curies":[{"name":"wp","href":"https:\/\/api.w.org\/{rel}","templated":true}]}}