{"id":135386,"date":"1997-01-01T00:00:00","date_gmt":"1997-01-01T00:00:00","guid":{"rendered":"https:\/\/www.deberes.net\/tesis\/sin-categoria\/estudio-epidemiologico-de-la-salud-bucodental-en-la-poblacion-escolar-de-canarias\/"},"modified":"1997-01-01T00:00:00","modified_gmt":"1997-01-01T00:00:00","slug":"estudio-epidemiologico-de-la-salud-bucodental-en-la-poblacion-escolar-de-canarias","status":"publish","type":"post","link":"https:\/\/www.deberes.net\/tesis\/ciencias-medicas\/estudio-epidemiologico-de-la-salud-bucodental-en-la-poblacion-escolar-de-canarias\/","title":{"rendered":"Estudio epidemiologico de la salud bucodental en la poblacion escolar de canarias."},"content":{"rendered":"<h2>Tesis doctoral de <strong> Gladys Gomez Santos <\/strong><\/h2>\n<p>Los objetivos de este estudio fueron determinar en canarias la preValencia e intensidad de la caries (indices caod\/caod) y su tratamiento y la preValencia de enfermedad peridontal y el indice cpitn a los 7 y 12 a\u00f1os, conocer la preValencia de fluorosis y el indice de thystrup y fejerskov a los 12 a\u00f1os, asi como tambien valorar a esta edad a traves de un cuestionario los conocimientos, actitudes y habitos relacionados con la salud oral. Para ello se examino una muestra de 1555 ni\u00f1os de 7 a\u00f1os y 1160 de 12 a\u00f1os, escolarizados en centros de egb, estratificada segun comarca, titularidad del colegio, habitat y sexo. Los datos se registraron en la ficha de salud oral simplificada de la oms modificada.  en canarias la preValencia de caries a los 12 a\u00f1os fue del 58,9% y el caod de 1,87. A los 7 a\u00f1os la preValencia en denticion temporal es del 46,2% y el caod de 1,46. La fluorosis afecto al 26,4% de los ni\u00f1os de 12 a\u00f1os del archipielago canario, en 4,86 dientes en promedio. A los 7 a\u00f1os la preValencia de periodontopatia fue del 44,3% y la media de sextantes afectos de 1,13, ascendiendo a los 12 a\u00f1os la preValencia al 59,7% con un promedio de 0,35 sextantes con calculo y 1,42 con sangrado.<\/p>\n<p>&nbsp;<\/p>\n<h3>Datos acad\u00e9micos de la tesis doctoral \u00ab<strong>Estudio epidemiologico de la salud bucodental en la poblacion escolar de canarias.<\/strong>\u00ab<\/h3>\n<ul>\n<li><strong>T\u00edtulo de la tesis:<\/strong>\u00a0 Estudio epidemiologico de la salud bucodental en la poblacion escolar de canarias. <\/li>\n<li><strong>Autor:<\/strong>\u00a0 Gladys Gomez Santos <\/li>\n<li><strong>Universidad:<\/strong>\u00a0 La laguna<\/li>\n<li><strong>Fecha de lectura de la tesis:<\/strong>\u00a0 01\/01\/1997<\/li>\n<\/ul>\n<p>&nbsp;<\/p>\n<h3>Direcci\u00f3n y tribunal<\/h3>\n<ul>\n<li><strong>Director de la tesis<\/strong>\n<ul>\n<li> Doreste Alonso Jorge  Luis<\/li>\n<\/ul>\n<\/li>\n<li><strong>Tribunal<\/strong>\n<ul>\n<li>Presidente del tribunal: Fernando Gonzalez Hermoso <\/li>\n<li>Emilio Cuenca Sala (vocal)<\/li>\n<li>Eduardo Domenech Martinez (vocal)<\/li>\n<li>LLuis Serra Majem (vocal)<\/li>\n<\/ul>\n<\/li>\n<\/ul>\n<p>&nbsp;<\/p>\n","protected":false},"excerpt":{"rendered":"<p>Tesis doctoral de Gladys Gomez Santos Los objetivos de este estudio fueron determinar en canarias la preValencia e intensidad de [&hellip;]<\/p>\n","protected":false},"author":1,"featured_media":0,"comment_status":"open","ping_status":"open","sticky":false,"template":"","format":"standard","meta":{"site-sidebar-layout":"default","site-content-layout":"","ast-site-content-layout":"","site-content-style":"default","site-sidebar-style":"default","ast-global-header-display":"","ast-banner-title-visibility":"","ast-main-header-display":"","ast-hfb-above-header-display":"","ast-hfb-below-header-display":"","ast-hfb-mobile-header-display":"","site-post-title":"","ast-breadcrumbs-content":"","ast-featured-img":"","footer-sml-layout":"","theme-transparent-header-meta":"","adv-header-id-meta":"","stick-header-meta":"","header-above-stick-meta":"","header-main-stick-meta":"","header-below-stick-meta":"","astra-migrate-meta-layouts":"default","ast-page-background-enabled":"default","ast-page-background-meta":{"desktop":{"background-color":"var(--ast-global-color-4)","background-image":"","background-repeat":"repeat","background-position":"center center","background-size":"auto","background-attachment":"scroll","background-type":"","background-media":"","overlay-type":"","overlay-color":"","overlay-gradient":""},"tablet":{"background-color":"","background-image":"","background-repeat":"repeat","background-position":"center center","background-size":"auto","background-attachment":"scroll","background-type":"","background-media":"","overlay-type":"","overlay-color":"","overlay-gradient":""},"mobile":{"background-color":"","background-image":"","background-repeat":"repeat","background-position":"center center","background-size":"auto","background-attachment":"scroll","background-type":"","background-media":"","overlay-type":"","overlay-color":"","overlay-gradient":""}},"ast-content-background-meta":{"desktop":{"background-color":"var(--ast-global-color-5)","background-image":"","background-repeat":"repeat","background-position":"center center","background-size":"auto","background-attachment":"scroll","background-type":"","background-media":"","overlay-type":"","overlay-color":"","overlay-gradient":""},"tablet":{"background-color":"var(--ast-global-color-5)","background-image":"","background-repeat":"repeat","background-position":"center center","background-size":"auto","background-attachment":"scroll","background-type":"","background-media":"","overlay-type":"","overlay-color":"","overlay-gradient":""},"mobile":{"background-color":"var(--ast-global-color-5)","background-image":"","background-repeat":"repeat","background-position":"center center","background-size":"auto","background-attachment":"scroll","background-type":"","background-media":"","overlay-type":"","overlay-color":"","overlay-gradient":""}},"footnotes":""},"categories":[9,141,1086,140,9915],"tags":[47810,9917,27376,10018,180744,10095],"class_list":["post-135386","post","type-post","status-publish","format-standard","hentry","category-ciencias-medicas","category-cirugia","category-epidemiologia","category-estomatologia-y-ortodoncia","category-la-laguna","tag-doreste-alonso-jorge-luis","tag-eduardo-domenech-Martinez","tag-emilio-cuenca-sala","tag-fernando-gonzalez-hermoso","tag-gladys-gomez-santos","tag-lluis-serra-majem"],"_links":{"self":[{"href":"https:\/\/www.deberes.net\/tesis\/wp-json\/wp\/v2\/posts\/135386","targetHints":{"allow":["GET"]}}],"collection":[{"href":"https:\/\/www.deberes.net\/tesis\/wp-json\/wp\/v2\/posts"}],"about":[{"href":"https:\/\/www.deberes.net\/tesis\/wp-json\/wp\/v2\/types\/post"}],"author":[{"embeddable":true,"href":"https:\/\/www.deberes.net\/tesis\/wp-json\/wp\/v2\/users\/1"}],"replies":[{"embeddable":true,"href":"https:\/\/www.deberes.net\/tesis\/wp-json\/wp\/v2\/comments?post=135386"}],"version-history":[{"count":0,"href":"https:\/\/www.deberes.net\/tesis\/wp-json\/wp\/v2\/posts\/135386\/revisions"}],"wp:attachment":[{"href":"https:\/\/www.deberes.net\/tesis\/wp-json\/wp\/v2\/media?parent=135386"}],"wp:term":[{"taxonomy":"category","embeddable":true,"href":"https:\/\/www.deberes.net\/tesis\/wp-json\/wp\/v2\/categories?post=135386"},{"taxonomy":"post_tag","embeddable":true,"href":"https:\/\/www.deberes.net\/tesis\/wp-json\/wp\/v2\/tags?post=135386"}],"curies":[{"name":"wp","href":"https:\/\/api.w.org\/{rel}","templated":true}]}}