{"id":13551,"date":"2018-03-09T08:59:52","date_gmt":"2018-03-09T08:59:52","guid":{"rendered":"https:\/\/www.deberes.net\/tesis\/sin-categoria\/estudio-nutricional-evolutivo-y-progresion-de-infeccion-por-viurs-de-inmunodeficiencia-humana-en-pacientes-vih-positivas-no-sida\/"},"modified":"2018-03-09T08:59:52","modified_gmt":"2018-03-09T08:59:52","slug":"estudio-nutricional-evolutivo-y-progresion-de-infeccion-por-viurs-de-inmunodeficiencia-humana-en-pacientes-vih-positivas-no-sida","status":"publish","type":"post","link":"https:\/\/www.deberes.net\/tesis\/ciencias-medicas\/estudio-nutricional-evolutivo-y-progresion-de-infeccion-por-viurs-de-inmunodeficiencia-humana-en-pacientes-vih-positivas-no-sida\/","title":{"rendered":"Estudio nutricional evolutivo y progresion de infeccion por viurs de inmunodeficiencia humana en pacientes vih-positivas no sida."},"content":{"rendered":"<h2>Tesis doctoral de <strong> Nicanor Garcia Jimenez <\/strong><\/h2>\n<p>Hemos realizado un estudio observacional prospectivo de un a\u00f1o de seguimiento en 33 pacientes, 11 mujeres y 22 hombres, con el objetivo de describir los h\u00e1bitos nutricionales de pacientes infectados por el virus de inmunodeficiencia humana(vih) sin sida de nuestro area de atenci\u00f3n hospitalaria, determinar el riesgo de inadecuaci\u00f3n de sus ingestas, realizar una valoraci\u00f3n nutricional evolutiva y analizar la relaci\u00f3n entre el estado nutricional y los h\u00e1bitos diet\u00e9ticos con la evoluci\u00f3n de la infecci\u00f3n.  se han medido par\u00e1metros antropom\u00e9tricos, bioqu\u00edmicos y estado inmunitario, se han estudiado los h\u00e1bitos alimentarios utilizando el m\u00e9todo de recuerdo de 24 horas. Se han comparado las ingestas de los pacientes con las recomendaciones para la poblaci\u00f3n espa\u00f1ola del mismo grupo de edad y sexo.  podemos concluir que los h\u00e1bitos alimenticios de los pacientes estudiados son similares al perfil medio de la poblaci\u00f3n general del pais vasco. Solo el 18% de las mujeres describieron riesgo de malnutrici\u00f3n energetica. En casi la mitad de nuestros pacientes se hall\u00f3 riesgo de ingesta inadecuada para las vitaminas c,e y d y para los minerales, calcio, magnesio y cinc, adem\u00e1s para el hierro en las mujeres. No se hall\u00f3 relaci\u00f3n directa entre el estado de nutrici\u00f3n y la evoluci\u00f3n de la infecci\u00f3n medida como disminuci\u00f3n del valor de linfocitos cd4.<\/p>\n<p>&nbsp;<\/p>\n<h3>Datos acad\u00e9micos de la tesis doctoral \u00ab<strong>Estudio nutricional evolutivo y progresion de infeccion por viurs de inmunodeficiencia humana en pacientes vih-positivas no sida.<\/strong>\u00ab<\/h3>\n<ul>\n<li><strong>T\u00edtulo de la tesis:<\/strong>\u00a0 Estudio nutricional evolutivo y progresion de infeccion por viurs de inmunodeficiencia humana en pacientes vih-positivas no sida. <\/li>\n<li><strong>Autor:<\/strong>\u00a0 Nicanor Garcia Jimenez <\/li>\n<li><strong>Universidad:<\/strong>\u00a0 Pa\u00eds vasco\/euskal herriko unibertsitatea<\/li>\n<li><strong>Fecha de lectura de la tesis:<\/strong>\u00a0 29\/10\/2001<\/li>\n<\/ul>\n<p>&nbsp;<\/p>\n<h3>Direcci\u00f3n y tribunal<\/h3>\n<ul>\n<li><strong>Director de la tesis<\/strong>\n<ul>\n<li>Felipe Miguel De La Villa<\/li>\n<\/ul>\n<\/li>\n<li><strong>Tribunal<\/strong>\n<ul>\n<li>Presidente del tribunal: Jaime Mendez martin <\/li>\n<li>Fernando Rodr\u00edguez artalejo (vocal)<\/li>\n<li>Francisco Jos\u00e9 Mataix verdu (vocal)<\/li>\n<li>Miguel Anderiz lopez (vocal)<\/li>\n<\/ul>\n<\/li>\n<\/ul>\n<p>&nbsp;<\/p>\n","protected":false},"excerpt":{"rendered":"<p>Tesis doctoral de Nicanor Garcia Jimenez Hemos realizado un estudio observacional prospectivo de un a\u00f1o de seguimiento en 33 pacientes, [&hellip;]<\/p>\n","protected":false},"author":1,"featured_media":0,"comment_status":"open","ping_status":"open","sticky":false,"template":"","format":"standard","meta":{"site-sidebar-layout":"default","site-content-layout":"","ast-site-content-layout":"","site-content-style":"default","site-sidebar-style":"default","ast-global-header-display":"","ast-banner-title-visibility":"","ast-main-header-display":"","ast-hfb-above-header-display":"","ast-hfb-below-header-display":"","ast-hfb-mobile-header-display":"","site-post-title":"","ast-breadcrumbs-content":"","ast-featured-img":"","footer-sml-layout":"","theme-transparent-header-meta":"","adv-header-id-meta":"","stick-header-meta":"","header-above-stick-meta":"","header-main-stick-meta":"","header-below-stick-meta":"","astra-migrate-meta-layouts":"default","ast-page-background-enabled":"default","ast-page-background-meta":{"desktop":{"background-color":"var(--ast-global-color-4)","background-image":"","background-repeat":"repeat","background-position":"center center","background-size":"auto","background-attachment":"scroll","background-type":"","background-media":"","overlay-type":"","overlay-color":"","overlay-gradient":""},"tablet":{"background-color":"","background-image":"","background-repeat":"repeat","background-position":"center center","background-size":"auto","background-attachment":"scroll","background-type":"","background-media":"","overlay-type":"","overlay-color":"","overlay-gradient":""},"mobile":{"background-color":"","background-image":"","background-repeat":"repeat","background-position":"center center","background-size":"auto","background-attachment":"scroll","background-type":"","background-media":"","overlay-type":"","overlay-color":"","overlay-gradient":""}},"ast-content-background-meta":{"desktop":{"background-color":"var(--ast-global-color-5)","background-image":"","background-repeat":"repeat","background-position":"center center","background-size":"auto","background-attachment":"scroll","background-type":"","background-media":"","overlay-type":"","overlay-color":"","overlay-gradient":""},"tablet":{"background-color":"var(--ast-global-color-5)","background-image":"","background-repeat":"repeat","background-position":"center center","background-size":"auto","background-attachment":"scroll","background-type":"","background-media":"","overlay-type":"","overlay-color":"","overlay-gradient":""},"mobile":{"background-color":"var(--ast-global-color-5)","background-image":"","background-repeat":"repeat","background-position":"center center","background-size":"auto","background-attachment":"scroll","background-type":"","background-media":"","overlay-type":"","overlay-color":"","overlay-gradient":""}},"footnotes":""},"categories":[467,9,1085,139,12909,156,2935],"tags":[1734,12656,12927,10122,28314,43968],"class_list":["post-13551","post","type-post","status-publish","format-standard","hentry","category-ciencias-de-la-nutricion","category-ciencias-medicas","category-enfermedades-infecciosas","category-medicina-interna","category-pais-vasco-euskal-herriko-unibertsitatea","category-patologia","category-sindrome-de-inmunodeficiencia-adquirida","tag-felipe-miguel-de-la-villa","tag-fernando-rodriguez-artalejo","tag-francisco-jose-mataix-verdu","tag-jaime-mendez-martin","tag-miguel-anderiz-lopez","tag-nicanor-garcia-jimenez"],"_links":{"self":[{"href":"https:\/\/www.deberes.net\/tesis\/wp-json\/wp\/v2\/posts\/13551","targetHints":{"allow":["GET"]}}],"collection":[{"href":"https:\/\/www.deberes.net\/tesis\/wp-json\/wp\/v2\/posts"}],"about":[{"href":"https:\/\/www.deberes.net\/tesis\/wp-json\/wp\/v2\/types\/post"}],"author":[{"embeddable":true,"href":"https:\/\/www.deberes.net\/tesis\/wp-json\/wp\/v2\/users\/1"}],"replies":[{"embeddable":true,"href":"https:\/\/www.deberes.net\/tesis\/wp-json\/wp\/v2\/comments?post=13551"}],"version-history":[{"count":0,"href":"https:\/\/www.deberes.net\/tesis\/wp-json\/wp\/v2\/posts\/13551\/revisions"}],"wp:attachment":[{"href":"https:\/\/www.deberes.net\/tesis\/wp-json\/wp\/v2\/media?parent=13551"}],"wp:term":[{"taxonomy":"category","embeddable":true,"href":"https:\/\/www.deberes.net\/tesis\/wp-json\/wp\/v2\/categories?post=13551"},{"taxonomy":"post_tag","embeddable":true,"href":"https:\/\/www.deberes.net\/tesis\/wp-json\/wp\/v2\/tags?post=13551"}],"curies":[{"name":"wp","href":"https:\/\/api.w.org\/{rel}","templated":true}]}}