{"id":135862,"date":"1997-01-01T00:00:00","date_gmt":"1997-01-01T00:00:00","guid":{"rendered":"https:\/\/www.deberes.net\/tesis\/sin-categoria\/la-problematica-de-la-trimestralizacion-de-series-anuales\/"},"modified":"1997-01-01T00:00:00","modified_gmt":"1997-01-01T00:00:00","slug":"la-problematica-de-la-trimestralizacion-de-series-anuales","status":"publish","type":"post","link":"https:\/\/www.deberes.net\/tesis\/ciencias-economicas\/la-problematica-de-la-trimestralizacion-de-series-anuales\/","title":{"rendered":"La problematica de la trimestralizacion de series anuales."},"content":{"rendered":"<h2>Tesis doctoral de <strong> Jos\u00e9 Manuel Pav\u00eda Miralles <\/strong><\/h2>\n<p>El presente trabajo estructurado en dos volumenes estudia el problema del aumento de la frecuencia de las observaciones. En el capitulo primero se presenta una extensa revision de los distintos metodos propuestos a lo largo del tiempo y se propone un procedimiento para la estimacion conjunta de un grupo de series de las cuales se conocen, ademas de los agregados temporales, otros agregados transversales. En el capitulo segundo se estudia, mediante simulacion, las caracteristicas de las estimaciones obtenidas cuando se emplea el metodo de estimacion de chow-lin en la forma en que es utilizado por el instituto nacional de estadistica. Por otra parte, en el tercer capitulo, que completa el primer volumen, se aplica el modelo de desagregacion temporal propuesto en el capitulo uno a datos reales. En concreto, se estiman las se\u00f1ales de ciclotendencia trimestrales, en terminos corrientes y en terminos reales base86, de valor a\u00f1adido bruto industrial de las comunidades autonomas espa\u00f1olas imponiendo como restricciones los valores de contabilidad trimestral de espa\u00f1a y las cifras anuales de contabilidad regional de espa\u00f1a. Por ultimo, el segundo volumen ofrece un anexo estadistico de los resultados numericos del primer volumen.<\/p>\n<p>&nbsp;<\/p>\n<h3>Datos acad\u00e9micos de la tesis doctoral \u00ab<strong>La problematica de la trimestralizacion de series anuales.<\/strong>\u00ab<\/h3>\n<ul>\n<li><strong>T\u00edtulo de la tesis:<\/strong>\u00a0 La problematica de la trimestralizacion de series anuales. <\/li>\n<li><strong>Autor:<\/strong>\u00a0 Jos\u00e9 Manuel Pav\u00eda Miralles <\/li>\n<li><strong>Universidad:<\/strong>\u00a0 Universitat de val\u00e9ncia (estudi general)<\/li>\n<li><strong>Fecha de lectura de la tesis:<\/strong>\u00a0 01\/01\/1997<\/li>\n<\/ul>\n<p>&nbsp;<\/p>\n<h3>Direcci\u00f3n y tribunal<\/h3>\n<ul>\n<li><strong>Director de la tesis<\/strong>\n<ul>\n<li>Roberto Escuder Valles<\/li>\n<\/ul>\n<\/li>\n<li><strong>Tribunal<\/strong>\n<ul>\n<li>Presidente del tribunal: Antonio Pulido San Rom\u00e1n <\/li>\n<li> Rojo Garcia Jos\u00e9 Luis (vocal)<\/li>\n<li>Santiago Murgui Izquierdo (vocal)<\/li>\n<li>Jes\u00fas Basulto Campos (vocal)<\/li>\n<\/ul>\n<\/li>\n<\/ul>\n<p>&nbsp;<\/p>\n","protected":false},"excerpt":{"rendered":"<p>Tesis doctoral de Jos\u00e9 Manuel Pav\u00eda Miralles El presente trabajo estructurado en dos volumenes estudia el problema del aumento de [&hellip;]<\/p>\n","protected":false},"author":1,"featured_media":0,"comment_status":"open","ping_status":"open","sticky":false,"template":"","format":"standard","meta":{"site-sidebar-layout":"default","site-content-layout":"","ast-site-content-layout":"","site-content-style":"default","site-sidebar-style":"default","ast-global-header-display":"","ast-banner-title-visibility":"","ast-main-header-display":"","ast-hfb-above-header-display":"","ast-hfb-below-header-display":"","ast-hfb-mobile-header-display":"","site-post-title":"","ast-breadcrumbs-content":"","ast-featured-img":"","footer-sml-layout":"","theme-transparent-header-meta":"","adv-header-id-meta":"","stick-header-meta":"","header-above-stick-meta":"","header-main-stick-meta":"","header-below-stick-meta":"","astra-migrate-meta-layouts":"default","ast-page-background-enabled":"default","ast-page-background-meta":{"desktop":{"background-color":"var(--ast-global-color-4)","background-image":"","background-repeat":"repeat","background-position":"center center","background-size":"auto","background-attachment":"scroll","background-type":"","background-media":"","overlay-type":"","overlay-color":"","overlay-gradient":""},"tablet":{"background-color":"","background-image":"","background-repeat":"repeat","background-position":"center center","background-size":"auto","background-attachment":"scroll","background-type":"","background-media":"","overlay-type":"","overlay-color":"","overlay-gradient":""},"mobile":{"background-color":"","background-image":"","background-repeat":"repeat","background-position":"center center","background-size":"auto","background-attachment":"scroll","background-type":"","background-media":"","overlay-type":"","overlay-color":"","overlay-gradient":""}},"ast-content-background-meta":{"desktop":{"background-color":"var(--ast-global-color-5)","background-image":"","background-repeat":"repeat","background-position":"center center","background-size":"auto","background-attachment":"scroll","background-type":"","background-media":"","overlay-type":"","overlay-color":"","overlay-gradient":""},"tablet":{"background-color":"var(--ast-global-color-5)","background-image":"","background-repeat":"repeat","background-position":"center center","background-size":"auto","background-attachment":"scroll","background-type":"","background-media":"","overlay-type":"","overlay-color":"","overlay-gradient":""},"mobile":{"background-color":"var(--ast-global-color-5)","background-image":"","background-repeat":"repeat","background-position":"center center","background-size":"auto","background-attachment":"scroll","background-type":"","background-media":"","overlay-type":"","overlay-color":"","overlay-gradient":""}},"footnotes":""},"categories":[82,974,1068,8771],"tags":[12418,250144,195528,1072,12865,51202],"class_list":["post-135862","post","type-post","status-publish","format-standard","hentry","category-ciencias-economicas","category-econometria","category-estadistica-economica","category-series-temporales-economicas","tag-antonio-pulido-san-roman","tag-jesus-basulto-campos","tag-jose-manuel-pavia-miralles","tag-roberto-escuder-valles","tag-rojo-garcia-jose-luis","tag-santiago-murgui-izquierdo"],"_links":{"self":[{"href":"https:\/\/www.deberes.net\/tesis\/wp-json\/wp\/v2\/posts\/135862","targetHints":{"allow":["GET"]}}],"collection":[{"href":"https:\/\/www.deberes.net\/tesis\/wp-json\/wp\/v2\/posts"}],"about":[{"href":"https:\/\/www.deberes.net\/tesis\/wp-json\/wp\/v2\/types\/post"}],"author":[{"embeddable":true,"href":"https:\/\/www.deberes.net\/tesis\/wp-json\/wp\/v2\/users\/1"}],"replies":[{"embeddable":true,"href":"https:\/\/www.deberes.net\/tesis\/wp-json\/wp\/v2\/comments?post=135862"}],"version-history":[{"count":0,"href":"https:\/\/www.deberes.net\/tesis\/wp-json\/wp\/v2\/posts\/135862\/revisions"}],"wp:attachment":[{"href":"https:\/\/www.deberes.net\/tesis\/wp-json\/wp\/v2\/media?parent=135862"}],"wp:term":[{"taxonomy":"category","embeddable":true,"href":"https:\/\/www.deberes.net\/tesis\/wp-json\/wp\/v2\/categories?post=135862"},{"taxonomy":"post_tag","embeddable":true,"href":"https:\/\/www.deberes.net\/tesis\/wp-json\/wp\/v2\/tags?post=135862"}],"curies":[{"name":"wp","href":"https:\/\/api.w.org\/{rel}","templated":true}]}}