{"id":136178,"date":"1997-01-01T00:00:00","date_gmt":"1997-01-01T00:00:00","guid":{"rendered":"https:\/\/www.deberes.net\/tesis\/sin-categoria\/un-estudio-predictivo-del-riesgo-de-maltrato-infantil-en-madres-adolescentes\/"},"modified":"1997-01-01T00:00:00","modified_gmt":"1997-01-01T00:00:00","slug":"un-estudio-predictivo-del-riesgo-de-maltrato-infantil-en-madres-adolescentes","status":"publish","type":"post","link":"https:\/\/www.deberes.net\/tesis\/psicologia\/un-estudio-predictivo-del-riesgo-de-maltrato-infantil-en-madres-adolescentes\/","title":{"rendered":"Un estudio predictivo del riesgo de maltrato infantil en madres adolescentes."},"content":{"rendered":"<h2>Tesis doctoral de <strong> Leticia Domenech Perez <\/strong><\/h2>\n<p>El maltrato infantil constituye un problema social de interes reciente en espa\u00f1a. El estudio de la relacion de la maternidad adolescente con el maltrato infantil ha suscitado controversia. Se presenta una investigacion cuyo objetivo es conocer si las madres adolescentes tiene un mayor riesgo de maltrato infantil y si existen algunas caracteristicas psicosociales que aumentan dicho riesgo de maltrato en las madres adolescentes. Asimismo se pretende conocer si las madres adolescentes presentan mas frecuentemente una serie de caracteristicas consideradas de riesgo para el maltrato. Para conocerla, se ha dise\u00f1ado un estudio longitudinal a traves de 6 evaluaciones (embarazo-18 meses del ni\u00f1o) y comparativo entre un grupo de madres adolescentes hasta los 20 a\u00f1os y un grupo de madres adultas de mas de 20 a\u00f1os. Se les ha comparado en las variables de: historia de maltrato en la infancia, sintomatolog\u00eda depresiva, apoyo social, potencial de maltrato fisico y percepcion de la conducta del ni\u00f1o. La muestra parte de 176 sujetos-59 adolescentes y 117 adultas embarazadas. En la ultima evaluacion participan 57 madres-24 adolescentes y 33 adultas. Los resultados indican que las madres adolescentes se distinguen de las madres adultas en un mayor potencial de maltrato fisico cuando el ni\u00f1o tiene 1-18 meses.<\/p>\n<p>&nbsp;<\/p>\n<h3>Datos acad\u00e9micos de la tesis doctoral \u00ab<strong>Un estudio predictivo del riesgo de maltrato infantil en madres adolescentes.<\/strong>\u00ab<\/h3>\n<ul>\n<li><strong>T\u00edtulo de la tesis:<\/strong>\u00a0 Un estudio predictivo del riesgo de maltrato infantil en madres adolescentes. <\/li>\n<li><strong>Autor:<\/strong>\u00a0 Leticia Domenech Perez <\/li>\n<li><strong>Universidad:<\/strong>\u00a0 Pa\u00eds vasco\/euskal herriko unibertsitatea<\/li>\n<li><strong>Fecha de lectura de la tesis:<\/strong>\u00a0 01\/01\/1997<\/li>\n<\/ul>\n<p>&nbsp;<\/p>\n<h3>Direcci\u00f3n y tribunal<\/h3>\n<ul>\n<li><strong>Director de la tesis<\/strong>\n<ul>\n<li>Joaquin De Paul Ochotorena<\/li>\n<\/ul>\n<\/li>\n<li><strong>Tribunal<\/strong>\n<ul>\n<li>Presidente del tribunal: Aquilino Polaino Lorente <\/li>\n<li>Sabino Ayestar\u00e1n Etxebarria (vocal)<\/li>\n<li>Jes\u00fas Palacios Gonz\u00e1lez (vocal)<\/li>\n<li>Ramon Alzate Saez De Heredia (vocal)<\/li>\n<\/ul>\n<\/li>\n<\/ul>\n<p>&nbsp;<\/p>\n","protected":false},"excerpt":{"rendered":"<p>Tesis doctoral de Leticia Domenech Perez El maltrato infantil constituye un problema social de interes reciente en espa\u00f1a. El estudio [&hellip;]<\/p>\n","protected":false},"author":1,"featured_media":0,"comment_status":"open","ping_status":"open","sticky":false,"template":"","format":"standard","meta":{"site-sidebar-layout":"default","site-content-layout":"","ast-site-content-layout":"","site-content-style":"default","site-sidebar-style":"default","ast-global-header-display":"","ast-banner-title-visibility":"","ast-main-header-display":"","ast-hfb-above-header-display":"","ast-hfb-below-header-display":"","ast-hfb-mobile-header-display":"","site-post-title":"","ast-breadcrumbs-content":"","ast-featured-img":"","footer-sml-layout":"","theme-transparent-header-meta":"","adv-header-id-meta":"","stick-header-meta":"","header-above-stick-meta":"","header-main-stick-meta":"","header-below-stick-meta":"","astra-migrate-meta-layouts":"default","ast-page-background-enabled":"default","ast-page-background-meta":{"desktop":{"background-color":"var(--ast-global-color-4)","background-image":"","background-repeat":"repeat","background-position":"center center","background-size":"auto","background-attachment":"scroll","background-type":"","background-media":"","overlay-type":"","overlay-color":"","overlay-gradient":""},"tablet":{"background-color":"","background-image":"","background-repeat":"repeat","background-position":"center center","background-size":"auto","background-attachment":"scroll","background-type":"","background-media":"","overlay-type":"","overlay-color":"","overlay-gradient":""},"mobile":{"background-color":"","background-image":"","background-repeat":"repeat","background-position":"center center","background-size":"auto","background-attachment":"scroll","background-type":"","background-media":"","overlay-type":"","overlay-color":"","overlay-gradient":""}},"ast-content-background-meta":{"desktop":{"background-color":"var(--ast-global-color-5)","background-image":"","background-repeat":"repeat","background-position":"center center","background-size":"auto","background-attachment":"scroll","background-type":"","background-media":"","overlay-type":"","overlay-color":"","overlay-gradient":""},"tablet":{"background-color":"var(--ast-global-color-5)","background-image":"","background-repeat":"repeat","background-position":"center center","background-size":"auto","background-attachment":"scroll","background-type":"","background-media":"","overlay-type":"","overlay-color":"","overlay-gradient":""},"mobile":{"background-color":"var(--ast-global-color-5)","background-image":"","background-repeat":"repeat","background-position":"center center","background-size":"auto","background-attachment":"scroll","background-type":"","background-media":"","overlay-type":"","overlay-color":"","overlay-gradient":""}},"footnotes":""},"categories":[12909,324,5329,961,996,325],"tags":[13522,11065,45199,250541,13291,26788],"class_list":["post-136178","post","type-post","status-publish","format-standard","hentry","category-pais-vasco-euskal-herriko-unibertsitatea","category-psicologia","category-psicologia-de-comunidades","category-psicologia-de-la-anormalidad","category-psicologia-social","category-psicopatologia","tag-aquilino-polaino-lorente","tag-jesus-palacios-gonzalez","tag-joaquin-de-paul-ochotorena","tag-leticia-domenech-perez","tag-ramon-alzate-saez-de-heredia","tag-sabino-ayestaran-etxebarria"],"_links":{"self":[{"href":"https:\/\/www.deberes.net\/tesis\/wp-json\/wp\/v2\/posts\/136178","targetHints":{"allow":["GET"]}}],"collection":[{"href":"https:\/\/www.deberes.net\/tesis\/wp-json\/wp\/v2\/posts"}],"about":[{"href":"https:\/\/www.deberes.net\/tesis\/wp-json\/wp\/v2\/types\/post"}],"author":[{"embeddable":true,"href":"https:\/\/www.deberes.net\/tesis\/wp-json\/wp\/v2\/users\/1"}],"replies":[{"embeddable":true,"href":"https:\/\/www.deberes.net\/tesis\/wp-json\/wp\/v2\/comments?post=136178"}],"version-history":[{"count":0,"href":"https:\/\/www.deberes.net\/tesis\/wp-json\/wp\/v2\/posts\/136178\/revisions"}],"wp:attachment":[{"href":"https:\/\/www.deberes.net\/tesis\/wp-json\/wp\/v2\/media?parent=136178"}],"wp:term":[{"taxonomy":"category","embeddable":true,"href":"https:\/\/www.deberes.net\/tesis\/wp-json\/wp\/v2\/categories?post=136178"},{"taxonomy":"post_tag","embeddable":true,"href":"https:\/\/www.deberes.net\/tesis\/wp-json\/wp\/v2\/tags?post=136178"}],"curies":[{"name":"wp","href":"https:\/\/api.w.org\/{rel}","templated":true}]}}