{"id":136487,"date":"2026-01-12T16:57:51","date_gmt":"2026-01-12T16:57:51","guid":{"rendered":"https:\/\/www.deberes.net\/tesis\/sin-categoria\/estudio-antropometrico-de-la-comunidad-valenciana-comarca-de-los-valles-del-vinalopo\/"},"modified":"2026-01-12T16:57:51","modified_gmt":"2026-01-12T16:57:51","slug":"estudio-antropometrico-de-la-comunidad-valenciana-comarca-de-los-valles-del-vinalopo","status":"publish","type":"post","link":"https:\/\/www.deberes.net\/tesis\/ciencias-de-la-vida\/estudio-antropometrico-de-la-comunidad-valenciana-comarca-de-los-valles-del-vinalopo\/","title":{"rendered":"Estudio antropometrico de la comunidad Valenciana. comarca de los valles del vinalopo."},"content":{"rendered":"<h2>Tesis doctoral de <strong> Inmaculada Soler Beneyto <\/strong><\/h2>\n<p>Se estudian 25 parametros antropometricos, 12 somatometricos y 13 cefalometricos. La relacion entre estos parametros nos lleva a la obtencion de los indices somaticos y cefalicos correspondientes se utiliza los programas stat-work y graph para las representaciones de los resultados. Se obtienen los parametros antropometricos de la muestra (990 escolares), los parametros y los indices correspondientes tanto somaticos como cefalicos, aportando datos estadisticos actualizados de crecimiento, representando graficamento cada uno de los parametros e indices estudiados, con relacion al periodo de edad de 4 a 14 a\u00f1os, destacando en ellas el error standard, comparando los modelos de crecimiento de los ni\u00f1os y adolescentes de esta comarca, con otras comunidades espa\u00f1olas.<\/p>\n<p>&nbsp;<\/p>\n<h3>Datos acad\u00e9micos de la tesis doctoral \u00ab<strong>Estudio antropometrico de la comunidad Valenciana. comarca de los valles del vinalopo.<\/strong>\u00ab<\/h3>\n<ul>\n<li><strong>T\u00edtulo de la tesis:<\/strong>\u00a0 Estudio antropometrico de la comunidad Valenciana. comarca de los valles del vinalopo. <\/li>\n<li><strong>Autor:<\/strong>\u00a0 Inmaculada Soler Beneyto <\/li>\n<li><strong>Universidad:<\/strong>\u00a0 Universitat de val\u00e9ncia (estudi general)<\/li>\n<li><strong>Fecha de lectura de la tesis:<\/strong>\u00a0 01\/01\/1991<\/li>\n<\/ul>\n<p>&nbsp;<\/p>\n<h3>Direcci\u00f3n y tribunal<\/h3>\n<ul>\n<li><strong>Director de la tesis<\/strong>\n<ul>\n<li>Victor Smith Agreda<\/li>\n<\/ul>\n<\/li>\n<li><strong>Tribunal<\/strong>\n<ul>\n<li>Presidente del tribunal: Elvira Ferres Torres <\/li>\n<li>Jos\u00e9 Luis Nieto Amada (vocal)<\/li>\n<li> Smith Agreda Jos\u00e9 Mar\u00eda (vocal)<\/li>\n<li>Diego Dualde Perez (vocal)<\/li>\n<\/ul>\n<\/li>\n<\/ul>\n<p>&nbsp;<\/p>\n","protected":false},"excerpt":{"rendered":"<p>Tesis doctoral de Inmaculada Soler Beneyto Se estudian 25 parametros antropometricos, 12 somatometricos y 13 cefalometricos. La relacion entre estos [&hellip;]<\/p>\n","protected":false},"author":1,"featured_media":0,"comment_status":"open","ping_status":"open","sticky":false,"template":"","format":"standard","meta":{"site-sidebar-layout":"default","site-content-layout":"","ast-site-content-layout":"","site-content-style":"default","site-sidebar-style":"default","ast-global-header-display":"","ast-banner-title-visibility":"","ast-main-header-display":"","ast-hfb-above-header-display":"","ast-hfb-below-header-display":"","ast-hfb-mobile-header-display":"","site-post-title":"","ast-breadcrumbs-content":"","ast-featured-img":"","footer-sml-layout":"","theme-transparent-header-meta":"","adv-header-id-meta":"","stick-header-meta":"","header-above-stick-meta":"","header-main-stick-meta":"","header-below-stick-meta":"","astra-migrate-meta-layouts":"default","ast-page-background-enabled":"default","ast-page-background-meta":{"desktop":{"background-color":"var(--ast-global-color-4)","background-image":"","background-repeat":"repeat","background-position":"center center","background-size":"auto","background-attachment":"scroll","background-type":"","background-media":"","overlay-type":"","overlay-color":"","overlay-gradient":""},"tablet":{"background-color":"","background-image":"","background-repeat":"repeat","background-position":"center center","background-size":"auto","background-attachment":"scroll","background-type":"","background-media":"","overlay-type":"","overlay-color":"","overlay-gradient":""},"mobile":{"background-color":"","background-image":"","background-repeat":"repeat","background-position":"center center","background-size":"auto","background-attachment":"scroll","background-type":"","background-media":"","overlay-type":"","overlay-color":"","overlay-gradient":""}},"ast-content-background-meta":{"desktop":{"background-color":"var(--ast-global-color-5)","background-image":"","background-repeat":"repeat","background-position":"center center","background-size":"auto","background-attachment":"scroll","background-type":"","background-media":"","overlay-type":"","overlay-color":"","overlay-gradient":""},"tablet":{"background-color":"var(--ast-global-color-5)","background-image":"","background-repeat":"repeat","background-position":"center center","background-size":"auto","background-attachment":"scroll","background-type":"","background-media":"","overlay-type":"","overlay-color":"","overlay-gradient":""},"mobile":{"background-color":"var(--ast-global-color-5)","background-image":"","background-repeat":"repeat","background-position":"center center","background-size":"auto","background-attachment":"scroll","background-type":"","background-media":"","overlay-type":"","overlay-color":"","overlay-gradient":""}},"footnotes":""},"categories":[922,11825,35,36765],"tags":[5216,7915,250910,28461,7913,8033],"class_list":["post-136487","post","type-post","status-publish","format-standard","hentry","category-antropologia-fisica","category-antropometria-y-antropologia-forense","category-ciencias-de-la-vida","category-constitucion-del-cuerpo","tag-diego-dualde-perez","tag-elvira-ferres-torres","tag-inmaculada-soler-beneyto","tag-jose-luis-nieto-amada","tag-smith-agreda-jose-maria","tag-victor-smith-agreda"],"_links":{"self":[{"href":"https:\/\/www.deberes.net\/tesis\/wp-json\/wp\/v2\/posts\/136487","targetHints":{"allow":["GET"]}}],"collection":[{"href":"https:\/\/www.deberes.net\/tesis\/wp-json\/wp\/v2\/posts"}],"about":[{"href":"https:\/\/www.deberes.net\/tesis\/wp-json\/wp\/v2\/types\/post"}],"author":[{"embeddable":true,"href":"https:\/\/www.deberes.net\/tesis\/wp-json\/wp\/v2\/users\/1"}],"replies":[{"embeddable":true,"href":"https:\/\/www.deberes.net\/tesis\/wp-json\/wp\/v2\/comments?post=136487"}],"version-history":[{"count":0,"href":"https:\/\/www.deberes.net\/tesis\/wp-json\/wp\/v2\/posts\/136487\/revisions"}],"wp:attachment":[{"href":"https:\/\/www.deberes.net\/tesis\/wp-json\/wp\/v2\/media?parent=136487"}],"wp:term":[{"taxonomy":"category","embeddable":true,"href":"https:\/\/www.deberes.net\/tesis\/wp-json\/wp\/v2\/categories?post=136487"},{"taxonomy":"post_tag","embeddable":true,"href":"https:\/\/www.deberes.net\/tesis\/wp-json\/wp\/v2\/tags?post=136487"}],"curies":[{"name":"wp","href":"https:\/\/api.w.org\/{rel}","templated":true}]}}