{"id":136501,"date":"2026-01-12T16:57:53","date_gmt":"2026-01-12T16:57:53","guid":{"rendered":"https:\/\/www.deberes.net\/tesis\/sin-categoria\/aportaciones-al-estudio-antropometrico-infantil-de-la-comunidad-valenciana-en-la-comarca-de-la-costera\/"},"modified":"2026-01-12T16:57:53","modified_gmt":"2026-01-12T16:57:53","slug":"aportaciones-al-estudio-antropometrico-infantil-de-la-comunidad-valenciana-en-la-comarca-de-la-costera","status":"publish","type":"post","link":"https:\/\/www.deberes.net\/tesis\/ciencias-de-la-vida\/aportaciones-al-estudio-antropometrico-infantil-de-la-comunidad-valenciana-en-la-comarca-de-la-costera\/","title":{"rendered":"Aportaciones al estudio antropometrico infantil de la comunidad Valenciana en la comarca de la costera."},"content":{"rendered":"<h2>Tesis doctoral de <strong>  Valls Cominches Jos\u00e9 Vicente <\/strong><\/h2>\n<p>Estudio transversal sobre el crecimiento de los ni\u00f1os de 4 a 14 a\u00f1os de la comarca de la costera. La poblacion estudiada es de 1039 ni\u00f1os de ambos sexos, habiendose evaluado 24 parametros y 21 indices tanto somatometricos como cefalometricos. Se se\u00f1alan las diferencias intersexuales, resaltando las edades en que estas se hacen estadisticamente significativas. Se analizan las diferencias entre los modelos de crecimiento de los ni\u00f1os residentes en poblaciones eminentemente agricolas e industriales, y se comparan los resultados obtenidos con los de otros trabajos nacionales e internacionales. Los resultados obtenidos se\u00f1alan unos valores entre los percentiles 50 y 75 de las tablas nacionales e internacionales, y en general una igualdad en los parametros somatometricos entre ambos sexos hasta los 11 a\u00f1os, a los 12 el estiron puberal femenino, y 1 o 2 a\u00f1os despues el masculino. En la cefalometria hay una superioridad practicamente total de los valores del varon sobre la mujer. No se encuentran diferencias entre los ni\u00f1os residentes en poblaciones agricolas e industriales.<\/p>\n<p>&nbsp;<\/p>\n<h3>Datos acad\u00e9micos de la tesis doctoral \u00ab<strong>Aportaciones al estudio antropometrico infantil de la comunidad Valenciana en la comarca de la costera.<\/strong>\u00ab<\/h3>\n<ul>\n<li><strong>T\u00edtulo de la tesis:<\/strong>\u00a0 Aportaciones al estudio antropometrico infantil de la comunidad Valenciana en la comarca de la costera. <\/li>\n<li><strong>Autor:<\/strong>\u00a0  Valls Cominches Jos\u00e9 Vicente <\/li>\n<li><strong>Universidad:<\/strong>\u00a0 Universitat de val\u00e9ncia (estudi general)<\/li>\n<li><strong>Fecha de lectura de la tesis:<\/strong>\u00a0 01\/01\/1991<\/li>\n<\/ul>\n<p>&nbsp;<\/p>\n<h3>Direcci\u00f3n y tribunal<\/h3>\n<ul>\n<li><strong>Director de la tesis<\/strong>\n<ul>\n<li>Victor Smith Agreda<\/li>\n<\/ul>\n<\/li>\n<li><strong>Tribunal<\/strong>\n<ul>\n<li>Presidente del tribunal: Elvira Ferres Torres <\/li>\n<li>Ana Torres Del Puerto (vocal)<\/li>\n<li>Rene Sarrat Torreguitart (vocal)<\/li>\n<li>Alfonso Gonzalez-cruz Cervellera (vocal)<\/li>\n<\/ul>\n<\/li>\n<\/ul>\n<p>&nbsp;<\/p>\n","protected":false},"excerpt":{"rendered":"<p>Tesis doctoral de Valls Cominches Jos\u00e9 Vicente Estudio transversal sobre el crecimiento de los ni\u00f1os de 4 a 14 a\u00f1os [&hellip;]<\/p>\n","protected":false},"author":1,"featured_media":0,"comment_status":"open","ping_status":"open","sticky":false,"template":"","format":"standard","meta":{"site-sidebar-layout":"default","site-content-layout":"","ast-site-content-layout":"","site-content-style":"default","site-sidebar-style":"default","ast-global-header-display":"","ast-banner-title-visibility":"","ast-main-header-display":"","ast-hfb-above-header-display":"","ast-hfb-below-header-display":"","ast-hfb-mobile-header-display":"","site-post-title":"","ast-breadcrumbs-content":"","ast-featured-img":"","footer-sml-layout":"","theme-transparent-header-meta":"","adv-header-id-meta":"","stick-header-meta":"","header-above-stick-meta":"","header-main-stick-meta":"","header-below-stick-meta":"","astra-migrate-meta-layouts":"default","ast-page-background-enabled":"default","ast-page-background-meta":{"desktop":{"background-color":"var(--ast-global-color-4)","background-image":"","background-repeat":"repeat","background-position":"center center","background-size":"auto","background-attachment":"scroll","background-type":"","background-media":"","overlay-type":"","overlay-color":"","overlay-gradient":""},"tablet":{"background-color":"","background-image":"","background-repeat":"repeat","background-position":"center center","background-size":"auto","background-attachment":"scroll","background-type":"","background-media":"","overlay-type":"","overlay-color":"","overlay-gradient":""},"mobile":{"background-color":"","background-image":"","background-repeat":"repeat","background-position":"center center","background-size":"auto","background-attachment":"scroll","background-type":"","background-media":"","overlay-type":"","overlay-color":"","overlay-gradient":""}},"ast-content-background-meta":{"desktop":{"background-color":"var(--ast-global-color-5)","background-image":"","background-repeat":"repeat","background-position":"center center","background-size":"auto","background-attachment":"scroll","background-type":"","background-media":"","overlay-type":"","overlay-color":"","overlay-gradient":""},"tablet":{"background-color":"var(--ast-global-color-5)","background-image":"","background-repeat":"repeat","background-position":"center center","background-size":"auto","background-attachment":"scroll","background-type":"","background-media":"","overlay-type":"","overlay-color":"","overlay-gradient":""},"mobile":{"background-color":"var(--ast-global-color-5)","background-image":"","background-repeat":"repeat","background-position":"center center","background-size":"auto","background-attachment":"scroll","background-type":"","background-media":"","overlay-type":"","overlay-color":"","overlay-gradient":""}},"footnotes":""},"categories":[922,5863,35],"tags":[250930,4017,7915,8203,250929,8033],"class_list":["post-136501","post","type-post","status-publish","format-standard","hentry","category-antropologia-fisica","category-antropologia-medica","category-ciencias-de-la-vida","tag-alfonso-gonzalez-cruz-cervellera","tag-ana-torres-del-puerto","tag-elvira-ferres-torres","tag-rene-sarrat-torreguitart","tag-valls-cominches-jose-vicente","tag-victor-smith-agreda"],"_links":{"self":[{"href":"https:\/\/www.deberes.net\/tesis\/wp-json\/wp\/v2\/posts\/136501","targetHints":{"allow":["GET"]}}],"collection":[{"href":"https:\/\/www.deberes.net\/tesis\/wp-json\/wp\/v2\/posts"}],"about":[{"href":"https:\/\/www.deberes.net\/tesis\/wp-json\/wp\/v2\/types\/post"}],"author":[{"embeddable":true,"href":"https:\/\/www.deberes.net\/tesis\/wp-json\/wp\/v2\/users\/1"}],"replies":[{"embeddable":true,"href":"https:\/\/www.deberes.net\/tesis\/wp-json\/wp\/v2\/comments?post=136501"}],"version-history":[{"count":0,"href":"https:\/\/www.deberes.net\/tesis\/wp-json\/wp\/v2\/posts\/136501\/revisions"}],"wp:attachment":[{"href":"https:\/\/www.deberes.net\/tesis\/wp-json\/wp\/v2\/media?parent=136501"}],"wp:term":[{"taxonomy":"category","embeddable":true,"href":"https:\/\/www.deberes.net\/tesis\/wp-json\/wp\/v2\/categories?post=136501"},{"taxonomy":"post_tag","embeddable":true,"href":"https:\/\/www.deberes.net\/tesis\/wp-json\/wp\/v2\/tags?post=136501"}],"curies":[{"name":"wp","href":"https:\/\/api.w.org\/{rel}","templated":true}]}}