{"id":136518,"date":"2026-01-12T16:58:01","date_gmt":"2026-01-12T16:58:01","guid":{"rendered":"https:\/\/www.deberes.net\/tesis\/sin-categoria\/arquitectura-gotica-religiosa-en-valladolid-y-su-provincia-ss-xiii-xvi\/"},"modified":"2026-01-12T16:58:01","modified_gmt":"2026-01-12T16:58:01","slug":"arquitectura-gotica-religiosa-en-valladolid-y-su-provincia-ss-xiii-xvi","status":"publish","type":"post","link":"https:\/\/www.deberes.net\/tesis\/historia\/arquitectura-gotica-religiosa-en-valladolid-y-su-provincia-ss-xiii-xvi\/","title":{"rendered":"Arquitectura gotica religiosa en valladolid y su provincia (ss. xiii-xvi)."},"content":{"rendered":"<h2>Tesis doctoral de <strong> Javier Castan Lanaspa <\/strong><\/h2>\n<p>Se estudia en el periodo especificado la arquitectura eclesiastica. Se parte de una catalogacion exhaustiva de todos los edificios correspondientes a la estetica goticista (mas de cien), con aportes documentales y graficos, estableciendo cronolog\u00edas y etapas constructivas.  a partir de el se vertebra toda la tesis, que se compone de un primer capitulo de caracter historico en el que se reconstruye el ambiente en que esta arquitectura se desenvolvio, asi como los condicionantes sociales, economicos y humanos que en ella intervinieron, con especial referencia al mecenazgo. Se aborda en un segundo capitulo el estudio de los artistas y maestros de obras, asi como su cualificacion profesional y sistema de trabajo. En un tercer capitulo se especifican los caracteres de la arquitectura gotica vallisoletana, con sus tipolog\u00edas, materiales, elementos estructurales y decorativos, lo que permite establecer a continuacion su evolucion estilistica y la influencia de los grandes focos artisticos contemporaneos. Tras el catalogo ya descrito, se suceden un breve capitulo de recapitulacion, apendices (documental y de arquitectos), asi como fuentes y bibliografia. Fuera de texto, un apendice fotografico con mas de 600 ilustraciones.<\/p>\n<p>&nbsp;<\/p>\n<h3>Datos acad\u00e9micos de la tesis doctoral \u00ab<strong>Arquitectura gotica religiosa en valladolid y su provincia (ss. xiii-xvi).<\/strong>\u00ab<\/h3>\n<ul>\n<li><strong>T\u00edtulo de la tesis:<\/strong>\u00a0 Arquitectura gotica religiosa en valladolid y su provincia (ss. xiii-xvi). <\/li>\n<li><strong>Autor:<\/strong>\u00a0 Javier Castan Lanaspa <\/li>\n<li><strong>Universidad:<\/strong>\u00a0 Valladolid<\/li>\n<li><strong>Fecha de lectura de la tesis:<\/strong>\u00a0 01\/01\/1991<\/li>\n<\/ul>\n<p>&nbsp;<\/p>\n<h3>Direcci\u00f3n y tribunal<\/h3>\n<ul>\n<li><strong>Director de la tesis<\/strong>\n<ul>\n<li> Martin Gonzalez Juan  Jose<\/li>\n<\/ul>\n<\/li>\n<li><strong>Tribunal<\/strong>\n<ul>\n<li>Presidente del tribunal:  Plaza Santiago Fco. Javier <\/li>\n<li>Julio Valde\u00f3n Baruque (vocal)<\/li>\n<li>Jes\u00fas Mar\u00eda Caama\u00f1o Martinez (vocal)<\/li>\n<li>Enrique Valdivieso Gonzalez (vocal)<\/li>\n<\/ul>\n<\/li>\n<\/ul>\n<p>&nbsp;<\/p>\n","protected":false},"excerpt":{"rendered":"<p>Tesis doctoral de Javier Castan Lanaspa Se estudia en el periodo especificado la arquitectura eclesiastica. Se parte de una catalogacion [&hellip;]<\/p>\n","protected":false},"author":1,"featured_media":0,"comment_status":"open","ping_status":"open","sticky":false,"template":"","format":"standard","meta":{"site-sidebar-layout":"default","site-content-layout":"","ast-site-content-layout":"","site-content-style":"default","site-sidebar-style":"default","ast-global-header-display":"","ast-banner-title-visibility":"","ast-main-header-display":"","ast-hfb-above-header-display":"","ast-hfb-below-header-display":"","ast-hfb-mobile-header-display":"","site-post-title":"","ast-breadcrumbs-content":"","ast-featured-img":"","footer-sml-layout":"","theme-transparent-header-meta":"","adv-header-id-meta":"","stick-header-meta":"","header-above-stick-meta":"","header-main-stick-meta":"","header-below-stick-meta":"","astra-migrate-meta-layouts":"default","ast-page-background-enabled":"default","ast-page-background-meta":{"desktop":{"background-color":"var(--ast-global-color-4)","background-image":"","background-repeat":"repeat","background-position":"center center","background-size":"auto","background-attachment":"scroll","background-type":"","background-media":"","overlay-type":"","overlay-color":"","overlay-gradient":""},"tablet":{"background-color":"","background-image":"","background-repeat":"repeat","background-position":"center center","background-size":"auto","background-attachment":"scroll","background-type":"","background-media":"","overlay-type":"","overlay-color":"","overlay-gradient":""},"mobile":{"background-color":"","background-image":"","background-repeat":"repeat","background-position":"center center","background-size":"auto","background-attachment":"scroll","background-type":"","background-media":"","overlay-type":"","overlay-color":"","overlay-gradient":""}},"ast-content-background-meta":{"desktop":{"background-color":"var(--ast-global-color-5)","background-image":"","background-repeat":"repeat","background-position":"center center","background-size":"auto","background-attachment":"scroll","background-type":"","background-media":"","overlay-type":"","overlay-color":"","overlay-gradient":""},"tablet":{"background-color":"var(--ast-global-color-5)","background-image":"","background-repeat":"repeat","background-position":"center center","background-size":"auto","background-attachment":"scroll","background-type":"","background-media":"","overlay-type":"","overlay-color":"","overlay-gradient":""},"mobile":{"background-color":"var(--ast-global-color-5)","background-image":"","background-repeat":"repeat","background-position":"center center","background-size":"auto","background-attachment":"scroll","background-type":"","background-media":"","overlay-type":"","overlay-color":"","overlay-gradient":""}},"footnotes":""},"categories":[104,1745,1014,222,12451],"tags":[11110,250950,2984,12714,12567,12494],"class_list":["post-136518","post","type-post","status-publish","format-standard","hentry","category-historia","category-historia-de-la-arquitectura","category-historia-del-arte","category-historias-especializadas","category-valladolid","tag-enrique-valdivieso-gonzalez","tag-javier-castan-lanaspa","tag-jesus-maria-caamano-Martinez","tag-julio-valdeon-baruque","tag-martin-gonzalez-juan-jose","tag-plaza-santiago-fco-javier"],"_links":{"self":[{"href":"https:\/\/www.deberes.net\/tesis\/wp-json\/wp\/v2\/posts\/136518","targetHints":{"allow":["GET"]}}],"collection":[{"href":"https:\/\/www.deberes.net\/tesis\/wp-json\/wp\/v2\/posts"}],"about":[{"href":"https:\/\/www.deberes.net\/tesis\/wp-json\/wp\/v2\/types\/post"}],"author":[{"embeddable":true,"href":"https:\/\/www.deberes.net\/tesis\/wp-json\/wp\/v2\/users\/1"}],"replies":[{"embeddable":true,"href":"https:\/\/www.deberes.net\/tesis\/wp-json\/wp\/v2\/comments?post=136518"}],"version-history":[{"count":0,"href":"https:\/\/www.deberes.net\/tesis\/wp-json\/wp\/v2\/posts\/136518\/revisions"}],"wp:attachment":[{"href":"https:\/\/www.deberes.net\/tesis\/wp-json\/wp\/v2\/media?parent=136518"}],"wp:term":[{"taxonomy":"category","embeddable":true,"href":"https:\/\/www.deberes.net\/tesis\/wp-json\/wp\/v2\/categories?post=136518"},{"taxonomy":"post_tag","embeddable":true,"href":"https:\/\/www.deberes.net\/tesis\/wp-json\/wp\/v2\/tags?post=136518"}],"curies":[{"name":"wp","href":"https:\/\/api.w.org\/{rel}","templated":true}]}}